{"id":50645,"date":"2022-05-23T12:56:53","date_gmt":"2022-05-23T18:56:53","guid":{"rendered":"https:\/\/redsemlac.com\/semmexico\/?p=50645"},"modified":"2023-07-21T19:05:20","modified_gmt":"2023-07-22T00:05:20","slug":"condena-inmujeres-asesinato-de-la-activista-monica-monzon","status":"publish","type":"post","link":"https:\/\/redsemlac.com\/semmexico\/condena-inmujeres-asesinato-de-la-activista-monica-monzon\/","title":{"rendered":"Condena Inmujeres asesinato de la activista M\u00f3nica Monz\u00f3n"},"content":{"rendered":"\n<ul class=\"wp-block-list\"><li><strong>El feminicidio de la defensora de derechos humanos ocurri\u00f3 en Puebla<\/strong><\/li><\/ul>\n\n\n\n<ul class=\"wp-block-list\"><li><strong>Llaman a las autoridades a garantizar las investigaciones desde una perspectiva de g\u00e9nero<\/strong><\/li><\/ul>\n\n\n\n<p class=\"wp-block-paragraph\"><strong>Redacci\u00f3n<\/strong><\/p>\n\n\n\n<p class=\"wp-block-paragraph\">SemM\u00e9xico, Cd. de M\u00e9xico, 23 de mayo 2022.- El Instituto Nacional de las Mujeres (Inmujeres) conden\u00f3 el asesinato de la abogada y activista feminista Cecilia Monz\u00f3n, ocurrido en San Pedro Cholula, Puebla, este fin de semana.<\/p>\n\n\n\n<p class=\"wp-block-paragraph\">Cecilia Monz\u00f3n P\u00e9rez fue un referente en esa emtodad, para que las mujeres tuvieran acceso a la justicia. Dedic\u00f3 su vida a defender casos de mujeres en situaciones de violencia o abuso y tambi\u00e9n tuvo una destacada actividad pol\u00edtica.<\/p>\n\n\n\n<p class=\"wp-block-paragraph\">En un comunicado, Inmujeres hizo un llamado a las autoridades de la entidad para que garanticen que las investigaciones sean conducidas con perspectiva de g\u00e9nero y para que ejecuten todas las medidas de prevenci\u00f3n necesarias para proteger la vida, integridad, libertad y seguridad de las activistas defensoras de derechos humanos que residen en dicha entidad.<\/p>\n\n\n\n<p class=\"wp-block-paragraph\">Tambi\u00e9n exhortaron a los medios de comunicaci\u00f3n a apegarse a los lineamientos para cubrir y difundir los hechos sin revictimizar a la activista, a su hijo y dem\u00e1s personas que pudieran verse afectadas. Para ello, recomendamos consultar la publicaci\u00f3n&nbsp;<em>Un manual urgente para la cobertura de violencia contra las mujeres y feminicidios en M\u00e9xico<\/em>&nbsp;(2021), que se encuentra disponible de manera gratuita en el Centro de Documentaci\u00f3n del Inmujeres:<\/p>\n\n\n\n<p class=\"wp-block-paragraph\"><a href=\"http:\/\/cedoc.inmujeres.gob.mx\/documentos_download\/manual%20periodistas-spotlight_101352.pdf\" target=\"_blank\" rel=\"noreferrer noopener\">http:\/\/cedoc.inmujeres.gob.mx\/documentos_download\/manual%20periodistas-spotlight_101352.pdf<\/a><\/p>\n\n\n\n<p class=\"wp-block-paragraph\">El Inmujeres reitera su disposici\u00f3n para colaborar con el Gobierno de Puebla, para prevenir todas las formas de violencia contra las mujeres, con el fin de defender y proteger el acceso a la justicia de las mujeres defensoras, a fin de combatir la impunidad y la corrupci\u00f3n como lo mandata el Gobierno del Presidente Andr\u00e9s Manuel L\u00f3pez Obrador.<\/p>\n\n\n\n<p class=\"wp-block-paragraph\">La coordinaci\u00f3n interinstitucional para garantizar una vida libre de violencias a las ni\u00f1as y mujeres es una tarea prioritaria, por lo que desde el Gobierno de M\u00e9xico y desde el Inmujeres estaremos acompa\u00f1ando a las autoridades locales en temas de prevenci\u00f3n de las violencias.<\/p>\n\n\n\n<p class=\"wp-block-paragraph\">SEM\/sj&nbsp;<\/p>\n","protected":false},"excerpt":{"rendered":"<p>Llaman a las autoridades a garantizar las investigaciones desde una perspectiva de g\u00e9nero<\/p>\n","protected":false},"author":3,"featured_media":50646,"comment_status":"open","ping_status":"open","sticky":false,"template":"","format":"standard","meta":{"_monsterinsights_skip_tracking":false,"footnotes":""},"categories":[693,51],"tags":[],"class_list":["post-50645","post","type-post","status-publish","format-standard","has-post-thumbnail","category-693","category-ejecutivo"],"_links":{"self":[{"href":"https:\/\/redsemlac.com\/semmexico\/wp-json\/wp\/v2\/posts\/50645","targetHints":{"allow":["GET"]}}],"collection":[{"href":"https:\/\/redsemlac.com\/semmexico\/wp-json\/wp\/v2\/posts"}],"about":[{"href":"https:\/\/redsemlac.com\/semmexico\/wp-json\/wp\/v2\/types\/post"}],"author":[{"embeddable":true,"href":"https:\/\/redsemlac.com\/semmexico\/wp-json\/wp\/v2\/users\/3"}],"replies":[{"embeddable":true,"href":"https:\/\/redsemlac.com\/semmexico\/wp-json\/wp\/v2\/comments?post=50645"}],"version-history":[{"count":0,"href":"https:\/\/redsemlac.com\/semmexico\/wp-json\/wp\/v2\/posts\/50645\/revisions"}],"wp:featuredmedia":[{"embeddable":true,"href":"https:\/\/redsemlac.com\/semmexico\/wp-json\/wp\/v2\/media\/50646"}],"wp:attachment":[{"href":"https:\/\/redsemlac.com\/semmexico\/wp-json\/wp\/v2\/media?parent=50645"}],"wp:term":[{"taxonomy":"category","embeddable":true,"href":"https:\/\/redsemlac.com\/semmexico\/wp-json\/wp\/v2\/categories?post=50645"},{"taxonomy":"post_tag","embeddable":true,"href":"https:\/\/redsemlac.com\/semmexico\/wp-json\/wp\/v2\/tags?post=50645"}],"curies":[{"name":"wp","href":"https:\/\/api.w.org\/{rel}","templated":true}]}}