{"id":50639,"date":"2022-05-23T12:51:27","date_gmt":"2022-05-23T18:51:27","guid":{"rendered":"https:\/\/redsemlac.com\/semmexico\/?p=50639"},"modified":"2023-07-21T19:05:20","modified_gmt":"2023-07-22T00:05:20","slug":"rechaza-501-chiapas-la-propuesta-de-reforma-en-materia-de-alienacion-parental","status":"publish","type":"post","link":"https:\/\/redsemlac.com\/semmexico\/rechaza-501-chiapas-la-propuesta-de-reforma-en-materia-de-alienacion-parental\/","title":{"rendered":"Rechaza 50+1 Chiapas la propuesta de reforma en materia de \u201calienaci\u00f3n parental\u201d"},"content":{"rendered":"\n<ul class=\"wp-block-list\"><li><strong>Exigen al Congreso local detener la iniciativa por lacerar la dignidad de las chiapanecas<\/strong><\/li><\/ul>\n\n\n\n<ul class=\"wp-block-list\"><li><strong> \u00a0\u00c9sta se correlaciona con la violencia de g\u00e9nero afectando a ni\u00f1as, ni\u00f1os y adolescentes <\/strong><\/li><\/ul>\n\n\n\n<p class=\"wp-block-paragraph\"><strong>Gabriela Couti\u00f1o<\/strong><strong><\/strong><\/p>\n\n\n\n<p class=\"wp-block-paragraph\">SemM\u00e9xico, Tuxtla Guti\u00e9rrez, Chis. 22 mayo 2022.- La Colectiva 50 mas 1 Chiapas, alert\u00f3 sobre la \u201cintentona\u201d del Congreso del estado de reformar el art\u00edculo 406 del c\u00f3digo civil para el estado, para incorporar la alienaci\u00f3n parental a nuestras leyes, lo que \u201cse correlaciona fuertemente con la violencia de g\u00e9nero porque la mayor\u00eda de denuncias por violencias contra ni\u00f1as, ni\u00f1os y adolescentes es interpuesta por mujeres\u201d, denunciaron en un comunicado.<\/p>\n\n\n\n<p class=\"wp-block-paragraph\">La Colectiva que conforman mujeres abogadas, magistradas, pol\u00edticas, docentes, psic\u00f3logas, periodistas, activistas feministas, entre otras, en un pronunciamiento exigen a las diputadas y diputados, y a la presidenta de la mesa directiva, Mar\u00eda de los \u00c1ngeles Trejo Huerta, detener la reforma que lacera la dignidad de las mujeres chiapanecas y que obstaculizan la lucha por la igualdad.<\/p>\n\n\n\n<p class=\"wp-block-paragraph\">\u201cExigimos la no aprobaci\u00f3n de la iniciativa que pretende reformar y adicionar tres p\u00e1rrafos del art\u00edculo 406 del C\u00f3digo Civil del Estado de Chiapas, con la finalidad de incorporar la alienaci\u00f3n parental, cuya exposici\u00f3n de motivos, pone en evidencia la elaboraci\u00f3n de un argumento tergiversado y fuera de todo marco legal\u201d.<\/p>\n\n\n\n<p class=\"wp-block-paragraph\">La colectiva 50+1 Chiapas que tiene como uno de sus objetivos el cumplimiento eficaz de la garant\u00eda legal y material del derecho de la mujer a vivir libre de toda forma de violencia, en todos los niveles de la vida p\u00fablica y privada, se\u00f1ala que su exigencia, \u201ctiene fundamento legal, constitucional y convencional, en virtud que la alienaci\u00f3n parental, al no tener un sustento cient\u00edfico no es reconocido como un S\u00edndrome por la Organizaci\u00f3n Mundial de la Salud (OMS).<\/p>\n\n\n\n<p class=\"wp-block-paragraph\">\u201cDe ah\u00ed el criterio establecido en la tesis n\u00famero 2015415 emitida por los Tribunales de circuito del Poder Judicial de la Federaci\u00f3n, es que el \u201cS\u00edndrome de Alienaci\u00f3n Parental\u201d aun cuando sea citado por algunos autores, al no tener un respaldo cient\u00edfico y no estar reconocido por la OMS, no es un concepto id\u00f3neo que pueda usarse para tomar decisiones en materia de justicia\u201d.<\/p>\n\n\n\n<p class=\"wp-block-paragraph\">Lo que s\u00ed existe, expone, \u201ces la manipulaci\u00f3n parental y produce efectos negativos en la psique del ni\u00f1o o la ni\u00f1a, en estos casos la autoridad jurisdiccional puede ordenar la ampliaci\u00f3n de los<strong> <\/strong>estudios periciales que determinen las verdaderas causas de ello\u201d.&nbsp;<\/p>\n\n\n\n<p class=\"wp-block-paragraph\">La Colectiva refiere que el 1 de agosto del a\u00f1o 2017, el pleno de la asamblea legislativa de la ciudad de M\u00e9xico, derog\u00f3 el art\u00edculo 323 septimus de su c\u00f3digo civil, para eliminar el t\u00e9rmino S\u00edndrome de Alienaci\u00f3n Parental; acci\u00f3n con la que se garantiza el inter\u00e9s superior de ni\u00f1as ni\u00f1os y adolescentes, y el acceso de las mujeres a una vida libre de violencia toda vez que la alienaci\u00f3n se correlaciona fuertemente con la violencia de g\u00e9nero porque la mayor\u00eda de denuncias por violencias contra ni\u00f1as, ni\u00f1os y adolescentes es interpuesta por mujeres.<\/p>\n\n\n\n<p class=\"wp-block-paragraph\">Destaca que en la misma sinergia, la Comisi\u00f3n Permanente del Senado de la Rep\u00fablica, emiti\u00f3 un exhorto para revisar dicha figura a la luz del inter\u00e9s superior de la ni\u00f1ez y pidi\u00f3 a la Suprema Corte de Justicia de la Naci\u00f3n para resolver la acci\u00f3n de inconstitucionalidad promovida por la CNDH, sobre dicha figura; el 24 de octubre de ese mismo a\u00f1o la Corte resuelve y la sentencia respectiva emiti\u00f3 procedente la acci\u00f3n de inconstitucionalidad, la cual fue publicada en el Diario Oficial de la Federaci\u00f3n de fecha 16 de mayo de 2018.<\/p>\n\n\n\n<p class=\"wp-block-paragraph\">La alienaci\u00f3n parental consiste en las conductas que lleva a cabo el padre o la madre que tiene la custodia de un hijo o hija, e injustificadamente impide las visitas y convivencias con el otro progenitor, causando en el ni\u00f1o o ni\u00f1a un proceso de transformaci\u00f3n de conciencia, que puede ir desde el miedo y el rechazo.<\/p>\n\n\n\n<p class=\"wp-block-paragraph\">SEM\/gc\/sj<\/p>\n","protected":false},"excerpt":{"rendered":"<p> \u00a0\u00c9sta se correlaciona con la violencia de g\u00e9nero afectando a ni\u00f1as, ni\u00f1os y adolescentes <\/p>\n","protected":false},"author":3,"featured_media":50640,"comment_status":"open","ping_status":"open","sticky":false,"template":"","format":"standard","meta":{"_monsterinsights_skip_tracking":false,"footnotes":""},"categories":[693,54],"tags":[],"class_list":["post-50639","post","type-post","status-publish","format-standard","has-post-thumbnail","category-693","category-mujeres"],"_links":{"self":[{"href":"https:\/\/redsemlac.com\/semmexico\/wp-json\/wp\/v2\/posts\/50639","targetHints":{"allow":["GET"]}}],"collection":[{"href":"https:\/\/redsemlac.com\/semmexico\/wp-json\/wp\/v2\/posts"}],"about":[{"href":"https:\/\/redsemlac.com\/semmexico\/wp-json\/wp\/v2\/types\/post"}],"author":[{"embeddable":true,"href":"https:\/\/redsemlac.com\/semmexico\/wp-json\/wp\/v2\/users\/3"}],"replies":[{"embeddable":true,"href":"https:\/\/redsemlac.com\/semmexico\/wp-json\/wp\/v2\/comments?post=50639"}],"version-history":[{"count":0,"href":"https:\/\/redsemlac.com\/semmexico\/wp-json\/wp\/v2\/posts\/50639\/revisions"}],"wp:featuredmedia":[{"embeddable":true,"href":"https:\/\/redsemlac.com\/semmexico\/wp-json\/wp\/v2\/media\/50640"}],"wp:attachment":[{"href":"https:\/\/redsemlac.com\/semmexico\/wp-json\/wp\/v2\/media?parent=50639"}],"wp:term":[{"taxonomy":"category","embeddable":true,"href":"https:\/\/redsemlac.com\/semmexico\/wp-json\/wp\/v2\/categories?post=50639"},{"taxonomy":"post_tag","embeddable":true,"href":"https:\/\/redsemlac.com\/semmexico\/wp-json\/wp\/v2\/tags?post=50639"}],"curies":[{"name":"wp","href":"https:\/\/api.w.org\/{rel}","templated":true}]}}