{"id":50631,"date":"2022-05-23T12:49:42","date_gmt":"2022-05-23T18:49:42","guid":{"rendered":"https:\/\/redsemlac.com\/semmexico\/?p=50631"},"modified":"2023-07-21T19:05:20","modified_gmt":"2023-07-22T00:05:20","slug":"juanita-salio-en-2014-de-guatemala-rumbo-al-sueno-americano-y-hallo-una-pesadilla-en-mexico-hoy-vuelve-a-casa","status":"publish","type":"post","link":"https:\/\/redsemlac.com\/semmexico\/juanita-salio-en-2014-de-guatemala-rumbo-al-sueno-americano-y-hallo-una-pesadilla-en-mexico-hoy-vuelve-a-casa\/","title":{"rendered":"Juanita sali\u00f3 en 2014 de Guatemala rumbo al sue\u00f1o americano y hall\u00f3 una pesadilla en M\u00e9xico; hoy vuelve a casa"},"content":{"rendered":"\n<ul class=\"wp-block-list\"><li><strong>Juana Alonso Santizo fue acusada de pertenecer a una banda de secuestradores de migrantes y tras 8 a\u00f1os de un proceso penal lleno de violaciones, seg\u00fan organizaciones, ahora vuelve a su pa\u00eds<\/strong><\/li><\/ul>\n\n\n\n<p class=\"wp-block-paragraph\"><strong>Fredy Mart\u00edn P\u00e9rez.&nbsp;<\/strong><\/p>\n\n\n\n<p class=\"wp-block-paragraph\">SemM\u00e9xico. Guatemala. 23 de mayo 2022.- Ocho a\u00f1os y seis meses permaneci\u00f3 en prisi\u00f3n Juana Alonso Santizo, ind\u00edgena chuj, acusada de pertenecer a una banda de secuestradores de migrantes, que operaba en la frontera norte, pero este domingo volvi\u00f3 a su pa\u00eds que dej\u00f3 cuando ten\u00eda 27 a\u00f1os de edad, con el prop\u00f3sito de buscar trabajo en los Estados Unidos.&nbsp;<\/p>\n\n\n\n<p class=\"wp-block-paragraph\">Originaria del municipio de San Mateo Ixtat\u00e1n, en el departamento de Huehuetenango, Juanita, como es conocida, sali\u00f3 de su hogar a finales de octubre del 2014, cansada de falta de oportunidades en su comunidad, que habitada por ind\u00edgenas de la etnia chuj, que desde los finales de los a\u00f1os 70 y principios de los 80 del siglo pasado, emprendieron el \u00e9xodo a los Estados Unidos.&nbsp;<\/p>\n\n\n\n<p class=\"wp-block-paragraph\">Eso guatemaltecos que salieron rumbo a los Estados Unidos, eran \u201cguiados\u201d por los kanjobales de la comunidad vecina de San Pedro Soloma, que temerosos se acercaban hasta el parque nacional Lagos de Montebello, en el municipio de La Trinitaria, desde donde los migrantes por su propia cuenta, se aventuraban a seguir hacia Comit\u00e1n y de ah\u00ed a San Crist\u00f3bal de las Casas, Tuxtla y la frontera norte.&nbsp;<\/p>\n\n\n\n<p class=\"wp-block-paragraph\">Poco a poco perdieron el miedo y a\u00f1os despu\u00e9s, los coyotes de San Pedro Soloma, cobraron fama, por lo que las familias de guatemaltecos que quer\u00edan llegar a los Estados Unidos, empezaron a pagar a los \u201cgu\u00edas\u201d para llegar a la frontera note, cuenta una autoridad local de Nent\u00f3n, que pide no ser identificado porque es conocido de los hijos y nietos de los primeros coyotes kanjobales.&nbsp;<\/p>\n\n\n\n<figure class=\"wp-block-image size-large\"><a href=\"https:\/\/redsemlac.com\/semmexico\/wp-content\/uploads\/2022\/05\/WhatsApp-Image-2022-05-23-at-1.31.16-PM-1.jpeg\"><img decoding=\"async\" src=\"https:\/\/redsemlac.com\/semmexico\/wp-content\/uploads\/2022\/05\/WhatsApp-Image-2022-05-23-at-1.31.16-PM-1-1024x682.jpeg\" alt=\"\" class=\"wp-image-50632\"\/><\/a><\/figure>\n\n\n\n<p class=\"wp-block-paragraph\">Juanita ten\u00eda 27 a\u00f1os de edad, cuando le dijo a su padre que quer\u00eda ir a los Estados Unidos para trabajar y mandar dinero a su comunidad como lo han hecho los migrantes de San Mateo Ixtat\u00e1n y de miles de comunidades guatemaltecas.&nbsp;<\/p>\n\n\n\n<p class=\"wp-block-paragraph\">Pero al llegar a Reynosa, Tamaulipas, Juanita y otros migrantes de Honduras, fueron secuestrados en una casa, hasta donde lleg\u00f3 la Polic\u00eda Estatal para rescatarlos, pero una mujer de origen hondure\u00f1o acus\u00f3 a la guatemalteca de \u201cser parte de la banda\u201d criminal.&nbsp;&nbsp;<\/p>\n\n\n\n<p class=\"wp-block-paragraph\">Los familiares de la guatemalteca han dicho que Alonso Santizo dej\u00f3 su hogar en agosto del 2014, pero durante el trayecto entre su comunidad a Reynosa, no tuvo comunicaci\u00f3n con los otros migrantes del grupo, porque no hablaba espa\u00f1ol. Cuando lleg\u00f3 a la frontera norte, el coyote le dijo a la joven que \u201cestaba cerca de entrar\u201d a los Estados Unidos, explicaron.&nbsp;<\/p>\n\n\n\n<figure class=\"wp-block-image size-large\"><a href=\"https:\/\/redsemlac.com\/semmexico\/wp-content\/uploads\/2022\/05\/WhatsApp-Image-2022-05-23-at-1.31.16-PM-2.jpeg\"><img decoding=\"async\" src=\"https:\/\/redsemlac.com\/semmexico\/wp-content\/uploads\/2022\/05\/WhatsApp-Image-2022-05-23-at-1.31.16-PM-2-1024x682.jpeg\" alt=\"\" class=\"wp-image-50633\"\/><\/a><\/figure>\n\n\n\n<p class=\"wp-block-paragraph\">As\u00ed pag\u00f3 500 quetzales, unos mil 500 pesos, pero se pospuso el cruce de la frontera, porque en esos d\u00edas ten\u00eda gripa, \u201cestaba en sus d\u00edas\u201d y se sent\u00eda mal de salud, hasta que fue secuestrada con dos hondure\u00f1as, una mujer adulta y su hija.&nbsp;<\/p>\n\n\n\n<p class=\"wp-block-paragraph\">Desde que fue detenida la guatemalteca, permaneci\u00f3 en prisi\u00f3n sin oportunidad de tener un traductor en su lengua originaria, para enfrentar al proceso que se le sigui\u00f3 por el delito de secuestro.<\/p>\n\n\n\n<p class=\"wp-block-paragraph\">La hondure\u00f1a que acus\u00f3 a la guatemalteca no se supo m\u00e1s de ella, porque a lo largo de los m\u00e1s de ocho a\u00f1os y seis meses, nunca m\u00e1s se le cit\u00f3 para ratificar la denuncia.&nbsp;<\/p>\n\n\n\n<p class=\"wp-block-paragraph\">Organismos de derechos humanos y defensores del migrante, denunciaron en su oportunidad que hubo violaciones al debido proceso, porque a Juana no tuvo un traductor que la asistiera durante las audiencias, pero tampoco estuvieron presentes funcionarios consulares de Monterrey.&nbsp;&nbsp;<\/p>\n\n\n\n<p class=\"wp-block-paragraph\">Incluso el abogado de Juana solicit\u00f3 al consulado de Guatemala en Tijuana, que se le asistiera en las audiencias con un traductor del idioma chuj, pero no se consigui\u00f3.&nbsp;<\/p>\n\n\n\n<p class=\"wp-block-paragraph\">Seg\u00fan la averiguaci\u00f3n previa 102\/2014, la casa de seguridad de los polleros, se ubicaba en la calle Circuito Laguna de Barril, en la colonia Villa Diamante 108, en Reynosa, pero al momento que lleg\u00f3 la Polic\u00eda, la mujer de origen hondure\u00f1o acus\u00f3 a la guatemalteca de ser parte de la banda de secuestradores.&nbsp;&nbsp;<\/p>\n\n\n\n<p class=\"wp-block-paragraph\">Desde el a\u00f1o pasado, grupos de defensores de derechos humanos pidieron que se revisara el expediente de Juanita.&nbsp;<\/p>\n\n\n\n<p class=\"wp-block-paragraph\">La oficina de la ONU para Derechos Humanos en M\u00e9xico, visit\u00f3 a Juana en la prisi\u00f3n y denunci\u00f3 las \u201cp\u00e9simas condiciones\u201d en que se encontraba en el penal.&nbsp;<\/p>\n\n\n\n<figure class=\"wp-block-image size-large\"><a href=\"https:\/\/redsemlac.com\/semmexico\/wp-content\/uploads\/2022\/05\/WhatsApp-Image-2022-05-23-at-1.31.17-PM.jpeg\"><img decoding=\"async\" src=\"https:\/\/redsemlac.com\/semmexico\/wp-content\/uploads\/2022\/05\/WhatsApp-Image-2022-05-23-at-1.31.17-PM-1024x682.jpeg\" alt=\"\" class=\"wp-image-50637\"\/><\/a><\/figure>\n\n\n\n<p class=\"wp-block-paragraph\">Pidi\u00f3 al consulado general de Guatemala en M\u00e9xico, que Alonso Santizo fuera asistida por un int\u00e9rprete en la legua chuj y recibiera la protecci\u00f3n consular.&nbsp;&nbsp;<\/p>\n\n\n\n<p class=\"wp-block-paragraph\">Adem\u00e1s, los representantes de la ONU acompa\u00f1aron a un t\u00edo de Juana a \u201cdenunciar los actos de tortura de que fue v\u00edctima a la oficina de la Procuradur\u00eda General de Justicia en Reynosa y Comisi\u00f3n Nacional de los Derechos Humanos\u201d.&nbsp;<\/p>\n\n\n\n<p class=\"wp-block-paragraph\">La embajada de Guatemala en M\u00e9xico consigui\u00f3 que la Fiscal\u00eda General de Tamaulipas, \u201caceptara revisar el caso con altas posibilidades de logar su desistimiento\u201d del acto que se asienta en el expediente 148\/2016, que residi\u00f3 en el Juzgado Primero de lo Com\u00fan.&nbsp;<\/p>\n\n\n\n<p class=\"wp-block-paragraph\">&nbsp;\u201cLa canciller\u00eda de Guatemala conf\u00eda plenamente en que el caso se logre resolver de manera efectiva y obtener al corto plazo la libertad de Juana Alonso Santizo\u201d, consider\u00f3 la dependencia en un comunicado en enero pasado.<\/p>\n\n\n\n<p class=\"wp-block-paragraph\">El pasado 8 de marzo, D\u00eda Internacional de la Mujer, familiares de la mujer se manifestaron en la ciudad de Huehuetenango, para pedir su liberaci\u00f3n, pero en la visita del presidente Andr\u00e9s Manuel L\u00f3pez Obrador, a Guatemala, el pasado 5 de mayo, conoci\u00f3 el caso de Juanita y su liberaci\u00f3n era cuesti\u00f3n de d\u00edas. Hoy la mujer volvi\u00f3 a su pa\u00eds.<\/p>\n","protected":false},"excerpt":{"rendered":"<p>Juana Alonso Santizo fue acusada de pertenecer a una banda de secuestradores de migrantes y tras 8 a\u00f1os de un proceso penal lleno de violaciones, seg\u00fan organizaciones, ahora vuelve a su pa\u00eds<\/p>\n","protected":false},"author":3,"featured_media":50634,"comment_status":"open","ping_status":"open","sticky":false,"template":"","format":"standard","meta":{"_monsterinsights_skip_tracking":false,"footnotes":""},"categories":[693,54],"tags":[],"class_list":["post-50631","post","type-post","status-publish","format-standard","has-post-thumbnail","category-693","category-mujeres"],"_links":{"self":[{"href":"https:\/\/redsemlac.com\/semmexico\/wp-json\/wp\/v2\/posts\/50631","targetHints":{"allow":["GET"]}}],"collection":[{"href":"https:\/\/redsemlac.com\/semmexico\/wp-json\/wp\/v2\/posts"}],"about":[{"href":"https:\/\/redsemlac.com\/semmexico\/wp-json\/wp\/v2\/types\/post"}],"author":[{"embeddable":true,"href":"https:\/\/redsemlac.com\/semmexico\/wp-json\/wp\/v2\/users\/3"}],"replies":[{"embeddable":true,"href":"https:\/\/redsemlac.com\/semmexico\/wp-json\/wp\/v2\/comments?post=50631"}],"version-history":[{"count":0,"href":"https:\/\/redsemlac.com\/semmexico\/wp-json\/wp\/v2\/posts\/50631\/revisions"}],"wp:featuredmedia":[{"embeddable":true,"href":"https:\/\/redsemlac.com\/semmexico\/wp-json\/wp\/v2\/media\/50634"}],"wp:attachment":[{"href":"https:\/\/redsemlac.com\/semmexico\/wp-json\/wp\/v2\/media?parent=50631"}],"wp:term":[{"taxonomy":"category","embeddable":true,"href":"https:\/\/redsemlac.com\/semmexico\/wp-json\/wp\/v2\/categories?post=50631"},{"taxonomy":"post_tag","embeddable":true,"href":"https:\/\/redsemlac.com\/semmexico\/wp-json\/wp\/v2\/tags?post=50631"}],"curies":[{"name":"wp","href":"https:\/\/api.w.org\/{rel}","templated":true}]}}