{"id":5063,"date":"2018-10-07T20:14:43","date_gmt":"2018-10-07T20:14:43","guid":{"rendered":"https:\/\/redsemlac.com\/semmexico\/?p=5063"},"modified":"2023-07-21T14:33:49","modified_gmt":"2023-07-21T19:33:49","slug":"se-pone-enfasis-en-establecer-claramente-las-competencias-de-cada-uno-de-los-organismos-involucrados-en-su-tratamiento","status":"publish","type":"post","link":"https:\/\/redsemlac.com\/semmexico\/se-pone-enfasis-en-establecer-claramente-las-competencias-de-cada-uno-de-los-organismos-involucrados-en-su-tratamiento\/","title":{"rendered":"Se pone \u00e9nfasis en establecer claramente las competencias de cada uno de los organismos involucrados en su tratamiento."},"content":{"rendered":"\n<p class=\"wp-block-paragraph\"><a href=\"https:\/\/www.semmexico.com\/gallery-post.php?id=6050#\">Elda Montiel<\/a><\/p>\n\n\n\n<p class=\"wp-block-paragraph\">SemM\u00e9xico. Cd. de M\u00e9xico. 7 de octubre de 2018.- Tipificar la violencia pol\u00edtica por raz\u00f3n de g\u00e9nero,&nbsp;que enfrentan las mujeres en el \u00e1mbito pol\u00edtico y p\u00fablico, principalmente en periodos electorales, es el&nbsp;objetivo de la iniciativa&nbsp;con proyecto de decreto&nbsp;presentada por la diputada Guadalupe Almaguer&nbsp;Pardo&nbsp;como integrante del Grupo Parlamentario del PRD ante la C\u00e1mara de Diputados,&nbsp;en el Primer periodo Ordinario de Sesiones del Primer A\u00f1o&nbsp;de la LXIV Legislatura.<\/p>\n\n\n\n<p class=\"wp-block-paragraph\">Precis\u00f3 que la&nbsp;violencia pol\u00edtica por raz\u00f3n de g\u00e9nero, es la acci\u00f3n u omisi\u00f3n que en el \u00e1mbito pol\u00edtico o p\u00fablico tiene por objeto limitar, anular o menoscabar el ejercicio efectivo de los derechos pol\u00edtico-electorales de las mujeres.&nbsp;<\/p>\n\n\n\n<p class=\"wp-block-paragraph\">Se busca que la sanci\u00f3n por violencia pol\u00edtica sea efectiva cuando se agrede a las mujeres siendo candidatas o cuando est\u00e1n ejerciendo las&nbsp;atribuciones inherentes a su cargo, a su funci\u00f3n p\u00fablica,&nbsp;y&nbsp;que se les presiona de diversas formas&nbsp;con hostigamiento, acoso, discriminaci\u00f3n, amenazas y hasta con la privaci\u00f3n de la libertad y hasta de la vida.&nbsp;<\/p>\n\n\n\n<p class=\"wp-block-paragraph\">Con esta iniciativa, dijo,&nbsp;proponemos establecer mecanismos de justicia que protejan de inmediato a las mujeres, que se sancione a los agresores, que se repare el da\u00f1o y se evite la repetici\u00f3n de este tipo de conductas.<\/p>\n\n\n\n<p class=\"wp-block-paragraph\">En el proyecto de decreto que reforma y adiciona diversas disposiciones de la Ley General de Acceso de las Mujeres a una Vida Libre de Violencia y de la Ley General en materia de Delitos, se pone \u00e9nfasis en&nbsp;establecer claramente las competencias de cada uno de los organismos involucrados en su tratamiento, priorizar las medidas de prevenci\u00f3n, se\u00f1alar mandatos apropiados para los partidos pol\u00edticos e incorporar las sanciones correspondientes.&nbsp;<\/p>\n","protected":false},"excerpt":{"rendered":"<p>Elda Montiel SemM\u00e9xico. Cd. de M\u00e9xico. 7 de octubre de 2018.- Tipificar la violencia pol\u00edtica por raz\u00f3n de g\u00e9nero,&nbsp;que enfrentan las mujeres en el \u00e1mbito pol\u00edtico y p\u00fablico, principalmente en periodos electorales, es el&nbsp;objetivo de la iniciativa&nbsp;con proyecto de decreto&nbsp;presentada por la diputada Guadalupe Almaguer&nbsp;Pardo&nbsp;como integrante del Grupo Parlamentario del PRD ante la C\u00e1mara de [&hellip;]<\/p>\n","protected":false},"author":3,"featured_media":5064,"comment_status":"open","ping_status":"open","sticky":false,"template":"","format":"standard","meta":{"_monsterinsights_skip_tracking":false,"footnotes":""},"categories":[689,50],"tags":[],"class_list":["post-5063","post","type-post","status-publish","format-standard","has-post-thumbnail","category-689","category-congreso"],"_links":{"self":[{"href":"https:\/\/redsemlac.com\/semmexico\/wp-json\/wp\/v2\/posts\/5063","targetHints":{"allow":["GET"]}}],"collection":[{"href":"https:\/\/redsemlac.com\/semmexico\/wp-json\/wp\/v2\/posts"}],"about":[{"href":"https:\/\/redsemlac.com\/semmexico\/wp-json\/wp\/v2\/types\/post"}],"author":[{"embeddable":true,"href":"https:\/\/redsemlac.com\/semmexico\/wp-json\/wp\/v2\/users\/3"}],"replies":[{"embeddable":true,"href":"https:\/\/redsemlac.com\/semmexico\/wp-json\/wp\/v2\/comments?post=5063"}],"version-history":[{"count":0,"href":"https:\/\/redsemlac.com\/semmexico\/wp-json\/wp\/v2\/posts\/5063\/revisions"}],"wp:featuredmedia":[{"embeddable":true,"href":"https:\/\/redsemlac.com\/semmexico\/wp-json\/wp\/v2\/media\/5064"}],"wp:attachment":[{"href":"https:\/\/redsemlac.com\/semmexico\/wp-json\/wp\/v2\/media?parent=5063"}],"wp:term":[{"taxonomy":"category","embeddable":true,"href":"https:\/\/redsemlac.com\/semmexico\/wp-json\/wp\/v2\/categories?post=5063"},{"taxonomy":"post_tag","embeddable":true,"href":"https:\/\/redsemlac.com\/semmexico\/wp-json\/wp\/v2\/tags?post=5063"}],"curies":[{"name":"wp","href":"https:\/\/api.w.org\/{rel}","templated":true}]}}