{"id":50623,"date":"2022-05-23T10:40:06","date_gmt":"2022-05-23T16:40:06","guid":{"rendered":"https:\/\/redsemlac.com\/semmexico\/?p=50623"},"modified":"2023-07-21T19:05:20","modified_gmt":"2023-07-22T00:05:20","slug":"ricardo-monreal-anuncia-su-proyecto-de-nacion-24-30","status":"publish","type":"post","link":"https:\/\/redsemlac.com\/semmexico\/ricardo-monreal-anuncia-su-proyecto-de-nacion-24-30\/","title":{"rendered":"Ricardo Monreal anuncia su Proyecto de Naci\u00f3n 24-30\u00a0"},"content":{"rendered":"\n<ul class=\"wp-block-list\"><li><strong> En el pr\u00f3ximo sexenio se tiene que profundizar la transformaci\u00f3n de las instituciones<\/strong><\/li><\/ul>\n\n\n\n<ul class=\"wp-block-list\"><li><strong>Advierte que no va a declinar y que ir\u00e1 en la contienda del 2024<\/strong><\/li><\/ul>\n\n\n\n<p class=\"wp-block-paragraph\"><strong>Redacci\u00f3n<\/strong><\/p>\n\n\n\n<p class=\"wp-block-paragraph\">SemM \u00e9xico, Ciudad de M\u00e9xico, a 23 de mayo 2022.- El senador Ricardo Monreal \u00c1vila adelant\u00f3 que ya cuenta con un Proyecto de Naci\u00f3n, que pondr\u00e1 en marcha una vez que gane la Presidencia de la Rep\u00fablica en 2024, para resolver los grandes desaf\u00edos de nuestro pa\u00eds en materia educativa, salud, cambio clim\u00e1tico, medioambiente, empleo, bienestar y seguridad p\u00fablica.&nbsp;&nbsp;&nbsp;<\/p>\n\n\n\n<p class=\"wp-block-paragraph\">Consider\u00f3 que, en el siguiente sexenio, 2024-2030, se tiene que profundizar el proceso de transformaci\u00f3n de las instituciones, consolidar el cambio de r\u00e9gimen y la democracia en M\u00e9xico.&nbsp;<\/p>\n\n\n\n<p class=\"wp-block-paragraph\">\u201cYo continuar\u00eda con la pol\u00edtica social y har\u00eda un llamado al pueblo de M\u00e9xico a la unidad, a la reconciliaci\u00f3n, porque soy de los que piensa que podemos llegar al mismo puerto, con el concurso y el acompa\u00f1amiento de todos los sectores, dialogando y platicando con todos\u201d.&nbsp;<\/p>\n\n\n\n<p class=\"wp-block-paragraph\">Ricardo Monreal refrend\u00f3 su intenci\u00f3n de participar en la contienda interna de Morena para la Presidencia de la Rep\u00fablica de 2024, \u201cno voy a declinar en mis aspiraciones leg\u00edtimas y voy a ir hasta el final\u201d.&nbsp;<\/p>\n\n\n\n<p class=\"wp-block-paragraph\">Insisti\u00f3 en que una vez que el partido lance la convocatoria se inscribir\u00e1 para contender y convencer a los militantes y simpatizantes de que es el mejor candidato para refrendar el triunfo del movimiento. &nbsp;<\/p>\n\n\n\n<p class=\"wp-block-paragraph\">\u201cTengo claridad en lo que quiero, puedo representar el mejor proyecto de profundizaci\u00f3n de la vida democr\u00e1tica del pa\u00eds, la experiencia acumulada durante m\u00e1s de 40 a\u00f1os en el servicio p\u00fablico es una garant\u00eda para un ejercicio pleno y eficaz en el gobierno\u201d, consider\u00f3.&nbsp;<\/p>\n\n\n\n<p class=\"wp-block-paragraph\">Monreal \u00c1vila tambi\u00e9n dej\u00f3 en claro que no cree en las encuestas, como m\u00e9todo para la designaci\u00f3n del candidato, por lo que pugnar\u00e1, al interior de Morena, por elecciones primarias. &nbsp;<\/p>\n\n\n\n<p class=\"wp-block-paragraph\">\u201cPorque las encuestas son f\u00e1cilmente manipulables o susceptibles de manipulaci\u00f3n\u201d; y este instrumento debe de ser s\u00f3lo un elemento para la toma de decisiones, pero no el \u00fanico. &nbsp;<\/p>\n\n\n\n<p class=\"wp-block-paragraph\">\u201cCreo que la elecci\u00f3n primaria, organizada por los \u00f3rganos electorales, es lo m\u00e1s conveniente para el pa\u00eds\u201d, enfatiz\u00f3 el senador. &nbsp;<\/p>\n\n\n\n<p class=\"wp-block-paragraph\">Dijo que este mecanismo puede incluir debates regionales entre los diferentes aspirantes en varias partes del pa\u00eds, elecciones \u201csancionadas y organizadas por el \u00f3rgano electoral\u201d, y debates organizados, verificados, supervisados y sancionados por el \u00f3rgano electoral.&nbsp;<\/p>\n\n\n\n<p class=\"wp-block-paragraph\">Adem\u00e1s, el senador dio a conocer que durante sus giras por los diversos estados, muchas personas se han ofrecido para formar comit\u00e9s, grupos de simpatizantes y de apoyo a su candidatura. &nbsp;<\/p>\n\n\n\n<p class=\"wp-block-paragraph\">\u00c9sa, agreg\u00f3, es una decisi\u00f3n firme y tajante que ha tomado, y \u201cya tengo un proyecto de naci\u00f3n que estoy perfeccionando, pero fundamentalmente incluye los grandes desaf\u00edos: educaci\u00f3n, salud, cambio clim\u00e1tico, medioambiente, empleo, bienestar, seguridad p\u00fablica\u201d, que en su momento dar\u00e1 a conocer al pueblo de M\u00e9xico.&nbsp;<\/p>\n\n\n\n<p class=\"wp-block-paragraph\">Advirti\u00f3 que si los partidos pol\u00edticos de oposici\u00f3n se organizan todos pueden competir en bloque contra Morena en 2024, por lo que el movimiento no acudir\u00e1 \u201ca un d\u00eda de campo\u201d; por eso tiene que seleccionar al candidato que mejor enfrente esos retos y, con experiencia, saque al pa\u00eds adelante.&nbsp;<\/p>\n\n\n\n<p class=\"wp-block-paragraph\">SEM\/sj<\/p>\n","protected":false},"excerpt":{"rendered":"<p>El senador Ricardo Monreal \u00c1vila adelant\u00f3 que ya cuenta con un Proyecto de Naci\u00f3n, que pondr\u00e1 en marcha una vez que gane la Presidencia de la Rep\u00fablica en 2024<\/p>\n","protected":false},"author":3,"featured_media":50624,"comment_status":"open","ping_status":"open","sticky":false,"template":"","format":"standard","meta":{"_monsterinsights_skip_tracking":false,"footnotes":""},"categories":[693,50],"tags":[],"class_list":["post-50623","post","type-post","status-publish","format-standard","has-post-thumbnail","category-693","category-congreso"],"_links":{"self":[{"href":"https:\/\/redsemlac.com\/semmexico\/wp-json\/wp\/v2\/posts\/50623","targetHints":{"allow":["GET"]}}],"collection":[{"href":"https:\/\/redsemlac.com\/semmexico\/wp-json\/wp\/v2\/posts"}],"about":[{"href":"https:\/\/redsemlac.com\/semmexico\/wp-json\/wp\/v2\/types\/post"}],"author":[{"embeddable":true,"href":"https:\/\/redsemlac.com\/semmexico\/wp-json\/wp\/v2\/users\/3"}],"replies":[{"embeddable":true,"href":"https:\/\/redsemlac.com\/semmexico\/wp-json\/wp\/v2\/comments?post=50623"}],"version-history":[{"count":0,"href":"https:\/\/redsemlac.com\/semmexico\/wp-json\/wp\/v2\/posts\/50623\/revisions"}],"wp:featuredmedia":[{"embeddable":true,"href":"https:\/\/redsemlac.com\/semmexico\/wp-json\/wp\/v2\/media\/50624"}],"wp:attachment":[{"href":"https:\/\/redsemlac.com\/semmexico\/wp-json\/wp\/v2\/media?parent=50623"}],"wp:term":[{"taxonomy":"category","embeddable":true,"href":"https:\/\/redsemlac.com\/semmexico\/wp-json\/wp\/v2\/categories?post=50623"},{"taxonomy":"post_tag","embeddable":true,"href":"https:\/\/redsemlac.com\/semmexico\/wp-json\/wp\/v2\/tags?post=50623"}],"curies":[{"name":"wp","href":"https:\/\/api.w.org\/{rel}","templated":true}]}}