{"id":50616,"date":"2022-05-23T10:37:27","date_gmt":"2022-05-23T16:37:27","guid":{"rendered":"https:\/\/redsemlac.com\/semmexico\/?p=50616"},"modified":"2023-07-21T19:05:20","modified_gmt":"2023-07-22T00:05:20","slug":"vital-para-las-mujeres-tener-conciencia-de-su-cuerpo-las-empodera-mirta-bolstein","status":"publish","type":"post","link":"https:\/\/redsemlac.com\/semmexico\/vital-para-las-mujeres-tener-conciencia-de-su-cuerpo-las-empodera-mirta-bolstein\/","title":{"rendered":"Vital para las mujeres tener conciencia de su cuerpo, las empodera: Mirta Bolstein"},"content":{"rendered":"\n<ul class=\"wp-block-list\"><li><strong>En la vejez tener conciencia de su cuerpo les da autonom\u00eda<\/strong><\/li><\/ul>\n\n\n\n<ul class=\"wp-block-list\"><li><strong> El pr\u00f3ximo s\u00e1bado la presentaci\u00f3n de \u201cSi la Vida Va\u201d en el teatro Varsovia<\/strong><\/li><\/ul>\n\n\n\n<p class=\"wp-block-paragraph\"><strong>Sara Lovera\/ fotograf\u00edas de Ricardo Ram\u00edrez Arreola<\/strong><\/p>\n\n\n\n<h3 class=\"wp-block-heading\" id=\"entrevista-segunda-y-ultima-parte\"><strong><em>Entrevista, segunda y \u00faltima parte<\/em><\/strong><\/h3>\n\n\n\n<p class=\"wp-block-paragraph\">SemM\u00e9xico, Cd. de M\u00e9xico, 23 de mayo, 2022.-La bailarina, core\u00f3grafa, psic\u00f3loga y filosofa Mirta Blostein dice que la expresi\u00f3n corporal, la conciencia y reconocimiento de tu propio cuerpo, la conexi\u00f3n entre el movimiento y el pensamiento para las mujeres es vital, para derribar represiones, y cautiverios. Tener esa conciencia adem\u00e1s las empodera, les da autonom\u00eda.<\/p>\n\n\n\n<p class=\"wp-block-paragraph\">En este segmento de la charla con Mirta Blostein, no s\u00f3lo recuperamos el hilo de su vida y sus creaciones, sino que fuimos a los pormenores de su llegada a M\u00e9xico, sus experiencias laborales y el desarrollo de su arte, donde se sinti\u00f3 extranjera. Adem\u00e1s, hablamos de todo aquello que significa tener claro el sentido de la vida en la vejez, recuperar la historia, jugar, como la f\u00f3rmula para una buena vida.<\/p>\n\n\n\n<p class=\"wp-block-paragraph\">Y explica: si las mujeres toman la decisi\u00f3n de conocer su cuerpo, se les abre el camino del cambio completo. Reprimidas en su formaci\u00f3n, bloqueadas, con el tiempo, consiguen recuperarse como humanas completas: cuerpo y mente.<\/p>\n\n\n\n<p class=\"wp-block-paragraph\">Sentadas en su sal\u00f3n de danza, donde estudia a diario su t\u00e9cnica danc\u00edstica, en el lugar adaptado con una duela reluciente, espacio atravesada por la luz de la tarde. En la casa de Mirta Blostein, no hablamos de su exilio, &#8211; de ya 45 a\u00f1os- ella no lo nombra como tal, yo no lo pregunto, pero se puede percibir el eco de aquellos primeros a\u00f1os en M\u00e9xico.<\/p>\n\n\n\n<div class=\"wp-block-image\"><figure class=\"aligncenter size-full\"><a href=\"https:\/\/redsemlac.com\/semmexico\/wp-content\/uploads\/2022\/05\/fotografi\u0301as-de-Ricardo-Rami\u0301rez-Arreola.png\"><img loading=\"lazy\" decoding=\"async\" width=\"587\" height=\"880\" src=\"https:\/\/redsemlac.com\/semmexico\/wp-content\/uploads\/2022\/05\/fotografi\u0301as-de-Ricardo-Rami\u0301rez-Arreola.png\" alt=\"\" class=\"wp-image-50621\"\/><\/a><\/figure><\/div>\n\n\n\n<p class=\"wp-block-paragraph\">En la charla Mirta me explic\u00f3, y me cont\u00f3 c\u00f3mo logr\u00f3 hacerse un espacio en la vida acad\u00e9mica y cultural en nuestro pa\u00eds, y admite que, con su trabajo, quienes promov\u00edan la cultura, le salvaron la vida. Y hasta ahora, 40 a\u00f1os en las aulas danc\u00edsticas de Bellas Artes.&nbsp;<\/p>\n\n\n\n<p class=\"wp-block-paragraph\">Pero ahora, que la vi en escena, descubr\u00ed ese eco que probablemente le dej\u00f3 la necesidad de venir a nuestro pa\u00eds, tal vez est\u00e1 ah\u00ed, en el segundo cuadro de \u201cY la vida va\u201d, el del fantasma que quiso ser y no fue, que no da miedo, pero encarna la soledad.<\/p>\n\n\n\n<p class=\"wp-block-paragraph\">No, en la entrevista, no toca el tema original del exilio, es el tiempo ignoto que le marc\u00f3 el camino. Seguro le cruzaron por la cabeza y por el cuerpo, cuando charlando, de vez en vez lanz\u00f3 su mirada al infinito.<\/p>\n\n\n\n<p class=\"wp-block-paragraph\">En 1977 se calcula hab\u00edan llegado a M\u00e9xico aproximadamente entre unos seis y ocho mil personas de Argentina que huyeron de la dictadura.<\/p>\n\n\n\n<p class=\"wp-block-paragraph\">Tal como la vi, en el escenario, moverse el\u00e1stica, c\u00f3mo se inclina y surge, pienso que debi\u00f3 ser es la actitud que le sirvi\u00f3 en este pa\u00eds. En el escenario, nos manda el mensaje de que la vejez ofrece la emoci\u00f3n de seguir escuchando, detenidamente el canto de los p\u00e1jaros, la posibilidad de tener apropiarse del viento, del ritmo de las olas y el viento, ha propuesto reunir a j\u00f3venes y viejos para aprender mutuamente.<\/p>\n\n\n\n<p class=\"wp-block-paragraph\">Adem\u00e1s, sabe c\u00f3mo. Lo ha practicado mucho tiempo en sus talleres, ratificando que su t\u00e9cnica es fundamental, tambi\u00e9n, para liberar a las mujeres reprimidas por el sistema patriarcal, derribando los prejuicios sobre su cuerpo.<\/p>\n\n\n\n<h2 class=\"wp-block-heading\" id=\"mexico-en-los-anos-70\"><strong>M\u00e9xico en los a\u00f1os 70<\/strong><\/h2>\n\n\n\n<p class=\"wp-block-paragraph\">Con m\u00e1s de 45 a\u00f1os en M\u00e9xico sigue trabajando intensamente, da clases, talleres y sigue con su rutina cotidiana.<\/p>\n\n\n\n<p class=\"wp-block-paragraph\">Cree en la oportunidad armar el programa coreogr\u00e1fico y de movimiento en el Instituto Nacional de las Bellas Artes y que las pedagog\u00edas danc\u00edsticas en la escuela de danza contribuyan a la felicidad, despu\u00e9s de los 60. Dice que hay que seguir. En la entrevista jug\u00f3 conmigo, en varios momentos, hasta cuestion\u00f3,\u201d no importan tus m\u00e1s de 70 a\u00f1os, t\u00fa sigues haciendo noticias, pues yo sigo bailando y ense\u00f1ando\u201d.<\/p>\n\n\n\n<p class=\"wp-block-paragraph\">Al llegar a M\u00e9xico, en 1977, continu\u00f3 investigando la t\u00e9cnica Fedora, de la que explica la enciclopedia virtual es un sistema, una t\u00e9cnica del movimiento que promueve el conocimiento del cuerpo, y que ahora muda de nomenclatura y se llama el campo de la som\u00e1tica.<\/p>\n\n\n\n<div class=\"wp-block-image\"><figure class=\"aligncenter size-full\"><a href=\"https:\/\/redsemlac.com\/semmexico\/wp-content\/uploads\/2022\/05\/fotografi\u0301as-de-Ricardo-Rami\u0301rez-Arreola-4.png\"><img loading=\"lazy\" decoding=\"async\" width=\"583\" height=\"874\" src=\"https:\/\/redsemlac.com\/semmexico\/wp-content\/uploads\/2022\/05\/fotografi\u0301as-de-Ricardo-Rami\u0301rez-Arreola-4.png\" alt=\"\" class=\"wp-image-50619\"\/><\/a><\/figure><\/div>\n\n\n\n<p class=\"wp-block-paragraph\">Ya en el teatro, &#8211; la vi el s\u00e1bado-,&nbsp;&nbsp; ofrece, piensa y avizora otra historia para las y los viejos, sin eufemismo. Le parece fundamental. &nbsp;Se nota en \u201cY la vida va\u201d, donde juega en el escenario, con los dedos, las manos, la expansi\u00f3n de las articulaciones.<\/p>\n\n\n\n<p class=\"wp-block-paragraph\">Frente a este pa\u00eds \u00bfQu\u00e9 har\u00eda?<\/p>\n\n\n\n<p class=\"wp-block-paragraph\">Ella es una artista en solitario. Su determinaci\u00f3n fue trabajar en obras y libretos, pensando en la m\u00fasica y el movimiento, con la t\u00e9cnica, al tiempo de ocuparse de sus ni\u00f1os.<\/p>\n\n\n\n<p class=\"wp-block-paragraph\">Luego cuenta: Cuando llegue ac\u00e1 ya ven\u00eda explorando los solos, y fue en M\u00e9xico donde present\u00e9 mi primera obra, se llam\u00f3 Caminos, en el espacio de La Casa de Lago, en el bosque de Chapultepec.<\/p>\n\n\n\n<p class=\"wp-block-paragraph\">Se atrevi\u00f3, fue a ver al director de la casa, probablemente, por el a\u00f1o, se trataba del matem\u00e1tico <strong>Arturo Azuela, &#8211; Mirta no recuerda su nombre-, el caso es que fue a ver a este se\u00f1or quien <\/strong>le dijo a Mirta no tengo un peso para pagarte, ya est\u00e1 todo programado; ella le dijo no importa, agradecer\u00eda que me des un espacio para demostrar lo que hago y \u201ceste se\u00f1or me dio una funci\u00f3n que tuvo tanto \u00e9xito que Difusi\u00f3n Cultural de la UNAM me empez\u00f3 a contratar\u201d.<\/p>\n\n\n\n<p class=\"wp-block-paragraph\">Hizo obras y cuando las terminaba ten\u00eda varias presentaciones, \u201cpaquetes de funciones\u201d, se sorprendi\u00f3 que encima \u201cme las pagaban, me quede muda y agradecida\u201d, ya que en Argentina \u201cjam\u00e1s me hab\u00edan pagado una funci\u00f3n\u201d.<\/p>\n\n\n\n<h2 class=\"wp-block-heading\" id=\"sus-obras\"><strong>Sus obras<\/strong><\/h2>\n\n\n\n<p class=\"wp-block-paragraph\">Se puede calcular, ya que no lleva el registro, ni recuerda los nombres, que habr\u00e1 escrito entre 40 y 50 obras.<\/p>\n\n\n\n<p class=\"wp-block-paragraph\">La de la Casa del Lago fue para ella una \u00e9poca muy importante y es que \u201cme salv\u00f3 la vida\u201d, y en su casa ten\u00eda un espacio, un estudio, en la sala-comedor, y empez\u00f3 a dar clases. En los a\u00f1os 80, separada y libre, arregl\u00f3 todo eso que te permite la autonom\u00eda, \u201cporque cuando estas con marido no puedes hacer nada\u201d y te quedas sola y con los mismos centavitos, \u201cya sabes esas historias de todas las mujeres\u201d.<\/p>\n\n\n\n<h2 class=\"wp-block-heading\" id=\"se-consolida-maestra-y-coreografa\"><strong>Se consolida maestra y core\u00f3grafa<\/strong><\/h2>\n\n\n\n<p class=\"wp-block-paragraph\">Me cuenta que ese espacio \u2013la Casa del Lago- la ayud\u00f3 mucho, y pronto lleg\u00f3 al Centro Superior de Coreograf\u00eda que dirig\u00eda Lin Dur\u00e1n, una mujer extraordinaria bailarina, core\u00f3grafa, que se encuentra entre las pioneras de la danza contempor\u00e1nea en M\u00e9xico. La invit\u00f3 a poner una coreograf\u00eda, y le gust\u00f3 tanto, que le abri\u00f3 por siempre el foro, el magisterio y la pedagog\u00eda en la Escuela Nacional de Danza.<\/p>\n\n\n\n<p class=\"wp-block-paragraph\">Lin Dur\u00e1n la invit\u00f3 a dar la materia de expresi\u00f3n corporal y desde entonces no solamente da clases, sino que obtuvo su plaza. Es titular C.<\/p>\n\n\n\n<p class=\"wp-block-paragraph\">Hay que decir que Mirta Blostein es bailarina y core\u00f3grafa de Danza Contempor\u00e1nea, licenciada en Educaci\u00f3n Art\u00edstica, (INBA), Maestra en Psicolog\u00eda Social de Grupos e Instituciones (UAM Xochimilco). Profesora de Expresi\u00f3n Corporal,&nbsp;Educadora de Movimiento Som\u00e1tico (BMM), cofundadora de La Maravilla Corporal, instituci\u00f3n dedicada a la pr\u00e1ctica e investigaci\u00f3n de la Expresi\u00f3n Corporal y la Creatividad (A\u00f1os: 2000\/2011).&nbsp;Maestra Titular de la Escuela Nacional de Danza Cl\u00e1sica y Contempor\u00e1nea del Instituto Nacional de Bellas Artes,&nbsp;e&nbsp;imparte la materia Proyecto Esc\u00e9nico.<\/p>\n\n\n\n<div class=\"wp-block-image\"><figure class=\"aligncenter size-large\"><a href=\"https:\/\/redsemlac.com\/semmexico\/wp-content\/uploads\/2022\/05\/fotografi\u0301as-de-Ricardo-Rami\u0301rez-Arreola-5.png\"><img decoding=\"async\" src=\"https:\/\/redsemlac.com\/semmexico\/wp-content\/uploads\/2022\/05\/fotografi\u0301as-de-Ricardo-Rami\u0301rez-Arreola-5-683x1024.png\" alt=\"\" class=\"wp-image-50620\"\/><\/a><\/figure><\/div>\n\n\n\n<p class=\"wp-block-paragraph\">Y esa Escuela Nacional se convirti\u00f3 en su casa. Ah\u00ed ha trabajado constantemente con cientos de grupos. Me explica que la expresi\u00f3n corporal fue la materia, pero se transform\u00f3 en sensibilizaci\u00f3n y cuando la escuela se ubic\u00f3 en el Centro Nacional de las Artes, a la materia se le nombr\u00f3 proyecto esc\u00e9nico. La sigue dando actualmente. Acota que siempre encuentra lugares para dar clases, los talleres en su propia casa se van encadenando gracias a la t\u00e9cnica comunicacional de lo que conocemos como de boca en boca.<\/p>\n\n\n\n<p class=\"wp-block-paragraph\">Como ya dijimos es autora de much\u00edsimas obras, como profesora, debe montar una obra por a\u00f1o.&nbsp; En la escuela \u201ctengo 40 obras m\u00e1s los solos\u201d.<\/p>\n\n\n\n<h2 class=\"wp-block-heading\" id=\"obras-de-solos\"><strong>\u00bfObras de solos?<\/strong><\/h2>\n\n\n\n<p class=\"wp-block-paragraph\">Se vuelve nuevamente did\u00e1ctica y me dice: \u201cMe facilit\u00f3 el haber elegido el camino de crear obras para presentar en escena unipersonales o sea no es que yo tenga un ego del tama\u00f1o del mundo, un narcisista insoportable, no, pero el crear solos me permit\u00eda estar con mis hijos, adem\u00e1s de que es una fuente importante de la historia de la danza, puesto que quienes desarrollaron esta historia eran solistas, nada menos que Isadora Duncan y Martha Graham, con t\u00e9cnicas individuales&nbsp; de&nbsp; liberar las emociones mediante las contracciones p\u00e9lvicas y abdominales, espasmos de los m\u00fasculos, estiramientos y tirones.<\/p>\n\n\n\n<p class=\"wp-block-paragraph\">Recuerda: \u201cAc\u00e1 en M\u00e9xico fue muy duro trabajar esta \u00e1rea, porque no est\u00e1 reconocido el trabajo de espect\u00e1culos unipersonales. Y si el requisito es tener grupo, \u201cyo la verdad es que s\u00ed ten\u00eda un grupo, no pod\u00eda estar con mis hijos, y yo quer\u00eda estar con mis hijos\u201d.<\/p>\n\n\n\n<h2 class=\"wp-block-heading\" id=\"su-tecnica-su-descubrimiento-y-las-mujeres\"><strong>Su t\u00e9cnica, su descubrimiento y las mujeres<\/strong><\/h2>\n\n\n\n<p class=\"wp-block-paragraph\">La artista, que de cuando en cuando durante la charla estira maravillosamente el cuello, y voltea de un lado a otro mostrando su flexibilidad, dice que \u201cpara las mujeres es capital, es importante, es vital, este asunto de la conciencia del cuerpo, el juego del reconocimiento de cada \u00f3rgano, sin dejar a un lado el pensamiento, pero tener conciencia, repite, es vital, porque existen muchas represiones de todo tipo, pero una enorme represi\u00f3n, encarcelamiento dir\u00eda yo, lo es&nbsp; hacia el cuerpo de la mujer<\/p>\n\n\n\n<p class=\"wp-block-paragraph\">Y sigue: Esto de que sentadita te vez m\u00e1s bonita, por ejemplo, ah\u00ed se resume toda esa realidad, cuando la mujer empieza a tener conciencia de su cuerpo lo que sucede es que se empodera, hay un empoderamiento de s\u00ed misma y lo m\u00e1s importante es que a partir de eso hay un pensamiento que se da y una toma de posesi\u00f3n, esto no surge de un d\u00eda para el otro, esto es una decisi\u00f3n interna por que implica cambiar. As\u00ed se da en procesos, yo sigo emperrada en que mis talleres duran como m\u00ednimo tres meses, en un momento en que lo \u00fanico que funciona son los talleres intensivos.<\/p>\n\n\n\n<p class=\"wp-block-paragraph\">Y deben ser tres meses, m\u00ednimo, porque los procesos en el cuerpo son m\u00e1s largos que en la mente, t\u00fa te puedes leer un texto, lo puedes aprender, racionalizar, en el cuerpo no sucede as\u00ed porque hay muchas zonas que est\u00e1n bloqueadas entonces en un tiempo que se lleva en desbloquear esas zonas.<\/p>\n\n\n\n<p class=\"wp-block-paragraph\">Cuando pregunto si conoce alguna corriente feminista que est\u00e9 conectada con el an\u00e1lisis del cuerpo y el movimiento. Se burla.\u201d No sabr\u00eda decirte, es m\u00e1s me gustar\u00eda saber\u201d.<\/p>\n\n\n\n<div class=\"wp-block-image\"><figure class=\"aligncenter size-full\"><a href=\"https:\/\/redsemlac.com\/semmexico\/wp-content\/uploads\/2022\/05\/fotografi\u0301as-de-Ricardo-Rami\u0301rez-Arreola-2.png\"><img loading=\"lazy\" decoding=\"async\" width=\"643\" height=\"963\" src=\"https:\/\/redsemlac.com\/semmexico\/wp-content\/uploads\/2022\/05\/fotografi\u0301as-de-Ricardo-Rami\u0301rez-Arreola-2.png\" alt=\"\" class=\"wp-image-50617\"\/><\/a><\/figure><\/div>\n\n\n\n<p class=\"wp-block-paragraph\">Y distante me sigue diciendo: Me gustar\u00eda mucho poder conocer a esas mujeres, en la realidad no tienes el tiempo para abarcar todo, entonces no me dediqu\u00e9, fui a ver en INMUJERES, estuve una \u00e9poca llama y llama para contactarme con esa instituci\u00f3n, pero nada, no te pelan.<\/p>\n\n\n\n<p class=\"wp-block-paragraph\">Y de mi perorata sobre c\u00f3mo las feministas si trabajan con el cuerpo, en los encuentros nacionales y latinoamericanos, c\u00f3mo bailan y se liberan, cantan\u2026<\/p>\n\n\n\n<p class=\"wp-block-paragraph\">Me ataja mi entrevistada, porque le cuestiono que esa libertad del cuerpo no es \u00fanicamente la danza. Y dice: &nbsp;No, obviamente; lo que pasa es que en general hay una fragmentaci\u00f3n muy grande entre lo racional y el cuerpo, entonces yo conozco manifestaciones que he le\u00eddo, pero suceden en lo racional, ni siquiera en la parte sensible de la mente, porque t\u00fa sabes que hay un pensamiento racional y uno que es m\u00e1s emotivo, yo no tengo ning\u00fan problema con ninguno de los dos, me llevo bien con ambas partes. Eso es fundamental, es b\u00e1sico.<\/p>\n\n\n\n<h2 class=\"wp-block-heading\" id=\"los-adultos-mayores\"><strong>Los adultos mayores<\/strong><\/h2>\n\n\n\n<p class=\"wp-block-paragraph\">La pl\u00e1tica se va ah\u00ed. Pregunto \u00bfest\u00e1s haciendo algo inductivo para los adultos mayores?<\/p>\n\n\n\n<p class=\"wp-block-paragraph\">Mirta: Tengo talleres para adultos y adultos mayores, seg\u00fan esto iba a tener programa ahora en mayo, con una publicidad para comenzar un taller en junio en los espacios de la Escuela Nacional de Danza Contempor\u00e1nea. La verdad, confiesa, \u201cno s\u00e9 cu\u00e1ndo va a salir, pero ah\u00ed tengo un espacio; y tengo un programa piloto muy loco en donde deseo que el Centro Nacional de las Artes se convierta en un espacio para que vayan a danzar los adultos y adultos mayores con integraci\u00f3n de j\u00f3venes.&nbsp; Para aprender de ellos y ellos de nosotros. Al danzar, me cuenta, \u201chay, si supieras que cosas lindas suceden. Me corta.<\/p>\n\n\n\n<p class=\"wp-block-paragraph\">\u00bfLe pregunto entonces, si \u201c\u00bfY la vida va\u201d es un mensaje para la tercera edad &#8211; ella no sab\u00eda que ir\u00eda a ver la obra antes de escribir esta segunda parte- \u00bfYo digo que la promoci\u00f3n es clara, y nos invitan con ese mensaje, de que el cuerpo es bello, el cuerpo siempre es el cuerpo y tiene sus etapas y este es tu mensaje, en esta obra que vamos a ver, como se llama?<\/p>\n\n\n\n<p class=\"wp-block-paragraph\">Me contesta: \u00a1Y la vida va!; ah, no s\u00e9, ah\u00ed vas a ver todos los mensajes que la vida encuentra como con tu historia. Mira el problema con la gente mayor es que si durante toda tu vida viviste reprimida, porque nosotras fuimos mujeres que la peleamos, que salimos a la calle, que defendimos nuestro lugar, \u00bfverdad?, t\u00fa sigues haciendo tu periodismo y yo sigo bailando y crie a dos hijos y est\u00e1n las nietas; pero yo sigo bailando y sigo escribiendo sobre el cuerpo, sobre la importancia de esta conciencia, entonces cuando t\u00fa ves como esos cuerpos que tiene una historia maravillosa, porque todas las historias de los seres humanos tienen su valor, no son tomadas en cuenta; y te vas dando cuenta que mientras m\u00e1s te haces vieja menos te pelan, o&nbsp; cada vez menos. Es porque la sociedad que no ve a los viejos, es una sociedad que no est\u00e1 bien, quiz\u00e1s en los pueblos es distinto, en algunas zonas, en algunas culturas\u2026<\/p>\n\n\n\n<h2 class=\"wp-block-heading\" id=\"la-vejez-y-las-mujeres\"><strong>La vejez y las mujeres<\/strong><\/h2>\n\n\n\n<p class=\"wp-block-paragraph\"><strong>Sara Lovera: Vivimos una etapa muy grande de la cultura de la juventud.<\/strong><\/p>\n\n\n\n<p class=\"wp-block-paragraph\">Mirta: Lo s\u00e9, este momento es duro, \u00bfno?; cuando empiezas a trabajar con ellos desde este lugar de la sensibilidad, de la emoci\u00f3n o de movimiento y de conmoci\u00f3n y empiezas a ver como se empiezan a mover desde otro lugar y empiezan a danzar, es muy tierno lo que sale de los cuerpos grandes de las mujeres. He tenido un grupo muy grande en un taller que di en la Casa de Cultura de Guatemala, hab\u00eda un viejo divino que ten\u00eda un a\u00f1o m\u00e1s que yo, una belleza de expresi\u00f3n en su cuerpo y hay una ternura muy particular en la gente mayor y sus danzas tienen mucha historia, su cuerpo tiene mucha historia, entonces tiene mucha expresi\u00f3n y van encontrando otros caminos. A m\u00ed me est\u00e1 sucediendo.<\/p>\n\n\n\n<p class=\"wp-block-paragraph\">Sigue:&nbsp; El otro grupo que tuve en el Centro Nacional de las Artes que eran clases afuera, en los espacios verdes, las mujeres eran la mayor\u00eda de 50, 60, hab\u00eda dos de 70 y siempre se me cuelan j\u00f3venes que se enamoran del trabajo. J\u00f3venes, te digo de 25 o 28 a\u00f1os, ah\u00ed es muy interesante el encuentro, no te olvides que con el movimiento te comunicas desde otro lugar. As\u00ed se produce una comunicaci\u00f3n muy hermosa.<\/p>\n\n\n\n<p class=\"wp-block-paragraph\">Y reitera, esas mujeres mayores que fueron reprimidas empiezan a hablar. Mis talleres siempre terminan con un momento de reflexi\u00f3n y es bien interesante porque se empiezan a empoderar. Lo triste ahora, es que tengo bien pocos talleres.<\/p>\n\n\n\n<p class=\"wp-block-paragraph\"><strong>Sara Lovera: \u00bfEntonces ese es un camino para terminar la vida de otra manera?<\/strong><\/p>\n\n\n\n<p class=\"wp-block-paragraph\">Mirta: Pues s\u00ed, yo cuando envejec\u00ed me pregunte que quiero hacer, quiero seguir ense\u00f1ando mis talleres de danza y creatividad; y quiero bailar y entonces mientras pueda ah\u00ed voy, y jugar mucho, as\u00ed recuper\u00e9 el juego.<\/p>\n\n\n\n<p class=\"wp-block-paragraph\"><strong>Sara Lovera: Y quiz\u00e1 en este momento del mundo, del pa\u00eds, del barrio, de la zona \u00bfeso nos llevar\u00eda a la paz?<\/strong><\/p>\n\n\n\n<p class=\"wp-block-paragraph\">Mirta: Eso es una de las grandes utop\u00edas mi querida Sara, nosotras somos de esa \u00e9poca y sabemos que la utop\u00eda no se termina porque s\u00ed. No, no existir\u00eda el ser humano, no vamos a cambiar el mundo, va a faltar mucho para ello, pero la conciencia pone su semillita porque te hace pensar, en mis encuentros es que piensas t\u00fa, si no est\u00e1s de acuerdo con algo dime porqu\u00e9, eso es lo importante, que uno se pueda apropiar, a trav\u00e9s del cuerpo, del movimiento, con tu pensamiento, o sea desarrollar el pensamiento, crecer con el pensamiento.<\/p>\n\n\n\n<p class=\"wp-block-paragraph\"><strong>Sara Lovera: Pero esa es tu tesis, \u00bfno? y efectivamente es uno de los caminos para humanizarse quiz\u00e1\u2026<\/strong><\/p>\n\n\n\n<p class=\"wp-block-paragraph\">Mirta: Si, ser\u00eda maravilloso, ahora que lo pienso.<\/p>\n\n\n\n<p class=\"wp-block-paragraph\">SEM\/sl<\/p>\n","protected":false},"excerpt":{"rendered":"<p> El pr\u00f3ximo s\u00e1bado la presentaci\u00f3n de \u201cSi la Vida Va\u201d en el teatro Varsovia<\/p>\n","protected":false},"author":3,"featured_media":50618,"comment_status":"open","ping_status":"open","sticky":false,"template":"","format":"standard","meta":{"_monsterinsights_skip_tracking":false,"footnotes":""},"categories":[693,45,46],"tags":[],"class_list":["post-50616","post","type-post","status-publish","format-standard","has-post-thumbnail","category-693","category-cultura","category-cultura-cultura"],"_links":{"self":[{"href":"https:\/\/redsemlac.com\/semmexico\/wp-json\/wp\/v2\/posts\/50616","targetHints":{"allow":["GET"]}}],"collection":[{"href":"https:\/\/redsemlac.com\/semmexico\/wp-json\/wp\/v2\/posts"}],"about":[{"href":"https:\/\/redsemlac.com\/semmexico\/wp-json\/wp\/v2\/types\/post"}],"author":[{"embeddable":true,"href":"https:\/\/redsemlac.com\/semmexico\/wp-json\/wp\/v2\/users\/3"}],"replies":[{"embeddable":true,"href":"https:\/\/redsemlac.com\/semmexico\/wp-json\/wp\/v2\/comments?post=50616"}],"version-history":[{"count":0,"href":"https:\/\/redsemlac.com\/semmexico\/wp-json\/wp\/v2\/posts\/50616\/revisions"}],"wp:featuredmedia":[{"embeddable":true,"href":"https:\/\/redsemlac.com\/semmexico\/wp-json\/wp\/v2\/media\/50618"}],"wp:attachment":[{"href":"https:\/\/redsemlac.com\/semmexico\/wp-json\/wp\/v2\/media?parent=50616"}],"wp:term":[{"taxonomy":"category","embeddable":true,"href":"https:\/\/redsemlac.com\/semmexico\/wp-json\/wp\/v2\/categories?post=50616"},{"taxonomy":"post_tag","embeddable":true,"href":"https:\/\/redsemlac.com\/semmexico\/wp-json\/wp\/v2\/tags?post=50616"}],"curies":[{"name":"wp","href":"https:\/\/api.w.org\/{rel}","templated":true}]}}