{"id":50611,"date":"2022-05-23T10:27:00","date_gmt":"2022-05-23T16:27:00","guid":{"rendered":"https:\/\/redsemlac.com\/semmexico\/?p=50611"},"modified":"2023-07-21T19:05:20","modified_gmt":"2023-07-22T00:05:20","slug":"iepc-guerrero-emprende-acciones-para-evitar-actos-de-violencia-politica-contra-mujeres","status":"publish","type":"post","link":"https:\/\/redsemlac.com\/semmexico\/iepc-guerrero-emprende-acciones-para-evitar-actos-de-violencia-politica-contra-mujeres\/","title":{"rendered":"IEPC Guerrero emprende acciones para evitar actos de violencia pol\u00edtica contra mujeres"},"content":{"rendered":"\n<ul class=\"wp-block-list\"><li><strong>Pese al recorte presupuestal contin\u00faan el programa de prevenci\u00f3n<\/strong><\/li><\/ul>\n\n\n\n<ul class=\"wp-block-list\"><li><strong> Busca evitar que se repita casos como el ocurrido en Ocotequila<\/strong><\/li><\/ul>\n\n\n\n<p class=\"wp-block-paragraph\"><strong>Josefina Aguilar Pastor&nbsp;<\/strong><strong>&nbsp;<\/strong><\/p>\n\n\n\n<p class=\"wp-block-paragraph\">SemM\u00e9xico, Chilpancingo, Gro., 23 de mayo 2022.-El Instituto Electoral y de Participaci\u00f3n Ciudadana (IEPC) se prepara para atender la violencia pol\u00edtica en contra de las mujeres en raz\u00f3n de g\u00e9nero, con acciones afirmativas, sensibiliza a las dirigencias de partidos pol\u00edticos a aplicar el cinco por ciento de su presupuesto a la capacitaci\u00f3n pol\u00edtica de las mujeres.&nbsp;<\/p>\n\n\n\n<p class=\"wp-block-paragraph\">Luz Fabiola Matildes Gama, consejera presidenta del IEPC, dio a conocer, que a pesar del recorte presupuestal, contin\u00faan con el programa de prevenci\u00f3n de la violencia pol\u00edtica en contra de las mujeres en raz\u00f3n de g\u00e9nero, a trav\u00e9s de capacitaciones a autoridades municipales y comisariales, en el sentido de que las mujeres tienen derecho a votar en los pueblos y comunidades.&nbsp;<\/p>\n\n\n\n<p class=\"wp-block-paragraph\">Esto, a fin de evitar que casos similares al de Ocotequila, municipio de Copanatoyac, donde impidieron en un primer momento, que mujeres de la comunidad&nbsp;participaran en la elecci\u00f3n de comisario.<\/p>\n\n\n\n<p class=\"wp-block-paragraph\">Y es que admiti\u00f3 que hay otros municipios de la regi\u00f3n de la Monta\u00f1a, donde no se les permite votar a las mujeres \u201cno sabemos que comunidades sean, pero sabemos que esa situaci\u00f3n existe\u201d, y la intenci\u00f3n es que&nbsp;situaciones como \u00e9sta, pudieran estarse repitiendo en otras comunidades, en otros municipios, pero no se da a conocer.&nbsp;<\/p>\n\n\n\n<p class=\"wp-block-paragraph\">Adem\u00e1s de capacitaci\u00f3n a las autoridades locales, sobre la violencia pol\u00edtica en contra de las mujeres en raz\u00f3n de g\u00e9nero, el programa de actividades del IEPC; est\u00e1 enfocado coment\u00f3 Matildes Gama, a visibilizar los derechos pol\u00edticos electorales de las mismas, como es el participar en la elecci\u00f3n de las autoridades comunitarias, indic\u00f3.&nbsp;<\/p>\n\n\n\n<p class=\"wp-block-paragraph\">\u201cNosotros ya nos estamos preparando para el pr\u00f3ximo proceso, para aprobar acciones afirmativas, para que se respete la paridad que est\u00e1 en la Constituci\u00f3n, tenemos ese firme compromiso de garantizar a las mujeres la participaci\u00f3n pol\u00edtica\u201d, coment\u00f3 la consejera presidente del IEPC.&nbsp;<\/p>\n\n\n\n<p class=\"wp-block-paragraph\">A la par agreg\u00f3 la funcionaria electoral, se ha entrevistado con las dirigencias de los particos pol\u00edticos, para sensibilizar la aplicaci\u00f3n del cinco por ciento del presupuesto a capacitaci\u00f3n pol\u00edtica parda las mujeres a nivel estatal.&nbsp;<\/p>\n\n\n\n<p class=\"wp-block-paragraph\">Matildes Gama subray\u00f3 que han ponderado que este programa para garantizar los derechos pol\u00edticos de las mujeres, no se vea afectado por la falta de recursos, han recortado presupuesto y proyectos en otras \u00e1reas como educaci\u00f3n c\u00edvica, comunicaci\u00f3n social, pero \u00e9ste, lo han priorizado.&nbsp;<\/p>\n\n\n\n<p class=\"wp-block-paragraph\">\u201cEn eso estamos trabajando, sobre lo que estamos haciendo\u201d, indic\u00f3 la funcionaria electoral.&nbsp;<\/p>\n\n\n\n<p class=\"wp-block-paragraph\">SEM\/jap\/sj<\/p>\n","protected":false},"excerpt":{"rendered":"<p> Busca evitar que se repita casos como el ocurrido en Ocotequila<\/p>\n","protected":false},"author":3,"featured_media":50612,"comment_status":"open","ping_status":"open","sticky":false,"template":"","format":"standard","meta":{"_monsterinsights_skip_tracking":false,"footnotes":""},"categories":[693,141],"tags":[],"class_list":["post-50611","post","type-post","status-publish","format-standard","has-post-thumbnail","category-693","category-elecciones-2020-2021"],"_links":{"self":[{"href":"https:\/\/redsemlac.com\/semmexico\/wp-json\/wp\/v2\/posts\/50611","targetHints":{"allow":["GET"]}}],"collection":[{"href":"https:\/\/redsemlac.com\/semmexico\/wp-json\/wp\/v2\/posts"}],"about":[{"href":"https:\/\/redsemlac.com\/semmexico\/wp-json\/wp\/v2\/types\/post"}],"author":[{"embeddable":true,"href":"https:\/\/redsemlac.com\/semmexico\/wp-json\/wp\/v2\/users\/3"}],"replies":[{"embeddable":true,"href":"https:\/\/redsemlac.com\/semmexico\/wp-json\/wp\/v2\/comments?post=50611"}],"version-history":[{"count":0,"href":"https:\/\/redsemlac.com\/semmexico\/wp-json\/wp\/v2\/posts\/50611\/revisions"}],"wp:featuredmedia":[{"embeddable":true,"href":"https:\/\/redsemlac.com\/semmexico\/wp-json\/wp\/v2\/media\/50612"}],"wp:attachment":[{"href":"https:\/\/redsemlac.com\/semmexico\/wp-json\/wp\/v2\/media?parent=50611"}],"wp:term":[{"taxonomy":"category","embeddable":true,"href":"https:\/\/redsemlac.com\/semmexico\/wp-json\/wp\/v2\/categories?post=50611"},{"taxonomy":"post_tag","embeddable":true,"href":"https:\/\/redsemlac.com\/semmexico\/wp-json\/wp\/v2\/tags?post=50611"}],"curies":[{"name":"wp","href":"https:\/\/api.w.org\/{rel}","templated":true}]}}