{"id":50609,"date":"2022-05-23T10:13:57","date_gmt":"2022-05-23T16:13:57","guid":{"rendered":"https:\/\/redsemlac.com\/semmexico\/?p=50609"},"modified":"2023-07-21T19:05:21","modified_gmt":"2023-07-22T00:05:21","slug":"violeta-del-anahuac-desapariciones-trato-igual","status":"publish","type":"post","link":"https:\/\/redsemlac.com\/semmexico\/violeta-del-anahuac-desapariciones-trato-igual\/","title":{"rendered":"Violeta del An\u00e1huac | Desapariciones: trato igual"},"content":{"rendered":"\n<p class=\"wp-block-paragraph\"><strong>Isabel Ortega Morales<\/strong><\/p>\n\n\n\n<p class=\"wp-block-paragraph\">SemM\u00e9xico, Chilpancingo, Gro., 23 de mayo 2022.- Guerrero tiene con el caso Iguala Ayotzinapa el punto m\u00e1s emblem\u00e1tico de la desaparici\u00f3n forzada de personas. Pero seg\u00fan datos de la Comisi\u00f3n Ejecutiva de Atenci\u00f3n a V\u00edctimas, el CEAV, el RENAVI, Registro Nacional de V\u00edctimas se\u00f1ala que despu\u00e9s de ese hecho la violencia en el rubro de desapariciones no se ha erradicado ni desaparecido.<\/p>\n\n\n\n<p class=\"wp-block-paragraph\">El CEAV indica que despu\u00e9s de 2014, han registrado en Guerrero 544 casos de desaparici\u00f3n forzada de personas, de ellos 239 con mujeres y 305 son hombres.&nbsp; Datos que quiz\u00e1 no est\u00e9n actualizados, lo que est\u00e1 m\u00e1s grave, porque hay que solicitar a trav\u00e9s de transparencia para que sean lo m\u00e1s cercano a la realidad, porque siempre habr\u00e1, lamentablemente, subregistro.<\/p>\n\n\n\n<p class=\"wp-block-paragraph\">El caso de la joven Yoselin, secuestrada en el puerto de Acapulco y localizada 50 horas despu\u00e9s, vuelve a colocar el grave riesgo que implica la inseguridad en ese rubro en la entidad.<\/p>\n\n\n\n<p class=\"wp-block-paragraph\">En la entidad colectivas de derechos humanos y de b\u00fasqueda de personas desaparecidas, como el Centro Morelos de Derechos Humanos de Chilapa, denunciaban que la nueva representante de la Comisi\u00f3n Ejecutiva de Atenci\u00f3n a V\u00edctimas, Enedina Medrano Serrano, no se hab\u00eda presentado con ellas, por lo que no hab\u00eda contacto para atender este rubro.<\/p>\n\n\n\n<p class=\"wp-block-paragraph\">El operativo implementado para la b\u00fasqueda de Yoselin hizo, sin embargo, mover a otros grupos para solicitar una respuesta igual para todas las mujeres que han sido reportadas como desaparecidas en la entidad. Sin que hasta el momento el CEAV en Guerrero se haya pronunciado por, al menos, gestionar reuniones con las autoridades para atender con igual prontitud.<\/p>\n\n\n\n<p class=\"wp-block-paragraph\">El tema de Yoselin coloc\u00f3 en las familias el tema del riesgo a la inseguridad que perciben con la confrontaci\u00f3n de la realidad que muestra cada d\u00eda a ciudades como Acapulco, Chilpancingo, Iguala, Chilapa como de riesgo.<\/p>\n\n\n\n<p class=\"wp-block-paragraph\">Y si esto es de riesgo, mientras no se resuelva con la misma atenci\u00f3n los dem\u00e1s casos de mujeres puede el gobierno estatal enfrentar la percepci\u00f3n de que la actuaci\u00f3n en el caso de esta la menor con resultado positivo de encontrar y con vida a Yoselin, fue una acci\u00f3n producto de un evento de car\u00e1cter nacional e internacional.<\/p>\n\n\n\n<p class=\"wp-block-paragraph\">Est\u00e1 pues el gobierno del estado en una oportunidad de generar confianza de que se est\u00e1 actuando para que la entidad camine en la ruta del progreso y la seguridad, que se traducen en un real bienestar y paz.<\/p>\n","protected":false},"excerpt":{"rendered":"<p>Guerrero tiene con el caso Iguala Ayotzinapa el punto m\u00e1s emblem\u00e1tico de la desaparici\u00f3n forzada de personas.<\/p>\n","protected":false},"author":3,"featured_media":38576,"comment_status":"open","ping_status":"open","sticky":false,"template":"","format":"standard","meta":{"_monsterinsights_skip_tracking":false,"footnotes":""},"categories":[693,35,197],"tags":[459],"class_list":["post-50609","post","type-post","status-publish","format-standard","has-post-thumbnail","category-693","category-opinion","category-violeta-del-anahuac","tag-opinion"],"_links":{"self":[{"href":"https:\/\/redsemlac.com\/semmexico\/wp-json\/wp\/v2\/posts\/50609","targetHints":{"allow":["GET"]}}],"collection":[{"href":"https:\/\/redsemlac.com\/semmexico\/wp-json\/wp\/v2\/posts"}],"about":[{"href":"https:\/\/redsemlac.com\/semmexico\/wp-json\/wp\/v2\/types\/post"}],"author":[{"embeddable":true,"href":"https:\/\/redsemlac.com\/semmexico\/wp-json\/wp\/v2\/users\/3"}],"replies":[{"embeddable":true,"href":"https:\/\/redsemlac.com\/semmexico\/wp-json\/wp\/v2\/comments?post=50609"}],"version-history":[{"count":0,"href":"https:\/\/redsemlac.com\/semmexico\/wp-json\/wp\/v2\/posts\/50609\/revisions"}],"wp:featuredmedia":[{"embeddable":true,"href":"https:\/\/redsemlac.com\/semmexico\/wp-json\/wp\/v2\/media\/38576"}],"wp:attachment":[{"href":"https:\/\/redsemlac.com\/semmexico\/wp-json\/wp\/v2\/media?parent=50609"}],"wp:term":[{"taxonomy":"category","embeddable":true,"href":"https:\/\/redsemlac.com\/semmexico\/wp-json\/wp\/v2\/categories?post=50609"},{"taxonomy":"post_tag","embeddable":true,"href":"https:\/\/redsemlac.com\/semmexico\/wp-json\/wp\/v2\/tags?post=50609"}],"curies":[{"name":"wp","href":"https:\/\/api.w.org\/{rel}","templated":true}]}}