{"id":50588,"date":"2022-05-22T13:28:48","date_gmt":"2022-05-22T19:28:48","guid":{"rendered":"https:\/\/redsemlac.com\/semmexico\/?p=50588"},"modified":"2023-07-21T19:05:21","modified_gmt":"2023-07-22T00:05:21","slug":"antimotines-y-policias-agredieron-a-la-familia-y-vecina-de-yoseline-patricio-vendrel-quien-aparecio-a-50-horas-de-su-secuestro","status":"publish","type":"post","link":"https:\/\/redsemlac.com\/semmexico\/antimotines-y-policias-agredieron-a-la-familia-y-vecina-de-yoseline-patricio-vendrel-quien-aparecio-a-50-horas-de-su-secuestro\/","title":{"rendered":"Antimotines y polic\u00edas agredieron a la familia y vecina de Yoseline Patricio Vendrel, quien apareci\u00f3 a 50 horas de su secuestro"},"content":{"rendered":"\n<p class=\"wp-block-paragraph\">Ofrecieron un mill\u00f3n de pesos a los criminales y sin explicaciones a las 8 horas de hoy dieron que fue rescatada \u00a0 <\/p>\n\n\n\n<p class=\"wp-block-paragraph\">De la agresi\u00f3n\u00a0 resultaron 10 personas lesionadas<\/p>\n\n\n\n<p class=\"wp-block-paragraph\">Josefina Aguilar Pastor\u00a0\u00a0<\/p>\n\n\n\n<p class=\"wp-block-paragraph\">Chilpancingo, Guerrero, 21 de mayo de 2022.- Esta ma\u00f1ana fue localizada &nbsp;Yoseline&nbsp;Patricio Vendrel, informaron las autoridades, tras 50 horas de su desaparici\u00f3n y solamente luego de que familiares, amigos, vecinos, activistas se movilizaron, bloquearon los caminos en Acapulco, y sufrir la agresi\u00f3n&nbsp; de &nbsp;polic\u00edas antimotines, que actuaron, dijeron &nbsp;para impedir la obstrucci\u00f3n de los dos carriles de la carretera federal, y no afecten la llegada de visitantes al Tianguis Tur\u00edstico,&nbsp;&nbsp;un visitante de la CDMX agrede a activistas.&nbsp;<\/p>\n\n\n\n<p class=\"wp-block-paragraph\">De acuerdo a los reportes, la menor de 16 a\u00f1os, sali\u00f3 de su domicilio ubicado en&nbsp;la unidad habitacional San Agust\u00edn de Acapulco,&nbsp;con rumbo al Cecyteg, donde estudiaba. Ah\u00ed la secuestraron.&nbsp;<\/p>\n\n\n\n<p class=\"wp-block-paragraph\">Iba en compa\u00f1\u00eda de su novio, a quien hombres desconocidos, apuntaron con un arma, obligaron a ponerse de rodillas mientras se llevaban a la joven.&nbsp;&nbsp;<\/p>\n\n\n\n<p class=\"wp-block-paragraph\">El reporte fue puesto al 911, desde ese momento, se lanz\u00f3 la alerta para la b\u00fasqueda de\u00a0Yoseline\u00a0Patricio Vendrel.\u00a0Esta madrugada la gobernadora, Evelyn Salgado Pineda, se incorpor\u00f3 a la zona de la protesta y anunci\u00f3 que actuar\u00edan en la b\u00fasqueda fuerzas federales. La jovencita fue rescatada, pero al cierre de esta informaci\u00f3n, ninguna autoridad dio detalles del \u201coperativo\u201d, ni si el \u00e9xito del mismo tuvo que ver con un ofrecimiento de un mill\u00f3n de pesos a los captores.<\/p>\n\n\n\n<figure class=\"wp-block-gallery has-nested-images columns-default is-cropped wp-block-gallery-1 is-layout-flex wp-block-gallery-is-layout-flex\">\n<figure class=\"wp-block-image size-large\"><img loading=\"lazy\" decoding=\"async\" width=\"955\" height=\"1204\" data-id=\"50597\" src=\"https:\/\/redsemlac.com\/semmexico\/wp-content\/uploads\/2022\/05\/283239955_373480934816334_8183499095903259281_n-1.jpg\" alt=\"\" class=\"wp-image-50597\"\/><\/figure>\n\n\n\n<figure class=\"wp-block-image size-large\"><img loading=\"lazy\" decoding=\"async\" width=\"526\" height=\"681\" data-id=\"50596\" src=\"https:\/\/redsemlac.com\/semmexico\/wp-content\/uploads\/2022\/05\/281798994_125775976782073_7237598512662580593_n.jpg\" alt=\"\" class=\"wp-image-50596\"\/><\/figure>\n<\/figure>\n\n\n\n<p class=\"wp-block-paragraph\">La Secretar\u00eda de Seguridad P\u00fablica del Estado, emiti\u00f3 un comunicado en el que inform\u00f3 que, en coordinaci\u00f3n con la Defensa nacional, marina y Guardia Nacional, tras conocer el reporte, implement\u00f3 un operario integrado por 20 motociclistas del grupo t\u00e1ctico de Reacci\u00f3n Inmediata, elementos preventivos&nbsp;en 6 camionetas, 12 elementos de fuerzas especiales, as\u00ed como 2 binomios caninos en su b\u00fasqueda.&nbsp;<\/p>\n\n\n\n<p class=\"wp-block-paragraph\">Por la noche la gobernadora Evelyn Salgado Pineda, a trav\u00e9s de sus redes sociales, que desde el primer momento de la desaparici\u00f3n de la menor Yoseline \u201cN\u201d la ma\u00f1ana de este viernes en el puerto de Acapulco, activaron los protocolos pertinentes para su b\u00fasqueda y localizaci\u00f3n; y establecieron comunicaci\u00f3n con sus padres, a quienes ofreci\u00f3 todo el apoyo y respaldo para dar con el paradero de su hija.&nbsp;<\/p>\n\n\n\n<p class=\"wp-block-paragraph\">Tambi\u00e9n escribi\u00f3, gir\u00f3 instrucciones a los titulares de la Secretar\u00eda General de Gobierno del Estado de Guerrero, Ludwig Marcial Reynoso N\u00fa\u00f1ez y de la Secretar\u00eda de Seguridad P\u00fablica de Guerrero, Evelio M\u00e9ndez G\u00f3mez, para brindar atenci\u00f3n puntual al caso en coordinaci\u00f3n con la Fiscal\u00eda General del Estado de Guerrero y dem\u00e1s autoridades correspondientes.&nbsp;<\/p>\n\n\n\n<p class=\"wp-block-paragraph\">Sin embargo, la noche trascurri\u00f3, y no aparec\u00eda, la familia y vecinas se mantuvieron pr\u00e1cticamente en vela esperando el regreso de Yoseline.&nbsp;<\/p>\n\n\n\n<p class=\"wp-block-paragraph\">Ayer, desde muy temprano, optaron por bloquear a la Altura de Paso Limonero, como una forma de presi\u00f3n para las autoridades para agilizar la b\u00fasqueda. Hasta ese momento, dijo Belem Ventrel, madre de Yoseline, sus captores no se hab\u00edan comunicado con ellos para pedir un rescate, por lo que descartaba que se trate de un secuestro.&nbsp;<\/p>\n\n\n\n<figure class=\"wp-block-gallery has-nested-images columns-default is-cropped wp-block-gallery-2 is-layout-flex wp-block-gallery-is-layout-flex\">\n<figure class=\"wp-block-image size-large\"><img loading=\"lazy\" decoding=\"async\" width=\"612\" height=\"343\" data-id=\"50592\" src=\"https:\/\/redsemlac.com\/semmexico\/wp-content\/uploads\/2022\/05\/1.jpg\" alt=\"\" class=\"wp-image-50592\"\/><\/figure>\n\n\n\n<figure class=\"wp-block-image size-large\"><img loading=\"lazy\" decoding=\"async\" width=\"1600\" height=\"1200\" data-id=\"50593\" src=\"https:\/\/redsemlac.com\/semmexico\/wp-content\/uploads\/2022\/05\/281146633_780671510008379_8379262341630729956_n.jpg\" alt=\"\" class=\"wp-image-50593\"\/><\/figure>\n<\/figure>\n\n\n\n<figure class=\"wp-block-gallery has-nested-images columns-default is-cropped wp-block-gallery-3 is-layout-flex wp-block-gallery-is-layout-flex\">\n<figure class=\"wp-block-image size-large\"><img loading=\"lazy\" decoding=\"async\" width=\"720\" height=\"1280\" data-id=\"50591\" src=\"https:\/\/redsemlac.com\/semmexico\/wp-content\/uploads\/2022\/05\/280977849_123560937010392_2356047774333821917_n.jpg\" alt=\"\" class=\"wp-image-50591\"\/><\/figure>\n\n\n\n<figure class=\"wp-block-image size-large\"><img loading=\"lazy\" decoding=\"async\" width=\"720\" height=\"1280\" data-id=\"50594\" src=\"https:\/\/redsemlac.com\/semmexico\/wp-content\/uploads\/2022\/05\/a2101b88-4558-4474-8a0f-3741283a6b41.jpg\" alt=\"\" class=\"wp-image-50594\"\/><\/figure>\n<\/figure>\n\n\n\n<p class=\"wp-block-paragraph\">En respuesta, el gobierno del Estado, env\u00edo polic\u00edas antimotines para reprimir a las y los manifestantes, la mayor\u00eda mujeres y ni\u00f1os, y ni\u00f1as, les exig\u00edan que limitaran su bloqueo a un solo carril.&nbsp;<\/p>\n\n\n\n<p class=\"wp-block-paragraph\">Esto para no impedir la llegada de turistas que llegan al Tianguis tur\u00edstico, que se desarrolla en el puerto de Acapulco.&nbsp;<\/p>\n\n\n\n<p class=\"wp-block-paragraph\">El resultado, fue alrededor de 10 personas lesionadas con golpes y raspones, debido a la ca\u00edda que sufrieron al ser empujadas por los uniformados.&nbsp;<\/p>\n\n\n\n<p class=\"wp-block-paragraph\">Al filo de las 15 horas, organizaciones de activistas, convocaron a una concentraci\u00f3n a la altura de la Diana, sobre la Costera Miguel Alem\u00e1n.&nbsp;<\/p>\n\n\n\n<p class=\"wp-block-paragraph\">Un motociclista proveniente de la CDMX, que lleg\u00f3 al puerto atra\u00eddo por el llamado \u201cAcamoto\u201d, que en los \u00faltimos a\u00f1os se ha convertido en excesos de todo tipo, intent\u00f3 romper el cerco.&nbsp;<\/p>\n\n\n\n<p class=\"wp-block-paragraph\">\u201cMe vale ver\u2026!, les respondi\u00f3 a las activistas que le dijeron que no pod\u00eda pasar, que bloqueaban para exigir la liberaci\u00f3n de una adolescente de 16 a\u00f1os, secuestrada, \u201ca m\u00ed no me intimidan\u201d, completo su pareja que lo acompa\u00f1aba en la parte trasera de la moto.&nbsp;<\/p>\n\n\n\n<p class=\"wp-block-paragraph\">Tras un intercambio de palabras e insultos con las manifestantes, finalmente, con la intervenci\u00f3n incluso de algunos reporteros, de mala gana tom\u00f3 opt\u00f3 por retirarse, no sin antes insultar a una de las manifestantes \u201cnada m\u00e1s h\u00e1ganse un parito\u2026m\u00e9tanse a ba\u00f1ar\u201d, les grit\u00f3.&nbsp;<\/p>\n\n\n\n<p class=\"wp-block-paragraph\">Al filo de las 5:30 de la tarde, la Red Feminista Acapulco Violeta, emiti\u00f3 un pronunciamiento, en el que exigi\u00f3 a los tres niveles Gobierno, la aparici\u00f3n con vida de la menor Yoseline Patricio Verdel&nbsp;&nbsp;<\/p>\n\n\n\n<p class=\"wp-block-paragraph\">Acapulco es de las ciudades de Guerrero, m\u00e1s violentas para las mujeres, a diario en redes sociales circulan fotos y datos de las desaparecidas y muy pocas veces los esfuerzos institucionales logran coordinarse para la b\u00fasqueda y presentaci\u00f3n con vida.&nbsp;&nbsp;<\/p>\n\n\n\n<p class=\"wp-block-paragraph\">Manifest\u00f3 el respaldo a la familia de Yoseline y las de todas las mujeres, adolescentes y ni\u00f1as desaparecidas de Acapulco y del Estado, \u201cpues est\u00e1 violencia ha venido creciendo en los \u00faltimos a\u00f1os y poco se hace o a veces nada, sobre todo cuando las v\u00edctimas son pobres\u201d.&nbsp;<\/p>\n\n\n\n<p class=\"wp-block-paragraph\">Tambi\u00e9n exige a la Gobernadora, a la presidenta de Acapulco hacer mucho m\u00e1s que buenos deseos por eliminar de una vez por todas las distintas Violencias contra las mujeres, ni\u00f1as y adolescentes,&nbsp;y a todas las instituciones del Estado a dejar de lado la simulaci\u00f3n \u201cque vemos los d\u00edas naranjas y se pongan a trabajar en serio en pol\u00edticas de prevenci\u00f3n, atenci\u00f3n y sanci\u00f3n para erradicar las Violencias contra las mujeres, ni\u00f1as y adolescentes\u201d, reclam\u00f3 la colectiva.&nbsp;<\/p>\n\n\n\n<p class=\"wp-block-paragraph\">Otras colectivas, como la Red Guerrerense por los derechos de las Mujeres, se sumaron tambi\u00e9n a la movilizaci\u00f3n y exigencia por la liberaci\u00f3n de Yoseline, aportaron algunos productos como agua y alimentos a la familia y manifestantes que se han mantenido desde este viernes en protesta.\u00a0\u00a0<\/p>\n","protected":false},"excerpt":{"rendered":"<p>Esta ma\u00f1ana fue localizada \u00a0Yoseline\u00a0Patricio Vendrel, informaron las autoridades, tras 50 horas de su desaparici\u00f3n y solamente luego de que familiares, amigos, vecinos, activistas se movilizaron, bloquearon los caminos en Acapulco, y sufrir la agresi\u00f3n\u00a0 de \u00a0polic\u00edas antimotines.<\/p>\n","protected":false},"author":3,"featured_media":50590,"comment_status":"open","ping_status":"open","sticky":false,"template":"","format":"standard","meta":{"_monsterinsights_skip_tracking":false,"footnotes":""},"categories":[693,54],"tags":[],"class_list":["post-50588","post","type-post","status-publish","format-standard","has-post-thumbnail","category-693","category-mujeres"],"_links":{"self":[{"href":"https:\/\/redsemlac.com\/semmexico\/wp-json\/wp\/v2\/posts\/50588","targetHints":{"allow":["GET"]}}],"collection":[{"href":"https:\/\/redsemlac.com\/semmexico\/wp-json\/wp\/v2\/posts"}],"about":[{"href":"https:\/\/redsemlac.com\/semmexico\/wp-json\/wp\/v2\/types\/post"}],"author":[{"embeddable":true,"href":"https:\/\/redsemlac.com\/semmexico\/wp-json\/wp\/v2\/users\/3"}],"replies":[{"embeddable":true,"href":"https:\/\/redsemlac.com\/semmexico\/wp-json\/wp\/v2\/comments?post=50588"}],"version-history":[{"count":0,"href":"https:\/\/redsemlac.com\/semmexico\/wp-json\/wp\/v2\/posts\/50588\/revisions"}],"wp:featuredmedia":[{"embeddable":true,"href":"https:\/\/redsemlac.com\/semmexico\/wp-json\/wp\/v2\/media\/50590"}],"wp:attachment":[{"href":"https:\/\/redsemlac.com\/semmexico\/wp-json\/wp\/v2\/media?parent=50588"}],"wp:term":[{"taxonomy":"category","embeddable":true,"href":"https:\/\/redsemlac.com\/semmexico\/wp-json\/wp\/v2\/categories?post=50588"},{"taxonomy":"post_tag","embeddable":true,"href":"https:\/\/redsemlac.com\/semmexico\/wp-json\/wp\/v2\/tags?post=50588"}],"curies":[{"name":"wp","href":"https:\/\/api.w.org\/{rel}","templated":true}]}}