{"id":50586,"date":"2022-05-22T12:47:07","date_gmt":"2022-05-22T18:47:07","guid":{"rendered":"https:\/\/redsemlac.com\/semmexico\/?p=50586"},"modified":"2023-07-21T19:05:21","modified_gmt":"2023-07-22T00:05:21","slug":"desde-la-mano-izquierda-justicia-regla-o-excepcion","status":"publish","type":"post","link":"https:\/\/redsemlac.com\/semmexico\/desde-la-mano-izquierda-justicia-regla-o-excepcion\/","title":{"rendered":"Desde la mano izquierda| Justicia, regla o excepci\u00f3n"},"content":{"rendered":"\n<p class=\"wp-block-paragraph\">Claudia Espinosa Almaguer<\/p>\n\n\n\n<p class=\"wp-block-paragraph\">SemM\u00e9xico, San Luis Potos\u00ed, SLP, 22 de mayo, 2022.- Cualquier asunto penal en el pa\u00eds tiene un mismo objeto y finalidad, de acuerdo con el art\u00edculo 20 de la Constituci\u00f3n Mexicana, se busca esclarecer los hechos, proteger al inocente, procurar que el culpable no quede impune y que los da\u00f1os causados por el delito se reparen. Esto significa un apego a determinados principios como el de publicidad, contradicci\u00f3n, concentraci\u00f3n, continuidad e inmediaci\u00f3n, as\u00ed tambi\u00e9n, debe producirse de manera oral y con alto grado de responsabilidad y \u00e9tica por parte de los sujetos del procedimiento que representan a las instituciones del Estado con facultades espec\u00edficas, cuya agresi\u00f3n o no adhesi\u00f3n puede constituir un obst\u00e1culo para el acceso a la justicia para v\u00edctimas e imputados.<\/p>\n\n\n\n<p class=\"wp-block-paragraph\">Eso, traducido en la vivencia de la ciudadan\u00eda, se da a partir de la decisi\u00f3n de una persona a denunciar un hecho delictivo que le afecta o cuando el suceso delincuencial por s\u00ed mismo amerita la intervenci\u00f3n de la polic\u00eda y del Ministerio P\u00fablico. Desde all\u00ed y hasta el final de la respuesta jur\u00eddica y pol\u00edtico criminal que otorga el Estado, existen efectivamente muchas desviaciones, desde aquellas que podr\u00edamos nombrar leg\u00edtimas por ser propias del sistema acusatorio y distintas a la pena de prisi\u00f3n a fin de usarla como \u00faltimo recurso, hasta aquellas ileg\u00edtimas provocadas por negligencia o corrupci\u00f3n, que dejan el hecho impune o que derivan en una sentencia injusta.<\/p>\n\n\n\n<p class=\"wp-block-paragraph\">Siendo que la reforma penal se produjo en 2008, se puede afirmar que las acciones realizadas para reeducar a los operadores, transformar la cultura y las expectativas sociales en torno a este sistema, no han conseguido la maduraci\u00f3n suficiente, me adelanto en considerar que no se trata, respecto a su eficacia, que tenga \u201cdetalles\u201d pendientes, sino que por el contrario, en M\u00e9xico el acceso a la justicia no es la regla sino la excepci\u00f3n e inclusive all\u00ed, perseveran las fallas en el respeto a derechos fundamentales o de reparaci\u00f3n integral del da\u00f1o.<\/p>\n\n\n\n<p class=\"wp-block-paragraph\">Comprobar el enunciado implicar\u00eda un an\u00e1lisis de mayor exhaustividad, no obstante, se puede caracterizar el contexto en donde se aplica el sistema de justicia como un proceso kafkiano muy similar al malditismo del cual fue acusado su antecesor.<\/p>\n\n\n\n<p class=\"wp-block-paragraph\">La Encuesta Nacional de Victimizaci\u00f3n y Percepci\u00f3n del Delito indica que en el a\u00f1o 2020 se denunci\u00f3 el 10.1% de los delitos cometidos en M\u00e9xico y de ellos apenas en el 66.9% de los casos el Ministerio P\u00fablico inici\u00f3 una carpeta de investigaci\u00f3n, por lo tanto, la cifra negra aument\u00f3 a 93.3% con respecto al a\u00f1o anterior, 94.5% para el caso de San Luis Potos\u00ed.<\/p>\n\n\n\n<p class=\"wp-block-paragraph\">En ese mismo instrumento se indica que en el 48.4% de los casos en la indagatoria no pas\u00f3 nada o no se continu\u00f3 con la investigaci\u00f3n, el 27% est\u00e1 en tr\u00e1mite, un 5.9% recuper\u00f3 sus bienes, un 4.6% se puso al delincuente a disposici\u00f3n del juez, en el 3.8% hubo reparaci\u00f3n y en un 2.8% se otorg\u00f3 el perd\u00f3n.<\/p>\n\n\n\n<p class=\"wp-block-paragraph\">Precisamente dentro de las razones para no denunciar se encuentra la p\u00e9rdida de tiempo, la desconfianza, la complejidad del tr\u00e1mite, el comportamiento hostil de la autoridad y el miedo a ser extorsionado por ella.<\/p>\n\n\n\n<p class=\"wp-block-paragraph\">En otras palabras, la gente no conf\u00eda en la polic\u00eda, en el Ministerio P\u00fablico, en el juez, les considera autoridades mal intencionadas y corruptas a lo que se a\u00f1ade el grav\u00edsimo problema de la abogac\u00eda, como carrera de base de todos esos actores, para comunicarse claramente con la v\u00edctima del delito, con los imputados, con las personas que les rodean, con los medios y con la comunidad en donde aplican el Derecho.<\/p>\n\n\n\n<p class=\"wp-block-paragraph\">Si a ello sumamos que, inclusive atravesando la barrera de la denuncia y sus obst\u00e1culos, no se sabe cu\u00e1ntas indagatorias son judicializadas, cu\u00e1ntas obtienen sentencia y reparaci\u00f3n del da\u00f1o, adem\u00e1s de cu\u00e1les son los programas de reinserci\u00f3n social que se producen para las personas privadas de su libertad, es decir, no hay transparencia en ninguna parte del pa\u00eds de la cantidad y calidad de los fines del proceso, que no se cumplen sino hasta esas etapas fuera del foco p\u00fablico y poco vigiladas m\u00e1s all\u00e1 de las propias v\u00edctimas que ven afectados sus derechos y que permanecen silenciadas por represalias gubernamentales. Entonces, el acceso a la justicia no es la regla, es la excepci\u00f3n.<\/p>\n\n\n\n<p class=\"wp-block-paragraph\">A m\u00e1s ver.<\/p>\n","protected":false},"excerpt":{"rendered":"<p>Cualquier asunto penal en el pa\u00eds tiene un mismo objeto y finalidad, de acuerdo con el art\u00edculo 20 de la Constituci\u00f3n Mexicana, se busca esclarecer los hechos, proteger al inocente, procurar que el culpable no quede impune y que los da\u00f1os causados por el delito se reparen.<\/p>\n","protected":false},"author":3,"featured_media":36870,"comment_status":"open","ping_status":"open","sticky":false,"template":"","format":"standard","meta":{"_monsterinsights_skip_tracking":false,"footnotes":""},"categories":[693,131,35],"tags":[],"class_list":["post-50586","post","type-post","status-publish","format-standard","has-post-thumbnail","category-693","category-claudia-almaguer","category-opinion"],"_links":{"self":[{"href":"https:\/\/redsemlac.com\/semmexico\/wp-json\/wp\/v2\/posts\/50586","targetHints":{"allow":["GET"]}}],"collection":[{"href":"https:\/\/redsemlac.com\/semmexico\/wp-json\/wp\/v2\/posts"}],"about":[{"href":"https:\/\/redsemlac.com\/semmexico\/wp-json\/wp\/v2\/types\/post"}],"author":[{"embeddable":true,"href":"https:\/\/redsemlac.com\/semmexico\/wp-json\/wp\/v2\/users\/3"}],"replies":[{"embeddable":true,"href":"https:\/\/redsemlac.com\/semmexico\/wp-json\/wp\/v2\/comments?post=50586"}],"version-history":[{"count":0,"href":"https:\/\/redsemlac.com\/semmexico\/wp-json\/wp\/v2\/posts\/50586\/revisions"}],"wp:featuredmedia":[{"embeddable":true,"href":"https:\/\/redsemlac.com\/semmexico\/wp-json\/wp\/v2\/media\/36870"}],"wp:attachment":[{"href":"https:\/\/redsemlac.com\/semmexico\/wp-json\/wp\/v2\/media?parent=50586"}],"wp:term":[{"taxonomy":"category","embeddable":true,"href":"https:\/\/redsemlac.com\/semmexico\/wp-json\/wp\/v2\/categories?post=50586"},{"taxonomy":"post_tag","embeddable":true,"href":"https:\/\/redsemlac.com\/semmexico\/wp-json\/wp\/v2\/tags?post=50586"}],"curies":[{"name":"wp","href":"https:\/\/api.w.org\/{rel}","templated":true}]}}