{"id":50524,"date":"2022-05-21T14:35:37","date_gmt":"2022-05-21T20:35:37","guid":{"rendered":"https:\/\/redsemlac.com\/semmexico\/?p=50524"},"modified":"2023-07-21T19:05:22","modified_gmt":"2023-07-22T00:05:22","slug":"mas-de-veinte-siglos-de-escultura-en-la-galeria-jonica","status":"publish","type":"post","link":"https:\/\/redsemlac.com\/semmexico\/mas-de-veinte-siglos-de-escultura-en-la-galeria-jonica\/","title":{"rendered":"<strong>M\u00c1S DE VEINTE SIGLOS DE ESCULTURA EN LA GALER\u00cdA J\u00d3NICA<\/strong><strong><\/strong>"},"content":{"rendered":"\n<p class=\"wp-block-paragraph\"><strong>&nbsp;NORTE DEL MUSEO NACIONAL DEL PRADO&nbsp;<\/strong><\/p>\n\n\n\n<p class=\"wp-block-paragraph\"><strong>Una visi\u00f3n desde la mirada de una mujer<\/strong><\/p>\n\n\n\n<p class=\"wp-block-paragraph\"><strong>Mar\u00eda Esther Beltr\u00e1n Mart\u00ednez Fotos: Museo Nacional del Prado&nbsp;<\/strong><\/p>\n\n\n\n<p class=\"wp-block-paragraph\"><strong>SemM\u00e9xico\/Ceprovysa, Madrid, Espa\u00f1a, 21 de mayo, 2021.-&nbsp;&nbsp;<\/strong>El Museo Nacional del Prado exhibe 56 obras desde el Antiguo Egipto, pasando por el mundo romano y el Renacimiento para concluir&nbsp;a finales del Barroco. Adem\u00e1s, que ha dado a conocer la rehabilitaci\u00f3n de la galer\u00eda j\u00f3nica norte que se sit\u00faa&nbsp;junto a la Galer\u00eda Central en la primera planta, para ampliar la visibilidad de sus colecciones de escultura y artes decorativas de manera permanente.<\/p>\n\n\n\n<p class=\"wp-block-paragraph\">Leticia Azcue Brea, Jefa del \u00c1rea de Conservaci\u00f3n de Escultura y Artes Decorativas del Museo Nacional del Prado explica que la presencia y la importancia de la escultura en el Museo del Prado\u00a0se remonta a sus or\u00edgenes mismos.\u00a0<\/p>\n\n\n\n<figure class=\"wp-block-gallery has-nested-images columns-default is-cropped wp-block-gallery-1 is-layout-flex wp-block-gallery-is-layout-flex\">\n<figure class=\"wp-block-image size-large\"><a href=\"https:\/\/redsemlac.com\/semmexico\/wp-content\/uploads\/2022\/05\/ecultura-01.png\"><img loading=\"lazy\" decoding=\"async\" width=\"527\" height=\"512\" data-id=\"50527\" src=\"https:\/\/redsemlac.com\/semmexico\/wp-content\/uploads\/2022\/05\/ecultura-01.png\" alt=\"\" class=\"wp-image-50527\"\/><\/a><\/figure>\n\n\n\n<figure class=\"wp-block-image size-large\"><a href=\"https:\/\/redsemlac.com\/semmexico\/wp-content\/uploads\/2022\/05\/ecultura-02.png\"><img loading=\"lazy\" decoding=\"async\" width=\"363\" height=\"529\" data-id=\"50526\" src=\"https:\/\/redsemlac.com\/semmexico\/wp-content\/uploads\/2022\/05\/ecultura-02.png\" alt=\"\" class=\"wp-image-50526\"\/><\/a><\/figure>\n<\/figure>\n\n\n\n<figure class=\"wp-block-gallery has-nested-images columns-default is-cropped wp-block-gallery-2 is-layout-flex wp-block-gallery-is-layout-flex\">\n<figure class=\"wp-block-image size-large\"><a href=\"https:\/\/redsemlac.com\/semmexico\/wp-content\/uploads\/2022\/05\/ecultura-03.png\"><img loading=\"lazy\" decoding=\"async\" width=\"492\" height=\"528\" data-id=\"50528\" src=\"https:\/\/redsemlac.com\/semmexico\/wp-content\/uploads\/2022\/05\/ecultura-03.png\" alt=\"\" class=\"wp-image-50528\"\/><\/a><\/figure>\n\n\n\n<figure class=\"wp-block-image size-large\"><a href=\"https:\/\/redsemlac.com\/semmexico\/wp-content\/uploads\/2022\/05\/ecultura-04.png\"><img loading=\"lazy\" decoding=\"async\" width=\"503\" height=\"514\" data-id=\"50529\" src=\"https:\/\/redsemlac.com\/semmexico\/wp-content\/uploads\/2022\/05\/ecultura-04.png\" alt=\"\" class=\"wp-image-50529\"\/><\/a><\/figure>\n<\/figure>\n\n\n\n<div class=\"wp-block-image\"><figure class=\"aligncenter size-full\"><a href=\"https:\/\/redsemlac.com\/semmexico\/wp-content\/uploads\/2022\/05\/ecultura-05.png\"><img loading=\"lazy\" decoding=\"async\" width=\"514\" height=\"504\" src=\"https:\/\/redsemlac.com\/semmexico\/wp-content\/uploads\/2022\/05\/ecultura-05.png\" alt=\"\" class=\"wp-image-50530\"\/><\/a><\/figure><\/div>\n\n\n\n<p class=\"wp-block-paragraph\">\u201cUna vez fundado el Real Museo de Pinturas en 1819, ya en 1826, se encarg\u00f3 al primer escultor de C\u00e1mara, Jos\u00e9 \u00c1lvarez Cubero visitar los Palacios Reales para seleccionar obras que deber\u00edan incorporarse al Museo. Esta tarea la continu\u00f3 el escultor Valeriano Salvatierra trayendo esculturas en diferentes remesas, y exponiendo algunas de ellas. En 1838 la instituci\u00f3n pas\u00f3 a denominarse Real Museo de Pintura y Escultura y al a\u00f1o siguiente se abrieron, de manera oficial, las salas destinadas a esta materia. En la segunda mitad del siglo XIX, la colecci\u00f3n escult\u00f3rica continu\u00f3 ampli\u00e1ndose y, sobre todo, incorpor\u00f3 obras premiadas en las Exposiciones Nacionales de Bellas Artes\u201d<\/p>\n\n\n\n<p class=\"wp-block-paragraph\">El actual proyecto, que hoy se inaugura, quiere recuperar uno de ellos, el situado en el lado norte, reci\u00e9n acondicionado arquitect\u00f3nicamente, evocando de manera permanente, el valor expositivo de esa antigua f\u00f3rmula que es la \u201cgaler\u00eda\u201d.<\/p>\n\n\n\n<p class=\"wp-block-paragraph\">\u201cLas esculturas se muestran en un sugestivo espacio dotado de luz natural, donde poder disfrutar de las mismas y detenerse en su contemplaci\u00f3n, en su realizaci\u00f3n pl\u00e1stica y en su particular cromatismo\u201d, explica Azcue Brea.&nbsp;<\/p>\n\n\n\n<p class=\"wp-block-paragraph\">La selecci\u00f3n abarca una amplia secuencia cronol\u00f3gica, que se inicia con dos cabezas egipcias, una representaci\u00f3n de este periodo art\u00edstico, muy reducido en la colecci\u00f3n, que se completa, a nivel expositivo, con otras dos obras que el Prado tiene depositadas permanentemente en el Museo Arqueol\u00f3gico Nacional.&nbsp;<\/p>\n\n\n\n<p class=\"wp-block-paragraph\">\u201cLa enorme variedad de modelos hablan de la validez del lenguaje cl\u00e1sico y de su reinterpretaci\u00f3n. El retrato tiene un protagonismo muy especial, donde conviven al&nbsp;mismo tiempo estereotipos, idealizaci\u00f3n y el realismo m\u00e1s veraz \u2013 explica.<\/p>\n\n\n\n<p class=\"wp-block-paragraph\">El p\u00fablico puede tener la&nbsp;necesidad de conocer los rostros de personajes ilustres se remonta al pasado grecolatino y esto se puede observar en ejemplos muy significativos, desde versiones hechas en Roma, de fil\u00f3sofos y escritores griegos, como Homero, Jenofonte o S\u00f3focles, a retratos de grandes personajes de su historia como la emperatriz Julia Domna, pasando por elaborados retratos de damas o interpretaciones romanas de iconograf\u00edas egipcias.<\/p>\n\n\n\n<p class=\"wp-block-paragraph\">Al respecto explican que composiciones de bulto redondo renacentistas muestran retratos como los de Julio Cesar o Cicer\u00f3n, o idealizadas composiciones como la de Hermes-Antinoo, para concluir en el intenso rostro de una Medusa de finales del siglo XVIII.<\/p>\n\n\n\n<p class=\"wp-block-paragraph\">Emperadores, emperatrices, reyes, fil\u00f3sofos, poetas, damas romanas, musas y otros personajes mitol\u00f3gicos, alegor\u00edas y hasta detalladas representaciones animal\u00edsticas entre otros, dan una precisa idea de una parte de las ricas y variadas colecciones del Museo del Prado. El conjunto se completa con destacados vasos de p\u00f3rfido, el material imperial por excelencia, y con una evocaci\u00f3n a los viajeros por Italia con una vista de la \u201cGruta de Posillipo en N\u00e1poles\u201d, lugar de peregrinaci\u00f3n relacionado con la tumba de Virgilio.<\/p>\n\n\n\n<p class=\"wp-block-paragraph\">&nbsp;Todas estas esculturas&nbsp;recuerdan que, en su d\u00eda, pertenecieron a algunos de los personajes m\u00e1s destacados en la historia del coleccionismo internacional, como Cristina de Suecia, Diego Hurtado de Mendoza o Jos\u00e9 Nicol\u00e1s de Azara y que fueron adquiridos, en su mayor\u00eda, por los monarcas espa\u00f1oles para la decoraci\u00f3n de sus palacios y sitios reales, desde donde pasaron en el siglo XIX al Museo del Prado.<\/p>\n","protected":false},"excerpt":{"rendered":"<p>El Museo Nacional del Prado exhibe 56 obras desde el Antiguo Egipto, pasando por el mundo romano y el Renacimiento para concluir\u00a0a finales del Barroco. <\/p>\n","protected":false},"author":3,"featured_media":50525,"comment_status":"open","ping_status":"open","sticky":false,"template":"","format":"standard","meta":{"_monsterinsights_skip_tracking":false,"footnotes":""},"categories":[693,45,46],"tags":[],"class_list":["post-50524","post","type-post","status-publish","format-standard","has-post-thumbnail","category-693","category-cultura","category-cultura-cultura"],"_links":{"self":[{"href":"https:\/\/redsemlac.com\/semmexico\/wp-json\/wp\/v2\/posts\/50524","targetHints":{"allow":["GET"]}}],"collection":[{"href":"https:\/\/redsemlac.com\/semmexico\/wp-json\/wp\/v2\/posts"}],"about":[{"href":"https:\/\/redsemlac.com\/semmexico\/wp-json\/wp\/v2\/types\/post"}],"author":[{"embeddable":true,"href":"https:\/\/redsemlac.com\/semmexico\/wp-json\/wp\/v2\/users\/3"}],"replies":[{"embeddable":true,"href":"https:\/\/redsemlac.com\/semmexico\/wp-json\/wp\/v2\/comments?post=50524"}],"version-history":[{"count":0,"href":"https:\/\/redsemlac.com\/semmexico\/wp-json\/wp\/v2\/posts\/50524\/revisions"}],"wp:featuredmedia":[{"embeddable":true,"href":"https:\/\/redsemlac.com\/semmexico\/wp-json\/wp\/v2\/media\/50525"}],"wp:attachment":[{"href":"https:\/\/redsemlac.com\/semmexico\/wp-json\/wp\/v2\/media?parent=50524"}],"wp:term":[{"taxonomy":"category","embeddable":true,"href":"https:\/\/redsemlac.com\/semmexico\/wp-json\/wp\/v2\/categories?post=50524"},{"taxonomy":"post_tag","embeddable":true,"href":"https:\/\/redsemlac.com\/semmexico\/wp-json\/wp\/v2\/tags?post=50524"}],"curies":[{"name":"wp","href":"https:\/\/api.w.org\/{rel}","templated":true}]}}