{"id":5036,"date":"2018-10-15T19:58:57","date_gmt":"2018-10-15T19:58:57","guid":{"rendered":"https:\/\/redsemlac.com\/semmexico\/?p=5036"},"modified":"2023-07-21T14:33:47","modified_gmt":"2023-07-21T19:33:47","slug":"realizan-foro-acceso-a-la-informacion-e-igualdad-de-genero","status":"publish","type":"post","link":"https:\/\/redsemlac.com\/semmexico\/realizan-foro-acceso-a-la-informacion-e-igualdad-de-genero\/","title":{"rendered":"Realizan foro Acceso a la Informaci\u00f3n e Igualdad de G\u00e9nero"},"content":{"rendered":"\n<p class=\"wp-block-paragraph\"><a href=\"https:\/\/www.semmexico.com\/gallery-post.php?id=6121#\">Lizbeth \u00c1lvarez<\/a><\/p>\n\n\n\n<p class=\"wp-block-paragraph\">SemM\u00e9xico, Cd. de M\u00e9xico, 15 octubre 2018.- Solo el 41 por ciento de los pa\u00edses del mundo informan o tienen estad\u00edsticas en materia de violencia de g\u00e9nero, dijo la representante de ONU Mujeres M\u00e9xico, Bel\u00e9n Sanz Luque, durante el foro \u00abAcceso a la Informaci\u00f3n e Igualdad de G\u00e9nero en el contexto de la agenda 2030 y los objetivos de Desarrollo Sostenible\u00bb.&nbsp;<\/p>\n\n\n\n<p class=\"wp-block-paragraph\">Ante ello, expuso que en M\u00e9xico y en el mundo se requiere de una revoluci\u00f3n de estad\u00edsticas y en ese sentido destac\u00f3 los impulsos que realiza el Instituto Nacional de Estad\u00edstica y Geograf\u00eda (INEGI).<\/p>\n\n\n\n<p class=\"wp-block-paragraph\">Durante el foro realizado en el Senado de la Rep\u00fablica, con el apoyo de la Universidad Nacional Aut\u00f3noma de M\u00e9xico (UNAM) y de la Organizaci\u00f3n de las Naciones Unidas (ONU), Sanz Luque expres\u00f3 que la importancia de la agenda 2030 es tener un acceso democr\u00e1tico sin discriminaci\u00f3n de g\u00e9nero para toda la poblaci\u00f3n y esto ocurre por la apertura de la informaci\u00f3n.<\/p>\n\n\n\n<p class=\"wp-block-paragraph\">Cabe recordar que el pasado 10 de septiembre fue lanzado el Centro Global de Excelencia en Estad\u00edsticas de G\u00e9nero (CEEG). Que es el primero en su tipo a nivel mundial, ya que se dedicar\u00e1 \u00fanica y exclusivamente al an\u00e1lisis y generaci\u00f3n de estad\u00edsticas con perspectiva de g\u00e9nero.&nbsp;<\/p>\n\n\n\n<p class=\"wp-block-paragraph\">Los participantes coincidieron en que entre los desaf\u00edos para cumplir la Agenda 2030 se encuentran sensibilizar a los pa\u00edses sobre la importancia de destinar presupuesto para la recolecci\u00f3n de datos estad\u00edsticos de g\u00e9nero; lograr que m\u00e1s pa\u00edses produzcan regularmente informaci\u00f3n estad\u00edstica sobre violencia contra las mujeres, y que m\u00e1s naciones cuenten con legislaci\u00f3n para el levantamiento de encuestas especializadas en g\u00e9nero.<\/p>\n\n\n\n<p class=\"wp-block-paragraph\">En su turno, la senadora Martha Luc\u00eda M\u00edcher Camarena, presidenta de la Comisi\u00f3n de Igualdad de G\u00e9nero, dijo que el Poder Legislativo tiene una amplia agenda como las reformas en materia de derechos humanos para cumplir con la agenda 2030, impulsar presupuestos para cumplir con los compromisos y monitorear los resultados.<\/p>\n\n\n\n<p class=\"wp-block-paragraph\">En su turno, Albana Shala, coordinadora de IPDC-UNESCO, manifest\u00f3 que M\u00e9xico, al igual que muchas naciones, enfrenta el reto de acceso a la informaci\u00f3n con un enfoque de igualdad de g\u00e9nero.<\/p>\n\n\n\n<p class=\"wp-block-paragraph\">Exhort\u00f3 a instituciones, gobiernos y sociedad civil a implementar las ideas necesarias para garantizar no solo las metas de la ONU en materia de equidad de g\u00e9nero sino tambi\u00e9n su monitoreo y difusi\u00f3n.<\/p>\n\n\n\n<p class=\"wp-block-paragraph\">En la antigua casona de Xicot\u00e9ncatl, legisladoras y especialistas nacionales e internacionales destacaron la necesidad de impulsar una revoluci\u00f3n de las estad\u00edsticas en materia de g\u00e9nero.<\/p>\n\n\n\n<p class=\"wp-block-paragraph\">SEM\/la\/sj<br><\/p>\n","protected":false},"excerpt":{"rendered":"<p>Lizbeth \u00c1lvarez SemM\u00e9xico, Cd. de M\u00e9xico, 15 octubre 2018.- Solo el 41 por ciento de los pa\u00edses del mundo informan o tienen estad\u00edsticas en materia de violencia de g\u00e9nero, dijo la representante de ONU Mujeres M\u00e9xico, Bel\u00e9n Sanz Luque, durante el foro \u00abAcceso a la Informaci\u00f3n e Igualdad de G\u00e9nero en el contexto de la [&hellip;]<\/p>\n","protected":false},"author":3,"featured_media":5037,"comment_status":"open","ping_status":"open","sticky":false,"template":"","format":"standard","meta":{"_monsterinsights_skip_tracking":false,"footnotes":""},"categories":[689,50],"tags":[],"class_list":["post-5036","post","type-post","status-publish","format-standard","has-post-thumbnail","category-689","category-congreso"],"_links":{"self":[{"href":"https:\/\/redsemlac.com\/semmexico\/wp-json\/wp\/v2\/posts\/5036","targetHints":{"allow":["GET"]}}],"collection":[{"href":"https:\/\/redsemlac.com\/semmexico\/wp-json\/wp\/v2\/posts"}],"about":[{"href":"https:\/\/redsemlac.com\/semmexico\/wp-json\/wp\/v2\/types\/post"}],"author":[{"embeddable":true,"href":"https:\/\/redsemlac.com\/semmexico\/wp-json\/wp\/v2\/users\/3"}],"replies":[{"embeddable":true,"href":"https:\/\/redsemlac.com\/semmexico\/wp-json\/wp\/v2\/comments?post=5036"}],"version-history":[{"count":0,"href":"https:\/\/redsemlac.com\/semmexico\/wp-json\/wp\/v2\/posts\/5036\/revisions"}],"wp:featuredmedia":[{"embeddable":true,"href":"https:\/\/redsemlac.com\/semmexico\/wp-json\/wp\/v2\/media\/5037"}],"wp:attachment":[{"href":"https:\/\/redsemlac.com\/semmexico\/wp-json\/wp\/v2\/media?parent=5036"}],"wp:term":[{"taxonomy":"category","embeddable":true,"href":"https:\/\/redsemlac.com\/semmexico\/wp-json\/wp\/v2\/categories?post=5036"},{"taxonomy":"post_tag","embeddable":true,"href":"https:\/\/redsemlac.com\/semmexico\/wp-json\/wp\/v2\/tags?post=5036"}],"curies":[{"name":"wp","href":"https:\/\/api.w.org\/{rel}","templated":true}]}}