{"id":5033,"date":"2018-10-15T19:57:09","date_gmt":"2018-10-15T19:57:09","guid":{"rendered":"https:\/\/redsemlac.com\/semmexico\/?p=5033"},"modified":"2023-07-21T14:33:47","modified_gmt":"2023-07-21T19:33:47","slug":"piden-se-declare-avgm-en-la-capital-mexicana","status":"publish","type":"post","link":"https:\/\/redsemlac.com\/semmexico\/piden-se-declare-avgm-en-la-capital-mexicana\/","title":{"rendered":"Piden se declare AVGM en la capital mexicana"},"content":{"rendered":"\n<p class=\"wp-block-paragraph\"><a href=\"https:\/\/www.semmexico.com\/gallery-post.php?id=6122#\">Lizbeth \u00c1lvarez<\/a><\/p>\n\n\n\n<p class=\"wp-block-paragraph\">SemM\u00e9xico, Cd. de M\u00e9xico, 15 octubre 2018.- Con la legisladora morenista Paula Adriana Soto Maldonado como presidenta se instal\u00f3 hoy la Comisi\u00f3n de Igualdad de G\u00e9nero en el Congreso de esta ciudad.<\/p>\n\n\n\n<p class=\"wp-block-paragraph\">\u201cPara m\u00ed \u00e9sta es la comisi\u00f3n m\u00e1s importante que tiene este Congreso, porque no concibo una ciudad sin la visi\u00f3n primaria de las personas; no concibo una pol\u00edtica p\u00fablica, un presupuesto sin poner por delante a las personas y al ejercicio de nuestros derechos\u201d, expres\u00f3.<\/p>\n\n\n\n<p class=\"wp-block-paragraph\">Durante la instalaci\u00f3n de la Comisi\u00f3n de Igualdad de G\u00e9nero conformada por una mayor\u00eda de mujeres, Soto Maldonado agradeci\u00f3 la confianza de maestras feministas como Marta Lamas y Marcela Eternod Ar\u00e1mburu que la han apoyado para adquirir experiencia en los derechos de las mujeres y su relevancia.<\/p>\n\n\n\n<p class=\"wp-block-paragraph\">A su vez, la titular del Instituto Nacional de las Mujeres (Inmujeres), Eternod Ar\u00e1mburu opin\u00f3 que la Comisi\u00f3n es de la mayor trascendencia para la ciudad y una referencia para las dem\u00e1s entidades del pa\u00eds.<\/p>\n\n\n\n<p class=\"wp-block-paragraph\">\u201cTienen el enorme reto de acabar con la divisi\u00f3n sexual, de construir un sistema nacional de cuidados; c\u00f3mo construir institucionalidad, de tal manera que se garantice la autonom\u00eda f\u00edsica, jur\u00eddica, de toma de decisiones de las mujeres\u201d, dijo en su calidad de invitada.<\/p>\n\n\n\n<p class=\"wp-block-paragraph\">Por su parte, la secretaria de la comisi\u00f3n, Mar\u00eda Guadalupe Aguilar Solache, ejemplific\u00f3 con el caso del presunto feminicidio de Lesvy Berl\u00edn Osorio la forma en que la Procuradur\u00eda de Justicia capitalina la ha revictimizado \u201ces una conducta ante la cual se tiende a poner el foco sobre la persona afectada y no sobre el verdadero culpable\u201d, cit\u00f3.<\/p>\n\n\n\n<p class=\"wp-block-paragraph\">Destac\u00f3 que en la actual administraci\u00f3n, se han abierto 237 carpetas de investigaci\u00f3n por feminicidio; es decir, el 36 por ciento del total de asesinatos registrados en la capital del pa\u00eds. Sin embargo, el n\u00famero de mujeres asesinadas es de 576, desde el 2013\u201d.<\/p>\n\n\n\n<p class=\"wp-block-paragraph\">Sostuvo que existe una resistencia de las autoridades para no clasificar los asesinatos como feminicidios.<\/p>\n\n\n\n<p class=\"wp-block-paragraph\">En ese sentido, puntualiz\u00f3 que la delegaci\u00f3n con m\u00e1s feminicidios es Iztapalapa, con 51; Gustavo A. Madero con 24; Cuauht\u00e9moc con 23; Coyoac\u00e1n 19, y Tlalpan con 17 carpetas de investigaci\u00f3n.<\/p>\n\n\n\n<p class=\"wp-block-paragraph\">Ante estas cifras, la diputada local llam\u00f3 al gobierno de la Ciudad de M\u00e9xico a que aplique la declaratoria de alerta y medidas por violencia de g\u00e9nero contra las mujeres.<\/p>\n\n\n\n<p class=\"wp-block-paragraph\">Por su lado, la acad\u00e9mica Marta Lamas pidi\u00f3 a las integrantes de la comisi\u00f3n a enriquecer su sentido de la cr\u00edtica y a adquirir m\u00e1s formaci\u00f3n, para poder renovar el discurso de la igualdad de g\u00e9nero. \u201c\u00bfQu\u00e9 entendemos por pacto de sororidad?\u201d, cuestion\u00f3 a las diputadas.<\/p>\n\n\n\n<p class=\"wp-block-paragraph\">Por eso, llam\u00f3 a las congresistas a dialogar con las bancadas que conforman el legislativo de la Ciudad de M\u00e9xico y hacer pactos, alianzas y avanzar en temas comunes.<\/p>\n\n\n\n<p class=\"wp-block-paragraph\">\u201cLo que tienen que impulsar es un pacto por la igualdad de derechos de g\u00e9nero para todas las personas, con un \u00e1nimo de respeto a las diferencias; que no mistifiquemos, que no resbalemos al mujerismo\u201d, invit\u00f3.<\/p>\n\n\n\n<p class=\"wp-block-paragraph\">Adem\u00e1s, la presidenta de la Comisi\u00f3n de Derechos Humanos capitalina, Nashieli Ram\u00edrez, consider\u00f3 que la ciudad a\u00fan no es justa para las mujeres. \u201cEsta ciudad se construy\u00f3 con la lucha de millones de mujeres por vivienda, agua y hoy enfrentan discriminaci\u00f3n y violencia\u201d.<\/p>\n\n\n\n<p class=\"wp-block-paragraph\">Finalmente, la presidenta de la comisi\u00f3n, Paula Soto, acept\u00f3 la solicitud que le formul\u00f3 la ex presidenta del Consejo para Prevenir y Eliminar la Discriminaci\u00f3n (Copred), Jacqueline L\u00b4Hoist, de que emitan un punto de acuerdo para que la Suprema Corte de Justicia de la Naci\u00f3n no discrimine a las mujeres trabajadoras del hogar, adem\u00e1s de que el poder Ejecutivo firme el convenio 189 para la mejor\u00eda del tema de cuidados y trabajo igualitario.&nbsp; &nbsp;<\/p>\n\n\n\n<p class=\"wp-block-paragraph\">SEM\/la\/sj<br><\/p>\n","protected":false},"excerpt":{"rendered":"<p>Lizbeth \u00c1lvarez SemM\u00e9xico, Cd. de M\u00e9xico, 15 octubre 2018.- Con la legisladora morenista Paula Adriana Soto Maldonado como presidenta se instal\u00f3 hoy la Comisi\u00f3n de Igualdad de G\u00e9nero en el Congreso de esta ciudad. \u201cPara m\u00ed \u00e9sta es la comisi\u00f3n m\u00e1s importante que tiene este Congreso, porque no concibo una ciudad sin la visi\u00f3n primaria [&hellip;]<\/p>\n","protected":false},"author":3,"featured_media":5034,"comment_status":"open","ping_status":"open","sticky":false,"template":"","format":"standard","meta":{"_monsterinsights_skip_tracking":false,"footnotes":""},"categories":[689,50],"tags":[],"class_list":["post-5033","post","type-post","status-publish","format-standard","has-post-thumbnail","category-689","category-congreso"],"_links":{"self":[{"href":"https:\/\/redsemlac.com\/semmexico\/wp-json\/wp\/v2\/posts\/5033","targetHints":{"allow":["GET"]}}],"collection":[{"href":"https:\/\/redsemlac.com\/semmexico\/wp-json\/wp\/v2\/posts"}],"about":[{"href":"https:\/\/redsemlac.com\/semmexico\/wp-json\/wp\/v2\/types\/post"}],"author":[{"embeddable":true,"href":"https:\/\/redsemlac.com\/semmexico\/wp-json\/wp\/v2\/users\/3"}],"replies":[{"embeddable":true,"href":"https:\/\/redsemlac.com\/semmexico\/wp-json\/wp\/v2\/comments?post=5033"}],"version-history":[{"count":0,"href":"https:\/\/redsemlac.com\/semmexico\/wp-json\/wp\/v2\/posts\/5033\/revisions"}],"wp:featuredmedia":[{"embeddable":true,"href":"https:\/\/redsemlac.com\/semmexico\/wp-json\/wp\/v2\/media\/5034"}],"wp:attachment":[{"href":"https:\/\/redsemlac.com\/semmexico\/wp-json\/wp\/v2\/media?parent=5033"}],"wp:term":[{"taxonomy":"category","embeddable":true,"href":"https:\/\/redsemlac.com\/semmexico\/wp-json\/wp\/v2\/categories?post=5033"},{"taxonomy":"post_tag","embeddable":true,"href":"https:\/\/redsemlac.com\/semmexico\/wp-json\/wp\/v2\/tags?post=5033"}],"curies":[{"name":"wp","href":"https:\/\/api.w.org\/{rel}","templated":true}]}}