{"id":5024,"date":"2018-10-17T19:51:04","date_gmt":"2018-10-17T19:51:04","guid":{"rendered":"https:\/\/redsemlac.com\/semmexico\/?p=5024"},"modified":"2023-07-21T14:33:47","modified_gmt":"2023-07-21T19:33:47","slug":"senadoras-de-morena-presentan-iniciativa-para-reformar-diversos-articulos-de-la-constitucion-para-garantizar-la-paridad-de-genero","status":"publish","type":"post","link":"https:\/\/redsemlac.com\/semmexico\/senadoras-de-morena-presentan-iniciativa-para-reformar-diversos-articulos-de-la-constitucion-para-garantizar-la-paridad-de-genero\/","title":{"rendered":"Senadoras de Morena presentan iniciativa para reformar diversos art\u00edculos de la Constituci\u00f3n para garantizar la paridad de g\u00e9nero."},"content":{"rendered":"\n<p class=\"wp-block-paragraph\"><a href=\"https:\/\/www.semmexico.com\/gallery-post.php?id=6139#\">Redacci\u00f3n<\/a><\/p>\n\n\n\n<p class=\"wp-block-paragraph\">SemM\u00e9xico. Cd. de M\u00e9xico. Las senadoras Martha Luc\u00eda M\u00edcher Camarena y Bertha Alicia Caraveo Camarena integrantes del Grupo Parlamentario de MORENA de la LXIV Legislatura presentaron el d\u00eda de ayer una iniciativa con proyecto de decreto por el que se reforman diversos art\u00edculos de la Constituci\u00f3n para garantizar la paridad de g\u00e9nero en los \u00f3rganos de decisi\u00f3n en los que se determinan el rumbo que debe tomar el pa\u00eds.<\/p>\n\n\n\n<p class=\"wp-block-paragraph\">Dicha iniciativa propone que en el poder ejecutivo, deber\u00e1 garantizarse una integraci\u00f3n paritaria del Gabinete presidencial, tanto legal como ampliado; en los ayuntamientos y las alcald\u00edas, deber\u00e1n observarse los principios de paridad horizontal y vertical.<\/p>\n\n\n\n<p class=\"wp-block-paragraph\">En lo que corresponde al poder legislativo, se propone que se exija la paridad de g\u00e9nero en el encabezamiento de las comisiones y \u00f3rganos de gobierno. Las listas de candidaturas por el principio de representaci\u00f3n proporcional, deber\u00e1n estar encabezadas por f\u00f3rmulas de mujeres. Asimismo, que 50 de las 500 diputaciones, as\u00ed como 13 de las 128 senadur\u00edas, sujet\u00e1ndose al principio de paridad de g\u00e9neros, sean ocupadas paritariamente por mujeres y hombres aut\u00e9nticamente integrantes de pueblos y comunidades ind\u00edgenas.<\/p>\n\n\n\n<p class=\"wp-block-paragraph\">Si bien M\u00e9xico se reconoce como una Naci\u00f3n multicultural con los 62 pueblos ind\u00edgenas esa diversidad es pr\u00e1cticamente inexistente en los \u00f3rganos de poder p\u00fablico. En las pasadas elecciones de 2018, se logr\u00f3 el acceso a la C\u00e1mara de Diputados de 13 personas ind\u00edgenas, y de ellas solo 3 mujeres.<\/p>\n\n\n\n<p class=\"wp-block-paragraph\">En el poder judicial, se propone que el Senado de la Rep\u00fablica, responsable de la designaci\u00f3n de ministros y ministras de la Suprema Corte de Justicia de la Naci\u00f3n, &nbsp;magistradas y magistrados del Tribunal Electoral del Poder Judicial de la Federaci\u00f3n, e integrantes del Consejo de la Judicatura Federal, garantice en su designaci\u00f3n el principio de paridad de g\u00e9nero. La misma l\u00f3gica deber\u00e1 aplicar el Consejo de la Judicatura Federal en los nombramientos de magistraturas para los Tribunales Colegiados de Circuito y titularidades de los Juzgados de Distrito.<\/p>\n\n\n\n<p class=\"wp-block-paragraph\">Lo anterior, de aprobarse, deber\u00e1 reproducirse en sus respectivos \u00e1mbitos y seg\u00fan proceda, en cada una de las 32 entidades federativas, tanto a nivel estatal como municipal.<\/p>\n\n\n\n<p class=\"wp-block-paragraph\">De igual forma ser\u00e1 la integraci\u00f3n de los m\u00e1ximos \u00f3rganos de direcci\u00f3n de los organismos p\u00fablicos aut\u00f3nomos, tales como el Instituto Nacional Electoral, Comisi\u00f3n Nacional de Derechos Humanos, Banco de M\u00e9xico, Instituto Nacional de Transparencia y Acceso a la Informaci\u00f3n y Protecci\u00f3n de Datos Personales; Instituto Nacional para la Evaluaci\u00f3n de la Educaci\u00f3n; Instituto Nacional de Estad\u00edstica y Geograf\u00eda, entre otros.<\/p>\n\n\n\n<p class=\"wp-block-paragraph\">La iniciativa propone para esto&nbsp; que se reformen y adicionen los art\u00edculos 1,2, 3, 6, 26, 27, 28, 35, 41, 50, 52, 56, 70, 73, 78, 80, 81, 82, 83, 84, 86, 88, 89, 91, 94, 95, 97, 99, 100, 102, 113, 115, 116 y 122 de la Constituci\u00f3n Pol\u00edtica de los Estados Unidos Mexicanos.<\/p>\n\n\n\n<p class=\"wp-block-paragraph\">SEM\/GR<\/p>\n","protected":false},"excerpt":{"rendered":"<p>Redacci\u00f3n SemM\u00e9xico. Cd. de M\u00e9xico. Las senadoras Martha Luc\u00eda M\u00edcher Camarena y Bertha Alicia Caraveo Camarena integrantes del Grupo Parlamentario de MORENA de la LXIV Legislatura presentaron el d\u00eda de ayer una iniciativa con proyecto de decreto por el que se reforman diversos art\u00edculos de la Constituci\u00f3n para garantizar la paridad de g\u00e9nero en los [&hellip;]<\/p>\n","protected":false},"author":3,"featured_media":5025,"comment_status":"open","ping_status":"open","sticky":false,"template":"","format":"standard","meta":{"_monsterinsights_skip_tracking":false,"footnotes":""},"categories":[689,50],"tags":[],"class_list":["post-5024","post","type-post","status-publish","format-standard","has-post-thumbnail","category-689","category-congreso"],"_links":{"self":[{"href":"https:\/\/redsemlac.com\/semmexico\/wp-json\/wp\/v2\/posts\/5024","targetHints":{"allow":["GET"]}}],"collection":[{"href":"https:\/\/redsemlac.com\/semmexico\/wp-json\/wp\/v2\/posts"}],"about":[{"href":"https:\/\/redsemlac.com\/semmexico\/wp-json\/wp\/v2\/types\/post"}],"author":[{"embeddable":true,"href":"https:\/\/redsemlac.com\/semmexico\/wp-json\/wp\/v2\/users\/3"}],"replies":[{"embeddable":true,"href":"https:\/\/redsemlac.com\/semmexico\/wp-json\/wp\/v2\/comments?post=5024"}],"version-history":[{"count":0,"href":"https:\/\/redsemlac.com\/semmexico\/wp-json\/wp\/v2\/posts\/5024\/revisions"}],"wp:featuredmedia":[{"embeddable":true,"href":"https:\/\/redsemlac.com\/semmexico\/wp-json\/wp\/v2\/media\/5025"}],"wp:attachment":[{"href":"https:\/\/redsemlac.com\/semmexico\/wp-json\/wp\/v2\/media?parent=5024"}],"wp:term":[{"taxonomy":"category","embeddable":true,"href":"https:\/\/redsemlac.com\/semmexico\/wp-json\/wp\/v2\/categories?post=5024"},{"taxonomy":"post_tag","embeddable":true,"href":"https:\/\/redsemlac.com\/semmexico\/wp-json\/wp\/v2\/tags?post=5024"}],"curies":[{"name":"wp","href":"https:\/\/api.w.org\/{rel}","templated":true}]}}