{"id":5021,"date":"2018-10-17T19:49:05","date_gmt":"2018-10-17T19:49:05","guid":{"rendered":"https:\/\/redsemlac.com\/semmexico\/?p=5021"},"modified":"2023-07-21T14:33:47","modified_gmt":"2023-07-21T19:33:47","slug":"confia-en-que-se-realicen-reformas-para-que-las-mujeres-tengan-el-derecho-a-decidir-sobre-sus-cuerpos-en-todo-el-pais","status":"publish","type":"post","link":"https:\/\/redsemlac.com\/semmexico\/confia-en-que-se-realicen-reformas-para-que-las-mujeres-tengan-el-derecho-a-decidir-sobre-sus-cuerpos-en-todo-el-pais\/","title":{"rendered":"Conf\u00eda en que se realicen reformas para que las mujeres tengan el derecho a decidir sobre sus cuerpos en todo el pa\u00eds."},"content":{"rendered":"\n<p class=\"wp-block-paragraph\"><a href=\"https:\/\/www.semmexico.com\/gallery-post.php?id=6143#\">Lizbeth \u00c1lvarez<\/a><\/p>\n\n\n\n<p class=\"wp-block-paragraph\">SemM\u00e9xico. Cd. de M\u00e9xico. 17 de octubre de 2018.- En la C\u00e1mara de Diputados, las y los legisladores est\u00e1n reformando \u201cmuchos art\u00edculos con perspectiva de g\u00e9nero; en todo lo pol\u00edtico, lo educativo, sistemas de salud, pol\u00edticas p\u00fablicas, orientaci\u00f3n, democracia\u201d, as\u00ed lo expres\u00f3 el presidente de la C\u00e1mara de Diputados, Porfirio Mu\u00f1oz Ledo, al anunciar que el pr\u00f3ximo martes presentar\u00e1n un proyecto de reformas para consagrar la igualdad sustantiva y la perspectiva de g\u00e9nero.<\/p>\n\n\n\n<p class=\"wp-block-paragraph\">En ese sentido, comparti\u00f3 \u2013en sus propias palabras- una idea muy clara y consciente: la pr\u00f3xima presidenta de M\u00e9xico debe ser mujer.<\/p>\n\n\n\n<p class=\"wp-block-paragraph\">Al asistir al festejo en el Instituto Nacional Electoral por la conmemoraci\u00f3n de 65 a\u00f1os del Voto Femenino en M\u00e9xico, ante las representantes de las comisiones de Igualdad de G\u00e9nero, tanto del Senado de la Rep\u00fablica como de la C\u00e1mara de Diputados, el pol\u00edtico morenista adelant\u00f3 que han pensado en una reforma que abarque todos los \u00f3rganos de gobierno, los colegiados y los no colegiados, para que la paridad de g\u00e9nero alcance inclusive a la Suprema Corte de Justicia de la Naci\u00f3n, que sea una corte feminizada. &nbsp;&nbsp;&nbsp;<\/p>\n\n\n\n<p class=\"wp-block-paragraph\">Mu\u00f1oz destac\u00f3 una de las l\u00edneas m\u00e1s significativas de su propuesta, que denomin\u00f3 el \u201cp\u00e1rrafo del empoderamiento\u201d:<\/p>\n\n\n\n<p class=\"wp-block-paragraph\">Esta Constituci\u00f3n garantiza la igualdad sustantiva y la paridad de g\u00e9nero en el acceso a la funci\u00f3n p\u00fablica, la promoci\u00f3n en los \u00f3rganos de gobierno y en la composici\u00f3n de los cuerpos administrativos de los poderes de la Uni\u00f3n, de los tres \u00f3rdenes de gobierno y de los organismos.<\/p>\n\n\n\n<p class=\"wp-block-paragraph\">Al referirse a la bancada de mujeres instalada el d\u00eda de ayer en San L\u00e1zaro y que est\u00e1 integrada por las legisladoras de todos los partidos, Mu\u00f1oz Ledo confi\u00f3 en que el trabajo con todas las compa\u00f1eras de la JUCOFEM (Junta de Coordinaci\u00f3n Pol\u00edtica Femenina), como Martha Tagle y Dolores Padierna, se realicen las reformas necesarias para que las mujeres tengan el derecho a decidir sobre sus propios cuerpos en todo el pa\u00eds.<\/p>\n\n\n\n<p class=\"wp-block-paragraph\">Sobre ello, precis\u00f3: \u201cNecesitamos dos tercios en la C\u00e1mara de Diputados y Senadores; necesitamos el aval de 17 estados; estamos en deuda con la comunidad LGBT\u201d.<\/p>\n\n\n\n<p class=\"wp-block-paragraph\">Y agreg\u00f3: En la C\u00e1mara, toda iniciativa de ley se va directamente a la comisi\u00f3n, para no hacer dos debates. En la comisi\u00f3n, las organizaciones sociales pueden estar autorizadas legalmente a ir a las comisiones y dar sus puntos de vista.<\/p>\n\n\n\n<p class=\"wp-block-paragraph\">\u201cLo que les quiero pedir a mis amigas es solidaridad y difusi\u00f3n de estos temas\u201d, finaliz\u00f3.<\/p>\n\n\n\n<p class=\"wp-block-paragraph\">SEM\/la\/gr<br><\/p>\n","protected":false},"excerpt":{"rendered":"<p>Lizbeth \u00c1lvarez SemM\u00e9xico. Cd. de M\u00e9xico. 17 de octubre de 2018.- En la C\u00e1mara de Diputados, las y los legisladores est\u00e1n reformando \u201cmuchos art\u00edculos con perspectiva de g\u00e9nero; en todo lo pol\u00edtico, lo educativo, sistemas de salud, pol\u00edticas p\u00fablicas, orientaci\u00f3n, democracia\u201d, as\u00ed lo expres\u00f3 el presidente de la C\u00e1mara de Diputados, Porfirio Mu\u00f1oz Ledo, al [&hellip;]<\/p>\n","protected":false},"author":3,"featured_media":5022,"comment_status":"open","ping_status":"open","sticky":false,"template":"","format":"standard","meta":{"_monsterinsights_skip_tracking":false,"footnotes":""},"categories":[689,50],"tags":[],"class_list":["post-5021","post","type-post","status-publish","format-standard","has-post-thumbnail","category-689","category-congreso"],"_links":{"self":[{"href":"https:\/\/redsemlac.com\/semmexico\/wp-json\/wp\/v2\/posts\/5021","targetHints":{"allow":["GET"]}}],"collection":[{"href":"https:\/\/redsemlac.com\/semmexico\/wp-json\/wp\/v2\/posts"}],"about":[{"href":"https:\/\/redsemlac.com\/semmexico\/wp-json\/wp\/v2\/types\/post"}],"author":[{"embeddable":true,"href":"https:\/\/redsemlac.com\/semmexico\/wp-json\/wp\/v2\/users\/3"}],"replies":[{"embeddable":true,"href":"https:\/\/redsemlac.com\/semmexico\/wp-json\/wp\/v2\/comments?post=5021"}],"version-history":[{"count":0,"href":"https:\/\/redsemlac.com\/semmexico\/wp-json\/wp\/v2\/posts\/5021\/revisions"}],"wp:featuredmedia":[{"embeddable":true,"href":"https:\/\/redsemlac.com\/semmexico\/wp-json\/wp\/v2\/media\/5022"}],"wp:attachment":[{"href":"https:\/\/redsemlac.com\/semmexico\/wp-json\/wp\/v2\/media?parent=5021"}],"wp:term":[{"taxonomy":"category","embeddable":true,"href":"https:\/\/redsemlac.com\/semmexico\/wp-json\/wp\/v2\/categories?post=5021"},{"taxonomy":"post_tag","embeddable":true,"href":"https:\/\/redsemlac.com\/semmexico\/wp-json\/wp\/v2\/tags?post=5021"}],"curies":[{"name":"wp","href":"https:\/\/api.w.org\/{rel}","templated":true}]}}