{"id":50190,"date":"2022-05-16T09:19:38","date_gmt":"2022-05-16T15:19:38","guid":{"rendered":"https:\/\/redsemlac.com\/semmexico\/?p=50190"},"modified":"2023-07-21T19:04:42","modified_gmt":"2023-07-22T00:04:42","slug":"miradas-de-reportero-el-premio-breach-valdez-para-periodistas-ahora-mas-prestigioso-y-recriminante","status":"publish","type":"post","link":"https:\/\/redsemlac.com\/semmexico\/miradas-de-reportero-el-premio-breach-valdez-para-periodistas-ahora-mas-prestigioso-y-recriminante\/","title":{"rendered":"Miradas de reportero| El premio Breach\/Valdez para periodistas ahora m\u00e1s prestigioso y recriminante"},"content":{"rendered":"\n<p class=\"wp-block-paragraph\"><strong>&nbsp;Rogelio Hern\u00e1ndez L\u00f3pez<\/strong><\/p>\n\n\n\n<p class=\"wp-block-paragraph\">SemM\u00e9xico, Cd. de M\u00e9xico, 16 de mayo, 2022.- Los sollozos regresaron en Gloria Pi\u00f1a, la joven reportera premiada, cuando al final de su agradecimiento machac\u00f3 que los periodistas si importan. Y el auditorio, puesto de p\u00ede, la respald\u00f3 con un aplauso fren\u00e9tico y prolongado. El momento cimbraba, era como cat\u00e1rtico, de orgullos, dolor, coraje y recriminaci\u00f3n por tantos colegas asesinados en M\u00e9xico en tan poco tiempo.<\/p>\n\n\n\n<p class=\"wp-block-paragraph\">Ella fue la oradora final por merecer el primer lugar entre 65 trabajos elegibles. As\u00ed cerr\u00f3 la ceremonia de la cuarta entrega de reconocimientos para periodistas de investigaci\u00f3n sobre derechos humanos en honor de Miroslava Breach y Javier Valdez, asesinados en Chihuahua y Sinaloa en 2017. Marco Guti\u00e9rrez, su video reportero acompa\u00f1\u00f3 a Gloria en el atril; ambos pertenecen a la plantilla profesional del portal digital EME EQUIS.<\/p>\n\n\n\n<h2 class=\"wp-block-heading\" id=\"la-fuerza-del-premio\"><strong>La fuerza del premio<\/strong><\/h2>\n\n\n\n<p class=\"wp-block-paragraph\">En M\u00e9xico no hay otro certamen para las buenas pr\u00e1cticas period\u00edsticas con tanto apoyo internacional. El premio Breach\/Valdez ha ido adquiriendo prestigio y fuerza poco a poco. Ambos valores fulguraron con la asistencia de sus promotores a las instalaciones del Museo Franz Mayer este 12 de mayo.<\/p>\n\n\n\n<p class=\"wp-block-paragraph\">All\u00ed estuvieron representantes en M\u00e9xico de cuatro agencias de la Organizaci\u00f3n de las Naciones Unidas (ONU): de la Oficina del Alto Comisionado para los Derechos Humanos (ONU-DH); de la Oficina contra la Droga y el Delito (ONUDC); de la Organizaci\u00f3n para la Educaci\u00f3n, la Ciencia y la Cultura (UNESCO); del Centro de Informaci\u00f3n (CINU).<\/p>\n\n\n\n<p class=\"wp-block-paragraph\">Igual se hicieron sentir los embajadores de Suiza y Francia; las representaciones del Programa Prensa y Democracia (PRENDE), del \u00c1rea de Periodismo del Departamento de Comunicaci\u00f3n de la Universidad Iberoamericana, el director en M\u00e9xico de Agencia de Noticias France Presse (AFP) y la corresponsal de Reporteros Sin Fronteras (RSF). Recientemente se uni\u00f3 a este respaldo la oficina de la Uni\u00f3n Europea.<\/p>\n\n\n\n<p class=\"wp-block-paragraph\">Los jueces del certamen se eligen por sus trayectorias destacadas para garantizar rigor y credibilidad a sus elecciones. Y estuvieron casi los once: Mariclaire Acosta, Mar\u00eda Idalia G\u00f3mez, Edison Lanza, Sara Lovera L\u00f3pez, Blanche Petrich Moreno, Jos\u00e9 Reveles, Dar\u00edo Fritz, Simona Raquel Santiago Maganda, Kau Sirenio Poquinto, Samir Tounsi y Griselda In\u00e9s Triana L\u00f3pez (viuda de Javier Valdez).<\/p>\n\n\n\n<h2 class=\"wp-block-heading\" id=\"y-otra-vez-resaltan-mujeres\"><strong>Y otra vez resaltan mujeres<\/strong><\/h2>\n\n\n\n<p class=\"wp-block-paragraph\">Dar\u00edo Fritz, inform\u00f3 a nombre del jurado que no hubo unanimidad en la elecci\u00f3n, pero si consensos para optar por 65 trabajos elegibles, que diez de ellos fueron nominados por su alta calidad y para premiar a los dos mejor logrados.<\/p>\n\n\n\n<p class=\"wp-block-paragraph\">Durante la entrega de constancias en el escenario fue creciendo la sorpresa de que los mejores trabajos fueron elaborados por mujeres, en su mayor\u00eda j\u00f3venes y que adem\u00e1s laboran en medios de prensa digitales. Esto \u00faltimo parece una llamada de atenci\u00f3n quiz\u00e1 involuntaria para las empresas convencionales de periodismo en M\u00e9xico que dedican pocos recursos y atenci\u00f3n al periodismo bien logrado.<\/p>\n\n\n\n<p class=\"wp-block-paragraph\">Se anunciaron dos menciones honor\u00edficas: Gloria Mu\u00f1oz Ram\u00edrez por el trabajo \u201cSamir sin reversa\u201d; Ginnette Riquelme y Mar\u00eda Verza por la investigaci\u00f3n \u201cSupervivientes de ataque con \u00e1cido en M\u00e9xico unen fuerzas\u201d.<\/p>\n\n\n\n<p class=\"wp-block-paragraph\">El segundo lugar lo consiguieron Wendy Selene P\u00e9rez y Paula M\u00f3naco Felipe por la investigaci\u00f3n \u201cMirar nuestra muerte, mujer perita en M\u00e9xico\u201d.<\/p>\n\n\n\n<p class=\"wp-block-paragraph\">Y el primer premio lo obtuvo Gloria Pi\u00f1a, quien trabaja en EMEEQUIS pero que fue difundido por una alianza con la revista y agencia de Proceso, con los sitios digitales Animal Pol\u00edtico, La Lista, Ruido en la Red y con el apoyo de CONNECTAS y el International Center for Journalists (ICFJ), dentro del programa Iniciativa para el Periodismo de Investigaci\u00f3n de las Am\u00e9ricas.<\/p>\n\n\n\n<h2 class=\"wp-block-heading\" id=\"el-dolor-del-recuento\"><strong>El dolor del recuento<\/strong><\/h2>\n\n\n\n<p class=\"wp-block-paragraph\">Cada uno de los oradores, funcionarios de la ONU, embajadores, organizadores de la ceremonia y las mujeres reconocidas por la calidad de sus trabajos period\u00edsticos recriminaron que no cesan el maltrato, las agresiones y asesinatos de periodistas en M\u00e9xico: \u201cel pa\u00eds sin guerra con el m\u00e1s alto n\u00famero de asesinados\u201d.<\/p>\n\n\n\n<p class=\"wp-block-paragraph\">El primer reproche fue de Peter Grohmann, el coordinador residente de la ONU en M\u00e9xico. Refiri\u00f3 el total doloroso de los once cr\u00edmenes tan solo en 2022. \u201cla lucha contra la impunidad y la injusticia es de las prioridades del pa\u00eds y dif\u00edcilmente podr\u00e1 ganarse si los periodistas contin\u00faan siendo blanco de violencia y ejerciendo su labor en condiciones de empleo precarias y de riesgo\u201d.<\/p>\n\n\n\n<p class=\"wp-block-paragraph\">Insisti\u00f3 Guillermo Fern\u00e1ndez-Maldonado, representante de la ONU-DH, y demand\u00f3 nuevamente que los gobernantes de M\u00e9xico adopten medidas para garantizar que los periodistas puedan realizar su trabajo \u201ccon plena libertad y seguridad.\u201d<\/p>\n\n\n\n<p class=\"wp-block-paragraph\">Y los reclamos m\u00e1s emotivos fueron de mujeres.<\/p>\n\n\n\n<p class=\"wp-block-paragraph\">Paula M\u00f3naco Felipe (una de las dos premiadas por el segundo mejor trabajo) se doli\u00f3 porque \u201cnos faltan cada d\u00eda\u201d al menos 36 colegas asesinados desde diciembre de 2018 a la fecha. Luego, muy pausadamente mencion\u00f3 cada uno de sus nombres ante un gran silencio y atenci\u00f3n del auditorio.<\/p>\n\n\n\n<p class=\"wp-block-paragraph\">Griselda Triana poco antes de entregar el premio al primer lugar reclam\u00f3 que la protecci\u00f3n es insuficiente.&nbsp; \u201cc\u00f3mo nunca \u2013dijo\u2014se tiene que reconocer la labor de los periodistas en estos tiempos tan aciagos\u201d.<\/p>\n\n\n\n<p class=\"wp-block-paragraph\">Y la reportera de 27 a\u00f1os Gloria Pi\u00f1a, al recibir la constancia del primer premio, inici\u00f3 con la voz quebrantada con sollozos\u2026<\/p>\n\n\n\n<p class=\"wp-block-paragraph\">&#8212; \u201ccu\u00e1ntos y qu\u00e9 sentimientos hay aqu\u00ed\u201d \u2013 sintetiz\u00f3 la emotividad acumulada, con mucho ambiente recriminante.<\/p>\n\n\n\n<p class=\"wp-block-paragraph\">M\u00e1s ecu\u00e1nime Gloria reivindic\u00f3 el valor como \u201cpersonas y no como estad\u00edsticas\u201d de los 11 asesinados en 2022, los 36 durante este sexenio, de los maltratados, agredidos, de la precariedad creciente en que trabajan miles en los estados, del \u201cinsistente descredito que provoca el Presidente\u201d, del dolor que todo esto provoca en las familias de quienes son victimados. Y nuevamente le asaltaron varios sollozos al arrojar un reproche para quien escuchara fuera del sal\u00f3n. &#8212; \u201clos periodistas si importan\u201d &#8211;.<\/p>\n\n\n\n<p class=\"wp-block-paragraph\">Es mirada de reportero.<\/p>\n\n\n\n<p class=\"wp-block-paragraph\"><strong>Nota. &#8211; La ceremonia y los trabajos premiados se pueden ver en<\/strong> <a href=\"https:\/\/www.unodc.org\/mexicoandcentralamerica\/es\/webstories\/gloria-pia--wendy-selene-prez-y-paula-mnaco-ganan-el-premio-breach-valdez-de-periodismo-y-derechos-humanos-2022.html#:~:text=Mapa%20del%20Sitio-,Gloria%20Pi%C3%B1a%2C%20Wendy%20Selene%20P%C3%A9rez%20y%20Paula%20M%C3%B3naco%20ganan%20el,Periodismo%20y%20Derechos%20Humanos%202022\" target=\"_blank\" rel=\"noreferrer noopener\">https:\/\/www.unodc.org\/mexicoandcentralamerica\/es\/webstories\/gloria-pia&#8211;wendy-selene-prez-y-paula-mnaco-ganan-el-premio-breach-valdez-de-periodismo-y-derechos-humanos-2022.html#:~:text=Mapa%20del%20Sitio-,Gloria%20Pi%C3%B1a%2C%20Wendy%20Selene%20P%C3%A9rez%20y%20Paula%20M%C3%B3naco%20ganan%20el,Periodismo%20y%20Derechos%20Humanos%202022<\/a><\/p>\n","protected":false},"excerpt":{"rendered":"<p>Los sollozos regresaron en Gloria Pi\u00f1a, la joven reportera premiada, cuando al final de su agradecimiento machac\u00f3 que los periodistas si importan.<\/p>\n","protected":false},"author":3,"featured_media":38348,"comment_status":"open","ping_status":"open","sticky":false,"template":"","format":"standard","meta":{"_monsterinsights_skip_tracking":false,"footnotes":""},"categories":[693,106,35,85],"tags":[459],"class_list":["post-50190","post","type-post","status-publish","format-standard","has-post-thumbnail","category-693","category-mirada-de-reportero","category-opinion","category-rogelio-hernandez-lopez","tag-opinion"],"_links":{"self":[{"href":"https:\/\/redsemlac.com\/semmexico\/wp-json\/wp\/v2\/posts\/50190","targetHints":{"allow":["GET"]}}],"collection":[{"href":"https:\/\/redsemlac.com\/semmexico\/wp-json\/wp\/v2\/posts"}],"about":[{"href":"https:\/\/redsemlac.com\/semmexico\/wp-json\/wp\/v2\/types\/post"}],"author":[{"embeddable":true,"href":"https:\/\/redsemlac.com\/semmexico\/wp-json\/wp\/v2\/users\/3"}],"replies":[{"embeddable":true,"href":"https:\/\/redsemlac.com\/semmexico\/wp-json\/wp\/v2\/comments?post=50190"}],"version-history":[{"count":0,"href":"https:\/\/redsemlac.com\/semmexico\/wp-json\/wp\/v2\/posts\/50190\/revisions"}],"wp:featuredmedia":[{"embeddable":true,"href":"https:\/\/redsemlac.com\/semmexico\/wp-json\/wp\/v2\/media\/38348"}],"wp:attachment":[{"href":"https:\/\/redsemlac.com\/semmexico\/wp-json\/wp\/v2\/media?parent=50190"}],"wp:term":[{"taxonomy":"category","embeddable":true,"href":"https:\/\/redsemlac.com\/semmexico\/wp-json\/wp\/v2\/categories?post=50190"},{"taxonomy":"post_tag","embeddable":true,"href":"https:\/\/redsemlac.com\/semmexico\/wp-json\/wp\/v2\/tags?post=50190"}],"curies":[{"name":"wp","href":"https:\/\/api.w.org\/{rel}","templated":true}]}}