{"id":50153,"date":"2022-05-15T16:50:15","date_gmt":"2022-05-15T22:50:15","guid":{"rendered":"https:\/\/redsemlac.com\/semmexico\/?p=50153"},"modified":"2023-07-21T19:04:42","modified_gmt":"2023-07-22T00:04:42","slug":"miles-de-mujeres-salen-a-las-calles-de-eeuu-a-defender-derecho-al-aborto","status":"publish","type":"post","link":"https:\/\/redsemlac.com\/semmexico\/miles-de-mujeres-salen-a-las-calles-de-eeuu-a-defender-derecho-al-aborto\/","title":{"rendered":"<strong>Miles de mujeres salen a las calles de EEUU a defender derecho al aborto<\/strong>"},"content":{"rendered":"\n<p class=\"wp-block-paragraph\"><strong>450 manifestaciones en todo el pa\u00eds<\/strong><\/p>\n\n\n\n<p class=\"wp-block-paragraph\">A. S\u00e1nchez<\/p>\n\n\n\n<p class=\"wp-block-paragraph\">SemM\u00e9xico\/PrensaLatina, Washigton, 15 de mayo, 2022.- Miles de mujeres salieron a las calles de&nbsp;Washington&nbsp;y de otras ciudades&nbsp;estadounidenses para mostrar su apoyo al derecho al aborto, amenazado por la Corte Suprema.<strong><\/strong><\/p>\n\n\n\n<p class=\"wp-block-paragraph\">Una multitud se reuni\u00f3 cerca del Monumento a Washington antes de marchar hacia la sede de la m\u00e1xima instancia judicial casi dos semanas despu\u00e9s de la filtraci\u00f3n de un posible fallo que anular\u00eda la hist\u00f3rica decisi\u00f3n del mismo foro judicial.<\/p>\n\n\n\n<p class=\"wp-block-paragraph\">Se trata del caso conocido como Roe vs Wade, que result\u00f3 en el establecimiento del derecho constitucional al aborto en Estados Unidos, en 1973.<\/p>\n\n\n\n<p class=\"wp-block-paragraph\">En aquel momento el tribunal escuch\u00f3 los argumentos de Jane Roe -pseud\u00f3nimo de Norma McCorvey- quien intent\u00f3 abortar en Texas, pero el fiscal Henry Wade se lo impidi\u00f3 y ella dio a luz antes de la sentencia del Supremo a su favor.<\/p>\n\n\n\n<p class=\"wp-block-paragraph\">En total unas 450 concentraciones fueron convocadas en todo el pa\u00eds en grandes urbes como Chicago, Austin y Los \u00c1ngeles y tambi\u00e9n en localidades m\u00e1s peque\u00f1as.<\/p>\n\n\n\n<p class=\"wp-block-paragraph\">Con carteles y camisetas que dec\u00edan \u201cMantengan el aborto seguro y legal\u201d, \u201cMi cuerpo es mi decisi\u00f3n\u201d y otros miles de mensajes similares cruzaron el puente de Brooklyn hacia Manhattan, en la ciudad de Nueva York.<\/p>\n\n\n\n<p class=\"wp-block-paragraph\">El l\u00edder de la mayor\u00eda del Senado, Chuck Schumer, y el alcalde neoyorquino, Eric Adams, se unieron a otros pol\u00edticos, incluida la senadora Kirsten Gillibrand y la fiscal general de la urbe, Letitia James, para mostrar el apoyo de los dem\u00f3cratas a la protecci\u00f3n de los derechos reproductivos.<\/p>\n\n\n\n<p class=\"wp-block-paragraph\">Pese a los intentos de la fuerza azul por mantener la posibilidad de interrumpir las gestaciones a nivel federal, una iniciativa legislativa con ese fin llamada Ley de Protecci\u00f3n de la Salud de la Mujer result\u00f3 rechazada en el Senado el mi\u00e9rcoles por la oposici\u00f3n republicana.<\/p>\n\n\n\n<p class=\"wp-block-paragraph\">La postura del Congreso y del poder judicial contrasta con la opini\u00f3n de aproximadamente el 70 por ciento de los adultos estadounidenses, para quienes la decisi\u00f3n de abortar debe dejarse en manos de la mujer embarazada y de su m\u00e9dico, revel\u00f3 una encuesta de ABC News\/Washington Post.<\/p>\n\n\n\n<p class=\"wp-block-paragraph\">El fin de semana tambi\u00e9n hubo protestas en varios lugares para reclamar la legalidad de la interrupci\u00f3n del embarazo, mientras desde hace alg\u00fan tiempo una ola conservadora apoyada por republicanos conllev\u00f3 a la adopci\u00f3n de reglas en algunos estados que limitan la pr\u00e1ctica.<\/p>\n\n\n\n<p class=\"wp-block-paragraph\">En Texas, desde septiembre de 2021, entr\u00f3 en vigor una normativa que proh\u00edbe realizar el procedimiento a partir de las seis semanas de gestaci\u00f3n, cuando muchas f\u00e9minas ni siquiera saben todav\u00eda de su condici\u00f3n.<\/p>\n\n\n\n<p class=\"wp-block-paragraph\">Adem\u00e1s, el a\u00f1o pasado se presentaron proyectos con un lenguaje similar o id\u00e9ntico al de Texas en Alabama, Florida, Missouri, Mississippi y Ohio.<\/p>\n\n\n\n<p class=\"wp-block-paragraph\">La directora ejecutiva de la Marcha de Mujeres, Rachel O\u2019Leary, organizadora de los eventos&nbsp;dijo que est\u00e1n planeando muchas m\u00e1s manifestaciones este verano para presionar a los legisladores a favor de una medida que garantice el derecho al aborto a nivel federal.<\/p>\n","protected":false},"excerpt":{"rendered":"<p>Miles de mujeres salieron a las calles de\u00a0Washington\u00a0y de otras ciudades\u00a0estadounidenses para mostrar su apoyo al derecho al aborto, amenazado por la Corte Suprema.<\/p>\n","protected":false},"author":3,"featured_media":50156,"comment_status":"open","ping_status":"open","sticky":false,"template":"","format":"standard","meta":{"_monsterinsights_skip_tracking":false,"footnotes":""},"categories":[693,53],"tags":[],"class_list":["post-50153","post","type-post","status-publish","format-standard","has-post-thumbnail","category-693","category-internacional"],"_links":{"self":[{"href":"https:\/\/redsemlac.com\/semmexico\/wp-json\/wp\/v2\/posts\/50153","targetHints":{"allow":["GET"]}}],"collection":[{"href":"https:\/\/redsemlac.com\/semmexico\/wp-json\/wp\/v2\/posts"}],"about":[{"href":"https:\/\/redsemlac.com\/semmexico\/wp-json\/wp\/v2\/types\/post"}],"author":[{"embeddable":true,"href":"https:\/\/redsemlac.com\/semmexico\/wp-json\/wp\/v2\/users\/3"}],"replies":[{"embeddable":true,"href":"https:\/\/redsemlac.com\/semmexico\/wp-json\/wp\/v2\/comments?post=50153"}],"version-history":[{"count":0,"href":"https:\/\/redsemlac.com\/semmexico\/wp-json\/wp\/v2\/posts\/50153\/revisions"}],"wp:featuredmedia":[{"embeddable":true,"href":"https:\/\/redsemlac.com\/semmexico\/wp-json\/wp\/v2\/media\/50156"}],"wp:attachment":[{"href":"https:\/\/redsemlac.com\/semmexico\/wp-json\/wp\/v2\/media?parent=50153"}],"wp:term":[{"taxonomy":"category","embeddable":true,"href":"https:\/\/redsemlac.com\/semmexico\/wp-json\/wp\/v2\/categories?post=50153"},{"taxonomy":"post_tag","embeddable":true,"href":"https:\/\/redsemlac.com\/semmexico\/wp-json\/wp\/v2\/tags?post=50153"}],"curies":[{"name":"wp","href":"https:\/\/api.w.org\/{rel}","templated":true}]}}