{"id":50141,"date":"2022-05-15T15:08:40","date_gmt":"2022-05-15T21:08:40","guid":{"rendered":"https:\/\/redsemlac.com\/semmexico\/?p=50141"},"modified":"2023-07-21T19:04:43","modified_gmt":"2023-07-22T00:04:43","slug":"reafirma-ricardo-monreal-compromiso-del-senado-para-concluir-regulacion-integral-de-cannabis","status":"publish","type":"post","link":"https:\/\/redsemlac.com\/semmexico\/reafirma-ricardo-monreal-compromiso-del-senado-para-concluir-regulacion-integral-de-cannabis\/","title":{"rendered":"<strong>Reafirma Ricardo Monreal compromiso del Senado para concluir regulaci\u00f3n integral de cannabis&nbsp;<\/strong>"},"content":{"rendered":"\n<p class=\"wp-block-paragraph\">Sentencia de SCJN es un avance para despenalizar consumo personal, destaca el senador &nbsp;<\/p>\n\n\n\n<p class=\"wp-block-paragraph\"><strong>&nbsp;Redacci\u00f3n<\/strong><\/p>\n\n\n\n<p class=\"wp-block-paragraph\">SemM\u00e9xico, Cd. de M\u00e9xico, 15 de mayo, 2022.- La sentencia de la Suprema Corte de Justicia de la Naci\u00f3n que resuelve que no se podr\u00e1 ejercer acci\u00f3n penal por el uso o consumo personal de cannabis, \u201ces un avance para los consumidores, pero tenemos que legislar en todas las materias\u201d, enfatiz\u00f3 el senador Ricardo Monreal \u00c1vila. &nbsp;<\/p>\n\n\n\n<p class=\"wp-block-paragraph\">El coordinador parlamentario de Morena reiter\u00f3 el compromiso del Senado de la Rep\u00fablica para concluir el trabajo legislativo que inici\u00f3 en 2019, a fin de construir una nueva regulaci\u00f3n de la mariguana en M\u00e9xico. &nbsp;<\/p>\n\n\n\n<p class=\"wp-block-paragraph\">Ricardo Monreal public\u00f3 un art\u00edculo en redes sociales, en el que record\u00f3 que la Suprema Corte de Justicia de la Naci\u00f3n declar\u00f3 inconstitucional una porci\u00f3n normativa del art\u00edculo 478 de la Ley General de Salud.&nbsp;<\/p>\n\n\n\n<p class=\"wp-block-paragraph\">Explic\u00f3 que, con esta determinaci\u00f3n, el Ministerio P\u00fablico no podr\u00e1 ejercer acci\u00f3n penal en contra de quien sea farmacodependiente o consumidor y posea cannabis o mariguana para su estricto consumo personal, y lo haga fuera de los lugares se\u00f1alados en la propia ley.&nbsp;<\/p>\n\n\n\n<p class=\"wp-block-paragraph\">Record\u00f3 que esta disposici\u00f3n se\u00f1ala que aquella persona a la que se le sorprenda y se le detenga con cinco gramos o m\u00e1s de mariguana, podr\u00e1 ser procesado con una sanci\u00f3n de 10 meses a tres a\u00f1os de prisi\u00f3n.&nbsp;<\/p>\n\n\n\n<p class=\"wp-block-paragraph\">Pero la sentencia de la SCJN resolvi\u00f3 que nadie podr\u00e1 ser detenido ni procesado, siempre y cuando demuestre que es farmacodependiente y consumidor, aun cuando sean m\u00e1s de cinco gramos.&nbsp;<\/p>\n\n\n\n<p class=\"wp-block-paragraph\">\u201cEs un avance para los consumidores, pero tenemos que legislar en todas las materias. Nuestro compromiso es concluir el trabajo legislativo, iniciado desde el 2019, a fin de aprobar las reformas legales que den paso a una nueva \u00e9poca de regulaci\u00f3n de la mariguana en M\u00e9xico\u201d.&nbsp;<\/p>\n\n\n\n<p class=\"wp-block-paragraph\">\u201cNo a la penalizaci\u00f3n de los consumidores. No a la penalizaci\u00f3n de los productores\u201d, subray\u00f3 el senador.&nbsp;<\/p>\n","protected":false},"excerpt":{"rendered":"<p>La sentencia de la Suprema Corte de Justicia de la Naci\u00f3n que resuelve que no se podr\u00e1 ejercer acci\u00f3n penal por el uso o consumo personal de cannabis, \u201ces un avance para los consumidores, pero tenemos que legislar en todas las materias\u201d, enfatiz\u00f3 el senador Ricardo Monreal \u00c1vila.<\/p>\n","protected":false},"author":3,"featured_media":50142,"comment_status":"open","ping_status":"open","sticky":false,"template":"","format":"standard","meta":{"_monsterinsights_skip_tracking":false,"footnotes":""},"categories":[693,50],"tags":[],"class_list":["post-50141","post","type-post","status-publish","format-standard","has-post-thumbnail","category-693","category-congreso"],"_links":{"self":[{"href":"https:\/\/redsemlac.com\/semmexico\/wp-json\/wp\/v2\/posts\/50141","targetHints":{"allow":["GET"]}}],"collection":[{"href":"https:\/\/redsemlac.com\/semmexico\/wp-json\/wp\/v2\/posts"}],"about":[{"href":"https:\/\/redsemlac.com\/semmexico\/wp-json\/wp\/v2\/types\/post"}],"author":[{"embeddable":true,"href":"https:\/\/redsemlac.com\/semmexico\/wp-json\/wp\/v2\/users\/3"}],"replies":[{"embeddable":true,"href":"https:\/\/redsemlac.com\/semmexico\/wp-json\/wp\/v2\/comments?post=50141"}],"version-history":[{"count":0,"href":"https:\/\/redsemlac.com\/semmexico\/wp-json\/wp\/v2\/posts\/50141\/revisions"}],"wp:featuredmedia":[{"embeddable":true,"href":"https:\/\/redsemlac.com\/semmexico\/wp-json\/wp\/v2\/media\/50142"}],"wp:attachment":[{"href":"https:\/\/redsemlac.com\/semmexico\/wp-json\/wp\/v2\/media?parent=50141"}],"wp:term":[{"taxonomy":"category","embeddable":true,"href":"https:\/\/redsemlac.com\/semmexico\/wp-json\/wp\/v2\/categories?post=50141"},{"taxonomy":"post_tag","embeddable":true,"href":"https:\/\/redsemlac.com\/semmexico\/wp-json\/wp\/v2\/tags?post=50141"}],"curies":[{"name":"wp","href":"https:\/\/api.w.org\/{rel}","templated":true}]}}