{"id":50128,"date":"2022-05-15T14:33:32","date_gmt":"2022-05-15T20:33:32","guid":{"rendered":"https:\/\/redsemlac.com\/semmexico\/?p=50128"},"modified":"2023-07-21T19:04:43","modified_gmt":"2023-07-22T00:04:43","slug":"reconocen-legado-de-las-mujeres-en-la-musica","status":"publish","type":"post","link":"https:\/\/redsemlac.com\/semmexico\/reconocen-legado-de-las-mujeres-en-la-musica\/","title":{"rendered":"RECONOCEN LEGADO DE LAS MUJERES EN LA M\u00daSICA"},"content":{"rendered":"\n<p class=\"wp-block-paragraph\">Hacen visible las historias de las mujeres que han marcado pauta en este arte<\/p>\n\n\n\n<p class=\"wp-block-paragraph\">Redacci\u00f3n<\/p>\n\n\n\n<p class=\"wp-block-paragraph\">SemM\u00e9xico, Toluca, Estado de M\u00e9xico, 15 de mayo de 2022.- La Secretar\u00eda de las Mujeres en colaboraci\u00f3n con la Secretar\u00eda de Cultura y Turismo, llev\u00f3 a cabo la segunda sesi\u00f3n del c\u00edrculo feminista \u201cAntonieta Rivas Mercado\u201d, en el ejercicio de reconocer el legado de las mujeres en la lucha por la igualdad de derechos y oportunidades.<\/p>\n\n\n\n<p class=\"wp-block-paragraph\">Martha Hilda Gonz\u00e1lez Calder\u00f3n, titular de la Secretar\u00eda de las Mujeres, considera importante recuperar, reconocer y hacer visible la trayectoria e historias de vida de las mujeres en distintos \u00e1mbitos de la sociedad, por lo que en esta ocasi\u00f3n se present\u00f3 en este c\u00edrculo, la conferencia \u201cMujeres compositoras en el aniversario luctuoso de Guadalupe Orozco\u201d a voz de la Soprano Jeorgina Tavira Medina.<\/p>\n\n\n\n<figure class=\"wp-block-gallery has-nested-images columns-default is-cropped wp-block-gallery-1 is-layout-flex wp-block-gallery-is-layout-flex\">\n<figure class=\"wp-block-image size-large\"><a href=\"https:\/\/redsemlac.com\/semmexico\/wp-content\/uploads\/2022\/05\/musica-02.jpg\"><img decoding=\"async\" data-id=\"50130\" src=\"https:\/\/redsemlac.com\/semmexico\/wp-content\/uploads\/2022\/05\/musica-02-1024x681.jpg\" alt=\"\" class=\"wp-image-50130\"\/><\/a><\/figure>\n\n\n\n<figure class=\"wp-block-image size-large\"><a href=\"https:\/\/redsemlac.com\/semmexico\/wp-content\/uploads\/2022\/05\/musica-03.jpg\"><img decoding=\"async\" data-id=\"50131\" src=\"https:\/\/redsemlac.com\/semmexico\/wp-content\/uploads\/2022\/05\/musica-03-1024x693.jpg\" alt=\"\" class=\"wp-image-50131\"\/><\/a><\/figure>\n<\/figure>\n\n\n\n<p class=\"wp-block-paragraph\">En su &nbsp;ponencia, la Soprano expuso las violencias y desigualdades que se viven dentro del gremio de la m\u00fasica, haciendo \u00e9nfasis en la semblanza de Sor Juana de Santa Calina, mujer destacada como compositora, cantante y en la interpretaci\u00f3n de distintos instrumentos.<\/p>\n\n\n\n<p class=\"wp-block-paragraph\">Estos espacios de di\u00e1logo, dijo, sirven para ayudar e impulsar el patrimonio art\u00edstico y cultural, adem\u00e1s de visibilizar y sensibilizar a la sociedad con la ruptura de estereotipos y pensamientos, a trav\u00e9s de la reflexi\u00f3n, por lo que se\u00f1al\u00f3 la importancia de seguir impulsando este tipo de actividades.<\/p>\n\n\n\n<figure class=\"wp-block-gallery has-nested-images columns-default is-cropped wp-block-gallery-2 is-layout-flex wp-block-gallery-is-layout-flex\">\n<figure class=\"wp-block-image size-large\"><a href=\"https:\/\/redsemlac.com\/semmexico\/wp-content\/uploads\/2022\/05\/musica-04.jpg\"><img decoding=\"async\" data-id=\"50132\" src=\"https:\/\/redsemlac.com\/semmexico\/wp-content\/uploads\/2022\/05\/musica-04-1024x689.jpg\" alt=\"\" class=\"wp-image-50132\"\/><\/a><\/figure>\n\n\n\n<figure class=\"wp-block-image size-large\"><a href=\"https:\/\/redsemlac.com\/semmexico\/wp-content\/uploads\/2022\/05\/musica-05.jpg\"><img decoding=\"async\" data-id=\"50133\" src=\"https:\/\/redsemlac.com\/semmexico\/wp-content\/uploads\/2022\/05\/musica-05-1024x682.jpg\" alt=\"\" class=\"wp-image-50133\"\/><\/a><\/figure>\n<\/figure>\n\n\n\n<p class=\"wp-block-paragraph\">Cabe destacar que esta actividad forma parte de las acciones que lleva a cabo la Direcci\u00f3n General de Perspectiva de G\u00e9nero de esta Secretar\u00eda, a fin de analizar en escenarios ver\u00eddicos, la discriminaci\u00f3n, desigualdad, violencia y violaci\u00f3n a los derechos de las mujeres en la cotidianidad.<\/p>\n\n\n\n<p class=\"wp-block-paragraph\">La convocatoria de la tercera sesi\u00f3n del c\u00edrculo feminista que se pretende sea en el mes de julio, se dar\u00e1 a conocer a trav\u00e9s de las redes sociales de la Secretar\u00eda de las Mujeres, en Facebook https:\/\/www.facebook.com\/SeMujerEdomex y en Twitter @SeMujerEdoMex.<\/p>\n","protected":false},"excerpt":{"rendered":"<p>La Secretar\u00eda de las Mujeres en colaboraci\u00f3n con la Secretar\u00eda de Cultura y Turismo, llev\u00f3 a cabo la segunda sesi\u00f3n del c\u00edrculo feminista \u201cAntonieta Rivas Mercado\u201d, en el ejercicio de reconocer el legado de las mujeres en la lucha por la igualdad de derechos y oportunidades.<\/p>\n","protected":false},"author":3,"featured_media":50129,"comment_status":"open","ping_status":"open","sticky":false,"template":"","format":"standard","meta":{"_monsterinsights_skip_tracking":false,"footnotes":""},"categories":[693,51],"tags":[],"class_list":["post-50128","post","type-post","status-publish","format-standard","has-post-thumbnail","category-693","category-ejecutivo"],"_links":{"self":[{"href":"https:\/\/redsemlac.com\/semmexico\/wp-json\/wp\/v2\/posts\/50128","targetHints":{"allow":["GET"]}}],"collection":[{"href":"https:\/\/redsemlac.com\/semmexico\/wp-json\/wp\/v2\/posts"}],"about":[{"href":"https:\/\/redsemlac.com\/semmexico\/wp-json\/wp\/v2\/types\/post"}],"author":[{"embeddable":true,"href":"https:\/\/redsemlac.com\/semmexico\/wp-json\/wp\/v2\/users\/3"}],"replies":[{"embeddable":true,"href":"https:\/\/redsemlac.com\/semmexico\/wp-json\/wp\/v2\/comments?post=50128"}],"version-history":[{"count":0,"href":"https:\/\/redsemlac.com\/semmexico\/wp-json\/wp\/v2\/posts\/50128\/revisions"}],"wp:featuredmedia":[{"embeddable":true,"href":"https:\/\/redsemlac.com\/semmexico\/wp-json\/wp\/v2\/media\/50129"}],"wp:attachment":[{"href":"https:\/\/redsemlac.com\/semmexico\/wp-json\/wp\/v2\/media?parent=50128"}],"wp:term":[{"taxonomy":"category","embeddable":true,"href":"https:\/\/redsemlac.com\/semmexico\/wp-json\/wp\/v2\/categories?post=50128"},{"taxonomy":"post_tag","embeddable":true,"href":"https:\/\/redsemlac.com\/semmexico\/wp-json\/wp\/v2\/tags?post=50128"}],"curies":[{"name":"wp","href":"https:\/\/api.w.org\/{rel}","templated":true}]}}