{"id":50107,"date":"2022-05-14T14:01:11","date_gmt":"2022-05-14T20:01:11","guid":{"rendered":"https:\/\/redsemlac.com\/semmexico\/?p=50107"},"modified":"2023-07-21T19:04:43","modified_gmt":"2023-07-22T00:04:43","slug":"buscan-mujeres-a-cuatro-desaparecidos-en-chiapas","status":"publish","type":"post","link":"https:\/\/redsemlac.com\/semmexico\/buscan-mujeres-a-cuatro-desaparecidos-en-chiapas\/","title":{"rendered":"Buscan mujeres a cuatro desaparecidos en Chiapas"},"content":{"rendered":"\n<p class=\"wp-block-paragraph\">Productores de mango ataulfo iban de paseo al centro ecotur\u00edstico Lagos de Col\u00f3n y desaparecieron<\/p>\n\n\n\n<p class=\"wp-block-paragraph\">Gabriela Couti\u00f1o<\/p>\n\n\n\n<p class=\"wp-block-paragraph\">SemM\u00e9xico, Tuxtla Guti\u00e9rrez, Chis., 14 de mayo, 2022. &#8211; Familiares de cuatro productores de mango del municipio de Huehuet\u00e1n, en la regi\u00f3n del Soconusco de Chiapas, que desaparecieron el pasado 1 de mayo, cuando se dirig\u00edan al centro ecotur\u00edstico Lagos de Col\u00f3n, en el municipio de La Trinitaria, en los l\u00edmites con Guatemala, bloquearon por varias horas la carretera costera en demanda de que aparezcan con vida.<\/p>\n\n\n\n<p class=\"wp-block-paragraph\">\u201cExigimos justicia para todos los familiares, madres, padres que con todo el dolor y con toda la desesperaci\u00f3n se levantan cada d\u00eda para buscar a nuestros desaparecidos. Que nos escuchen las autoridades, escuchen nuestro llanto, nuestros ruegos, \u00bfporque nos los quitaron?, \u00bfpor qu\u00e9 les quitaron la libertad?, dijo en medio del llanto, Nogla Ancheyta Cruz, madre de Leonardo Javier Garc\u00eda Ancheyta de 21 a\u00f1os, uno de los desaparecidos<\/p>\n\n\n\n<p class=\"wp-block-paragraph\">Leonardo Javier, desapareci\u00f3 el pasado 1 de mayo, cuando iban a bordo de un veh\u00edculo tipo Silverado en compa\u00f1\u00eda de su primo Luis \u00c1lvaro Arciniega Ancheyta, ambos llevaban a Rigoberto Guti\u00e9rrez D\u00edaz y Heriberto Guzm\u00e1n Cornejo, compradores de las huertas de mango originarios de Guadalajara que todos los a\u00f1os viajaban a la regi\u00f3n para la compra de mango ataulfo; pero que en esta ocasi\u00f3n manifestaron su deseo de conocer Los Lagos de Col\u00f3n, un lugar de extraordinaria belleza, donde tambi\u00e9n se ubica la zona arqueol\u00f3gica El Lagartero.<\/p>\n\n\n\n<p class=\"wp-block-paragraph\">Los tres salieron de su domicilio en el barrio Las Flores de Huehuetan, relata Nogla.<\/p>\n\n\n\n<p class=\"wp-block-paragraph\">La mujer denunci\u00f3 que las autoridades no les han notificado absolutamente nada si est\u00e1n llevando a cabo la b\u00fasqueda de su hijo, su sobrino y las otras dos personas.<\/p>\n\n\n\n<p class=\"wp-block-paragraph\">Al tercer d\u00eda de su desaparici\u00f3n, las autoridades sacaron las fichas de b\u00fasqueda, \u201cpero no han actuado, ya han transcurrido 13 d\u00edas y no sabemos nada, mientras me hundo en la desesperaci\u00f3n\u201d, agreg\u00f3.<\/p>\n\n\n\n<p class=\"wp-block-paragraph\">La mujer estuvo apoyada por un grupo de 50 personas, entre familiares y vecinos que bloquearon la super carretera que comunica a toda la costa de Chiapas.<\/p>\n\n\n\n<p class=\"wp-block-paragraph\">En los \u00faltimos seis meses, en la zona fronteriza de Chiapas con Guatemala, llamada \u201cla carretera del terror\u201d, m\u00e1s de 50 personas han desaparecido, y seguido se reportan enfrentamientos a balazos.<\/p>\n\n\n\n<p class=\"wp-block-paragraph\">De acuerdo con las autoridades, entre los municipios de Comit\u00e1n, La Trinitaria y Frontera Comalapa, integrantes del cartel de Sinaloa se disputan el control del territorio con el cartel Jalisco Nueva Generaci\u00f3n, que opera en Guatemala.<\/p>\n\n\n\n<figure class=\"wp-block-gallery has-nested-images columns-default is-cropped wp-block-gallery-1 is-layout-flex wp-block-gallery-is-layout-flex\">\n<figure class=\"wp-block-image size-large\"><a href=\"https:\/\/redsemlac.com\/semmexico\/wp-content\/uploads\/2022\/05\/PHOTO-2022-05-13-21-43-04-copia.jpg\"><img decoding=\"async\" data-id=\"50114\" src=\"https:\/\/redsemlac.com\/semmexico\/wp-content\/uploads\/2022\/05\/PHOTO-2022-05-13-21-43-04-copia-1024x576.jpg\" alt=\"\" class=\"wp-image-50114\"\/><\/a><\/figure>\n\n\n\n<figure class=\"wp-block-image size-large\"><a href=\"https:\/\/redsemlac.com\/semmexico\/wp-content\/uploads\/2022\/05\/PHOTO-2022-05-13-21-43-04.jpg\"><img decoding=\"async\" data-id=\"50112\" src=\"https:\/\/redsemlac.com\/semmexico\/wp-content\/uploads\/2022\/05\/PHOTO-2022-05-13-21-43-04-1024x576.jpg\" alt=\"\" class=\"wp-image-50112\"\/><\/a><\/figure>\n\n\n\n<figure class=\"wp-block-image size-large\"><a href=\"https:\/\/redsemlac.com\/semmexico\/wp-content\/uploads\/2022\/05\/PHOTO-2022-05-13-21-43-05-copia-2.jpg\"><img decoding=\"async\" data-id=\"50115\" src=\"https:\/\/redsemlac.com\/semmexico\/wp-content\/uploads\/2022\/05\/PHOTO-2022-05-13-21-43-05-copia-2-1024x576.jpg\" alt=\"\" class=\"wp-image-50115\"\/><\/a><\/figure>\n\n\n\n<figure class=\"wp-block-image size-large\"><a href=\"https:\/\/redsemlac.com\/semmexico\/wp-content\/uploads\/2022\/05\/PHOTO-2022-05-13-21-43-05-copia.jpg\"><img decoding=\"async\" data-id=\"50110\" src=\"https:\/\/redsemlac.com\/semmexico\/wp-content\/uploads\/2022\/05\/PHOTO-2022-05-13-21-43-05-copia-1024x576.jpg\" alt=\"\" class=\"wp-image-50110\"\/><\/a><\/figure>\n\n\n\n<figure class=\"wp-block-image size-large\"><a href=\"https:\/\/redsemlac.com\/semmexico\/wp-content\/uploads\/2022\/05\/PHOTO-2022-05-13-21-43-06-copia-2.jpg\"><img decoding=\"async\" data-id=\"50113\" src=\"https:\/\/redsemlac.com\/semmexico\/wp-content\/uploads\/2022\/05\/PHOTO-2022-05-13-21-43-06-copia-2-1024x576.jpg\" alt=\"\" class=\"wp-image-50113\"\/><\/a><\/figure>\n\n\n\n<figure class=\"wp-block-image size-large\"><a href=\"https:\/\/redsemlac.com\/semmexico\/wp-content\/uploads\/2022\/05\/PHOTO-2022-05-13-21-43-06-copia.jpg\"><img decoding=\"async\" data-id=\"50111\" src=\"https:\/\/redsemlac.com\/semmexico\/wp-content\/uploads\/2022\/05\/PHOTO-2022-05-13-21-43-06-copia-1024x576.jpg\" alt=\"\" class=\"wp-image-50111\"\/><\/a><\/figure>\n\n\n\n<figure class=\"wp-block-image size-large\"><a href=\"https:\/\/redsemlac.com\/semmexico\/wp-content\/uploads\/2022\/05\/PHOTO-2022-05-13-21-43-06.jpg\"><img decoding=\"async\" data-id=\"50116\" src=\"https:\/\/redsemlac.com\/semmexico\/wp-content\/uploads\/2022\/05\/PHOTO-2022-05-13-21-43-06-1024x576.jpg\" alt=\"\" class=\"wp-image-50116\"\/><\/a><\/figure>\n\n\n\n<figure class=\"wp-block-image size-large\"><a href=\"https:\/\/redsemlac.com\/semmexico\/wp-content\/uploads\/2022\/05\/PHOTO-2022-05-13-21-43-07-copia.jpg\"><img decoding=\"async\" data-id=\"50117\" src=\"https:\/\/redsemlac.com\/semmexico\/wp-content\/uploads\/2022\/05\/PHOTO-2022-05-13-21-43-07-copia-1024x576.jpg\" alt=\"\" class=\"wp-image-50117\"\/><\/a><\/figure>\n\n\n\n<figure class=\"wp-block-image size-large\"><a href=\"https:\/\/redsemlac.com\/semmexico\/wp-content\/uploads\/2022\/05\/PHOTO-2022-05-13-21-43-07.jpg\"><img decoding=\"async\" data-id=\"50118\" src=\"https:\/\/redsemlac.com\/semmexico\/wp-content\/uploads\/2022\/05\/PHOTO-2022-05-13-21-43-07-1024x576.jpg\" alt=\"\" class=\"wp-image-50118\"\/><\/a><\/figure>\n<\/figure>\n\n\n\n<figure class=\"wp-block-video\"><video height=\"352\" style=\"aspect-ratio: 640 \/ 352;\" width=\"640\" controls src=\"https:\/\/redsemlac.com\/semmexico\/wp-content\/uploads\/2022\/05\/VIDEO-2022-05-13-21-43-04.mp4\"><\/video><\/figure>\n\n\n\n<figure class=\"wp-block-video\"><video height=\"352\" style=\"aspect-ratio: 640 \/ 352;\" width=\"640\" controls src=\"https:\/\/redsemlac.com\/semmexico\/wp-content\/uploads\/2022\/05\/VIDEO-2022-05-13-21-43-03-1.mp4\"><\/video><\/figure>\n\n\n\n<figure class=\"wp-block-video\"><video height=\"352\" style=\"aspect-ratio: 640 \/ 352;\" width=\"640\" controls src=\"https:\/\/redsemlac.com\/semmexico\/wp-content\/uploads\/2022\/05\/VIDEO-2022-05-13-21-43-03.mp4\"><\/video><\/figure>\n\n\n\n<figure class=\"wp-block-video\"><video height=\"352\" style=\"aspect-ratio: 640 \/ 352;\" width=\"640\" controls src=\"https:\/\/redsemlac.com\/semmexico\/wp-content\/uploads\/2022\/05\/VIDEO-2022-05-13-21-43-02.mp4\"><\/video><\/figure>\n\n\n\n<figure class=\"wp-block-video\"><video height=\"352\" style=\"aspect-ratio: 640 \/ 352;\" width=\"640\" controls src=\"https:\/\/redsemlac.com\/semmexico\/wp-content\/uploads\/2022\/05\/VIDEO-2022-05-13-21-42-24.mp4\"><\/video><\/figure>\n","protected":false},"excerpt":{"rendered":"<p>Familiares de cuatro productores de mango del municipio de Huehuet\u00e1n, en la regi\u00f3n del Soconusco de Chiapas, que desaparecieron el pasado 1 de mayo, cuando se dirig\u00edan al centro ecotur\u00edstico Lagos de Col\u00f3n, en el municipio de La Trinitaria, en los l\u00edmites con Guatemala, bloquearon por varias horas la carretera costera en demanda de que aparezcan con vida.<\/p>\n","protected":false},"author":3,"featured_media":50109,"comment_status":"open","ping_status":"open","sticky":false,"template":"","format":"standard","meta":{"_monsterinsights_skip_tracking":false,"footnotes":""},"categories":[693,47],"tags":[],"class_list":["post-50107","post","type-post","status-publish","format-standard","has-post-thumbnail","category-693","category-no-mas-impunidad"],"_links":{"self":[{"href":"https:\/\/redsemlac.com\/semmexico\/wp-json\/wp\/v2\/posts\/50107","targetHints":{"allow":["GET"]}}],"collection":[{"href":"https:\/\/redsemlac.com\/semmexico\/wp-json\/wp\/v2\/posts"}],"about":[{"href":"https:\/\/redsemlac.com\/semmexico\/wp-json\/wp\/v2\/types\/post"}],"author":[{"embeddable":true,"href":"https:\/\/redsemlac.com\/semmexico\/wp-json\/wp\/v2\/users\/3"}],"replies":[{"embeddable":true,"href":"https:\/\/redsemlac.com\/semmexico\/wp-json\/wp\/v2\/comments?post=50107"}],"version-history":[{"count":0,"href":"https:\/\/redsemlac.com\/semmexico\/wp-json\/wp\/v2\/posts\/50107\/revisions"}],"wp:featuredmedia":[{"embeddable":true,"href":"https:\/\/redsemlac.com\/semmexico\/wp-json\/wp\/v2\/media\/50109"}],"wp:attachment":[{"href":"https:\/\/redsemlac.com\/semmexico\/wp-json\/wp\/v2\/media?parent=50107"}],"wp:term":[{"taxonomy":"category","embeddable":true,"href":"https:\/\/redsemlac.com\/semmexico\/wp-json\/wp\/v2\/categories?post=50107"},{"taxonomy":"post_tag","embeddable":true,"href":"https:\/\/redsemlac.com\/semmexico\/wp-json\/wp\/v2\/tags?post=50107"}],"curies":[{"name":"wp","href":"https:\/\/api.w.org\/{rel}","templated":true}]}}