{"id":5009,"date":"2018-10-25T19:37:17","date_gmt":"2018-10-25T19:37:17","guid":{"rendered":"https:\/\/redsemlac.com\/semmexico\/?p=5009"},"modified":"2023-07-21T14:34:17","modified_gmt":"2023-07-21T19:34:17","slug":"no-ha-sido-suficiente-la-politica-presupuestaria-indica","status":"publish","type":"post","link":"https:\/\/redsemlac.com\/semmexico\/no-ha-sido-suficiente-la-politica-presupuestaria-indica\/","title":{"rendered":"No ha sido suficiente la pol\u00edtica presupuestaria, indica"},"content":{"rendered":"\n<p class=\"wp-block-paragraph\"><a href=\"https:\/\/www.semmexico.com\/gallery-post.php?id=6216#\">Lizbeth \u00c1lvarez<\/a><\/p>\n\n\n\n<p class=\"wp-block-paragraph\">SemM\u00e9xico, Cd. de M\u00e9xico, 25 octubre 2018.- Que las instancias p\u00fablicas de los tres poderes de gobierno de la ciudad de M\u00e9xico destinen 1.5 por ciento de su presupuesto total para acciones que fomenten la igualdad de g\u00e9nero y prevengan la violencia contra las mujeres.<\/p>\n\n\n\n<p class=\"wp-block-paragraph\">As\u00ed lo propuso la diputada Leonor G\u00f3mez Otegui, quien plante\u00f3 ante el Pleno del Congreso de la Ciudad de M\u00e9xico un proyecto de decreto para modificar la Ley de Presupuesto y Gasto Eficiente de la Ciudad de M\u00e9xico, a fin de reducir la brecha de desigualdad de g\u00e9nero<\/p>\n\n\n\n<p class=\"wp-block-paragraph\">La legisladora, integrante del Grupo Parlamentario del Partido del Trabajo (PT), asegur\u00f3 que los esfuerzos para combatir y erradicar la desigualdad de g\u00e9nero, y avanzar hacia la igualdad entre hombres y mujeres se han fortalecido en diversos pa\u00edses que han incluido en su legislaci\u00f3n iniciativas para presupuesto con enfoque de g\u00e9nero.<\/p>\n\n\n\n<p class=\"wp-block-paragraph\">\u201cSi bien M\u00e9xico ha desarrollado desde 2012 una pol\u00edtica presupuestaria con perspectiva de g\u00e9nero, que se ha ido fortaleciendo a\u00f1o con a\u00f1o, a\u00fan no es suficiente\u201d, asegur\u00f3.<\/p>\n\n\n\n<p class=\"wp-block-paragraph\">Record\u00f3 que la paridad de g\u00e9nero est\u00e1 inserta en las constituciones local y federal. \u201cEn ese sentido la presente iniciativa de ley pretende establecer en la Ley de Presupuesto y Gasto Eficiente de la Ciudad de M\u00e9xico la obligaci\u00f3n de los tres poderes de la ciudad para que destinen de manera anual el equivalente a 1.5 por ciento del presupuesto aprobado por el Congreso de la Ciudad de M\u00e9xico al rubro de capacitaci\u00f3n y fomento a la igualdad sustantiva\u201d.<\/p>\n\n\n\n<p class=\"wp-block-paragraph\">Agreg\u00f3 que esta disposici\u00f3n se har\u00eda extensiva a las Alcald\u00edas y dependencias del gobierno de la ciudad, as\u00ed como al poder legislativo y judicial, sin que esto signifique un incremento al presupuesto total de las dependencias. \u201cComo una forma de ir rompiendo los techos de cristal que impiden a las mujeres su verdadero empoderamiento\u201d.<\/p>\n\n\n\n<p class=\"wp-block-paragraph\">La iniciativa fue turnada para su an\u00e1lisis y dictamen a las comisiones unidas de Presupuesto y Cuenta P\u00fablica e Igualdad de G\u00e9nero del Congreso de la Ciudad de M\u00e9xico.<\/p>\n\n\n\n<p class=\"wp-block-paragraph\">SEM\/la\/sj<\/p>\n\n\n\n<hr class=\"wp-block-separator\"\/>\n\n\n\n<ul class=\"wp-block-list\"><li>TAGS<\/li><li><a href=\"javascript:void(0);\">#CONGRESO<\/a><\/li><\/ul>\n","protected":false},"excerpt":{"rendered":"<p>Lizbeth \u00c1lvarez SemM\u00e9xico, Cd. de M\u00e9xico, 25 octubre 2018.- Que las instancias p\u00fablicas de los tres poderes de gobierno de la ciudad de M\u00e9xico destinen 1.5 por ciento de su presupuesto total para acciones que fomenten la igualdad de g\u00e9nero y prevengan la violencia contra las mujeres. As\u00ed lo propuso la diputada Leonor G\u00f3mez Otegui, [&hellip;]<\/p>\n","protected":false},"author":3,"featured_media":5010,"comment_status":"open","ping_status":"open","sticky":false,"template":"","format":"standard","meta":{"_monsterinsights_skip_tracking":false,"footnotes":""},"categories":[689,50],"tags":[],"class_list":["post-5009","post","type-post","status-publish","format-standard","has-post-thumbnail","category-689","category-congreso"],"_links":{"self":[{"href":"https:\/\/redsemlac.com\/semmexico\/wp-json\/wp\/v2\/posts\/5009","targetHints":{"allow":["GET"]}}],"collection":[{"href":"https:\/\/redsemlac.com\/semmexico\/wp-json\/wp\/v2\/posts"}],"about":[{"href":"https:\/\/redsemlac.com\/semmexico\/wp-json\/wp\/v2\/types\/post"}],"author":[{"embeddable":true,"href":"https:\/\/redsemlac.com\/semmexico\/wp-json\/wp\/v2\/users\/3"}],"replies":[{"embeddable":true,"href":"https:\/\/redsemlac.com\/semmexico\/wp-json\/wp\/v2\/comments?post=5009"}],"version-history":[{"count":0,"href":"https:\/\/redsemlac.com\/semmexico\/wp-json\/wp\/v2\/posts\/5009\/revisions"}],"wp:featuredmedia":[{"embeddable":true,"href":"https:\/\/redsemlac.com\/semmexico\/wp-json\/wp\/v2\/media\/5010"}],"wp:attachment":[{"href":"https:\/\/redsemlac.com\/semmexico\/wp-json\/wp\/v2\/media?parent=5009"}],"wp:term":[{"taxonomy":"category","embeddable":true,"href":"https:\/\/redsemlac.com\/semmexico\/wp-json\/wp\/v2\/categories?post=5009"},{"taxonomy":"post_tag","embeddable":true,"href":"https:\/\/redsemlac.com\/semmexico\/wp-json\/wp\/v2\/tags?post=5009"}],"curies":[{"name":"wp","href":"https:\/\/api.w.org\/{rel}","templated":true}]}}