{"id":5006,"date":"2018-11-26T19:35:29","date_gmt":"2018-11-26T19:35:29","guid":{"rendered":"https:\/\/redsemlac.com\/semmexico\/?p=5006"},"modified":"2023-07-21T14:34:46","modified_gmt":"2023-07-21T19:34:46","slug":"se-desconoce-el-numero-de-personas-desaparecidas","status":"publish","type":"post","link":"https:\/\/redsemlac.com\/semmexico\/se-desconoce-el-numero-de-personas-desaparecidas\/","title":{"rendered":"Se desconoce el n\u00famero de personas desaparecidas."},"content":{"rendered":"\n<p class=\"wp-block-paragraph\"><a href=\"https:\/\/www.semmexico.com\/gallery-post.php?id=6233#\">Josefina Aguilar Pastor,<\/a><\/p>\n\n\n\n<p class=\"wp-block-paragraph\">SemM\u00e9xico. Chilpancingo, Guerrero. 26 de octubre de 2018.- Arturo L\u00f3pez Sug\u00eda diputado local de Movimiento Ciudadano (MC), propuso reducir de 72 a 24 horas el inicio de la b\u00fasqueda de personas reportadas como desaparecidas en el Estado de Guerrero y con ello, agilizar la localizaci\u00f3n de mujeres.<\/p>\n\n\n\n<p class=\"wp-block-paragraph\">Propuso reformar los art\u00edculos 11 y 21 de la Ley Org\u00e1nica de la Fiscal\u00eda General del Estado de Guerrero, N\u00famero 500, que establece esperar 72 horas, para iniciar la b\u00fasqueda de una persona reportada como desaparecida.<\/p>\n\n\n\n<p class=\"wp-block-paragraph\">A nivel estatal, dijo el diputado, se desconoce el n\u00famero de personas desaparecidas, a pesar de que el 30 de septiembre de 2015, la Comisi\u00f3n Nacional de Derechos Humanos (CDNH), solicit\u00f3 a las entidades federativas emitir un reporte del periodo de julio de 2014 a agosto del 2015, Guerrero, fue uno de los cinco Estados, que ignor\u00f3 tal petici\u00f3n.<\/p>\n\n\n\n<p class=\"wp-block-paragraph\">Es decir, Guerrero no cuenta con estad\u00edsticas oficiales y en consecuencia carece tambi\u00e9n de medidas para erradicar el problema, \u201ca\u00fan peor, con base en el documento, Guerrero no informa a la CNDH ninguna clase de registro sobre el tema desde el 18 de enero del 2007, donde inform\u00f3 la desaparici\u00f3n de 401 personas, 401 personas que hasta la fecha siguen desaparecidas\u201d, se\u00f1al\u00f3 el legislador.<\/p>\n\n\n\n<p class=\"wp-block-paragraph\">El \u00fanico par\u00e1metro conocido, es el dado a conocer por el Registro Nacional de Datos de Personas Extraviadas o Desaparecidas, que informa que hasta el corte del 30 de abril de 2018, hab\u00eda 9 mil 327 personas desaparecidas en el pa\u00eds, de las cuales, mil 482 corresponder\u00edan a Guerrero, y aunque no se informa el sexo, se prev\u00e9 que un n\u00famero elevado corresponde a mujeres.<\/p>\n\n\n\n<p class=\"wp-block-paragraph\"><br>L\u00f3pez Sug\u00eda refiri\u00f3 que en Guerrero, se ha declarado la Alerta de Violencia de G\u00e9nero contra las Mujeres (AVGM) en ocho municipios, como mecanismo de protecci\u00f3n de los derechos humanos de las mujeres \u00fanico en el mundo, establecido en la Ley General de Acceso de las Mujeres a una Vida Libre de Violencia, cuyo objeto es garantizar la seguridad de mujeres y ni\u00f1as, el cese de la violencia en su contra, y eliminar las desigualdades producidas por una legislaci\u00f3n o pol\u00edtica p\u00fablica que agravia sus derechos humanos.<\/p>\n\n\n\n<p class=\"wp-block-paragraph\">La desaparici\u00f3n de personas y la AVGM son una p\u00e9sima y muy peligrosa combinaci\u00f3n para el Estado que requiere una urgente atenci\u00f3n desde los tres \u00f3rganos de gobierno, subray\u00f3.<\/p>\n\n\n\n<p class=\"wp-block-paragraph\">El legislador de Movimiento Ciudadano, manifest\u00f3 su consternaci\u00f3n, ante este problema, al se\u00f1alar que en su municipio, Acapulco, tan solo en lo que va del mes de octubre se ha reportado la desaparici\u00f3n de 6 mujeres, entre ellas, Mar\u00eda Lorena, Alondra, Caritina, Erika y Alma.<\/p>\n\n\n\n<p class=\"wp-block-paragraph\">Tambi\u00e9n dijo que la principal obstrucci\u00f3n para dar con el paradero de estas mujeres ha sido el Ministerio P\u00fablico, el que por protocolo o por costumbre, espera 72 horas antes de iniciar cualquier b\u00fasqueda, a pesar de que organismos internacionales y \u00f3rganos federales han manifestado lo anacr\u00f3nico que es esperar 72 horas para iniciar la b\u00fasqueda, cuando las primeras 48 e incluso las primeras 24 horas, son esenciales para encontrar a la persona a\u00fan con vida.<\/p>\n\n\n\n<p class=\"wp-block-paragraph\">Ante el ello, la iniciativa presentada propone obligar al Ministerio P\u00fablico a comenzar la b\u00fasqueda de mujeres desaparecidas dentro de las primeras 24 horas de que conoci\u00f3 el hecho, aunque refiri\u00f3 que las 72 horas se implementan para evitar reportes de desaparici\u00f3n falsos, \u201cno debemos de olvidar que el Estado se encuentra en alerta de violencia de g\u00e9nero contra las mujeres y que consecuentemente ellas son prioridad para el Estado y por ello se requieren medidas apremiantes que garanticen su seguridad\u201d, subray\u00f3 el legislador.<\/p>\n\n\n\n<p class=\"wp-block-paragraph\">La iniciativa propone castigo al Ministerio P\u00fablico que desobedezca lo propuesto, ser\u00e1 destituido por el Fiscal General, \u201cde esta manera nos cercioramos que ahora s\u00ed hagan su chamba y garanticen lo que desde un principio debieron garantizar, justicia y seguridad para las mujeres\u201d, advirti\u00f3 L\u00f3pez Sug\u00eda. La propuesta fue turnada a la Comisi\u00f3n justicia<br><\/p>\n","protected":false},"excerpt":{"rendered":"<p>Josefina Aguilar Pastor, SemM\u00e9xico. Chilpancingo, Guerrero. 26 de octubre de 2018.- Arturo L\u00f3pez Sug\u00eda diputado local de Movimiento Ciudadano (MC), propuso reducir de 72 a 24 horas el inicio de la b\u00fasqueda de personas reportadas como desaparecidas en el Estado de Guerrero y con ello, agilizar la localizaci\u00f3n de mujeres. Propuso reformar los art\u00edculos 11 [&hellip;]<\/p>\n","protected":false},"author":3,"featured_media":5007,"comment_status":"open","ping_status":"open","sticky":false,"template":"","format":"standard","meta":{"_monsterinsights_skip_tracking":false,"footnotes":""},"categories":[689,50],"tags":[],"class_list":["post-5006","post","type-post","status-publish","format-standard","has-post-thumbnail","category-689","category-congreso"],"_links":{"self":[{"href":"https:\/\/redsemlac.com\/semmexico\/wp-json\/wp\/v2\/posts\/5006","targetHints":{"allow":["GET"]}}],"collection":[{"href":"https:\/\/redsemlac.com\/semmexico\/wp-json\/wp\/v2\/posts"}],"about":[{"href":"https:\/\/redsemlac.com\/semmexico\/wp-json\/wp\/v2\/types\/post"}],"author":[{"embeddable":true,"href":"https:\/\/redsemlac.com\/semmexico\/wp-json\/wp\/v2\/users\/3"}],"replies":[{"embeddable":true,"href":"https:\/\/redsemlac.com\/semmexico\/wp-json\/wp\/v2\/comments?post=5006"}],"version-history":[{"count":0,"href":"https:\/\/redsemlac.com\/semmexico\/wp-json\/wp\/v2\/posts\/5006\/revisions"}],"wp:featuredmedia":[{"embeddable":true,"href":"https:\/\/redsemlac.com\/semmexico\/wp-json\/wp\/v2\/media\/5007"}],"wp:attachment":[{"href":"https:\/\/redsemlac.com\/semmexico\/wp-json\/wp\/v2\/media?parent=5006"}],"wp:term":[{"taxonomy":"category","embeddable":true,"href":"https:\/\/redsemlac.com\/semmexico\/wp-json\/wp\/v2\/categories?post=5006"},{"taxonomy":"post_tag","embeddable":true,"href":"https:\/\/redsemlac.com\/semmexico\/wp-json\/wp\/v2\/tags?post=5006"}],"curies":[{"name":"wp","href":"https:\/\/api.w.org\/{rel}","templated":true}]}}