{"id":5003,"date":"2018-10-26T19:34:06","date_gmt":"2018-10-26T19:34:06","guid":{"rendered":"https:\/\/redsemlac.com\/semmexico\/?p=5003"},"modified":"2023-07-21T14:34:17","modified_gmt":"2023-07-21T19:34:17","slug":"el-congreso-del-estado-aprobo-exhortar-al-gobierno-federal-y-estatal-analicen-la-posibilidad-de-ampliar-la-alerta-de-violencia-de-genero","status":"publish","type":"post","link":"https:\/\/redsemlac.com\/semmexico\/el-congreso-del-estado-aprobo-exhortar-al-gobierno-federal-y-estatal-analicen-la-posibilidad-de-ampliar-la-alerta-de-violencia-de-genero\/","title":{"rendered":"El Congreso del Estado, aprob\u00f3 exhortar al gobierno federal y estatal, analicen la posibilidad de ampliar la Alerta de Violencia de Genero."},"content":{"rendered":"\n<p class=\"wp-block-paragraph\"><a href=\"https:\/\/www.semmexico.com\/gallery-post.php?id=6234#\">Josefina Aguilar Pastor,<\/a><\/p>\n\n\n\n<p class=\"wp-block-paragraph\">SemM\u00e9xico. Chilpancingo, Guerrero, 26 de octubre de 2018.- Por mayor\u00eda de votos, el Congreso del Estado, aprob\u00f3 exhortar al gobierno federal y estatal, analicen la posibilidad de ampliar la Alerta de Violencia de Genero en contra de las Mujeres en toda la entidad, as\u00ed como pedir al ayuntamiento de Acapulco, refuerce las acciones de emergencia para enfrentar y erradicar la violencia feminicida en dicho municipio.<\/p>\n\n\n\n<p class=\"wp-block-paragraph\">Mois\u00e9s Reyes Sandoval, de Morena, present\u00f3 la propuesta inicial para exhortar al gobierno federal y estatal a fin de que instruyeran de manera respectiva, al Secretario de Gobernaci\u00f3n y al Secretario General de Gobierno, as\u00ed como al ayuntamiento de Acapulco, refuercen las acciones gubernamentales de emergencia para enfrentar y erradicar la violencia feminicida y en su caso, previos estudios, se ampli\u00e9 la aplicaci\u00f3n de la alerta de violencia de g\u00e9nero en todo el Estado, y as\u00ed garantizar la seguridad de las mujeres en Guerrero.<\/p>\n\n\n\n<p class=\"wp-block-paragraph\">\u201cA los diputados que integramos esta Legislatura, el tema de los feminicidios no solo nos debe preocupar, sino que nos debe ocupar ya que se est\u00e1 actuando de manera despiadada y brutal contra el g\u00e9nero femenino y nosotros somos los principalmente obligados a contribuir con las autoridades competentes para generar acciones y fortalecer programas gubernamentales que garanticen plenamente la seguridad de la ciudadan\u00eda en general, pero sobre todo de nuestras mujeres tanto en nuestro Estado, como en todo el pa\u00eds\u201d, se\u00f1al\u00f3 el diputado de Morena.<\/p>\n\n\n\n<p class=\"wp-block-paragraph\">Dichos llamados, consider\u00f3 son importantes y viables, ante la situaci\u00f3n tan delicada por la violencia feminicida en contra de las mujeres, que se vive en la entidad.<\/p>\n\n\n\n<p class=\"wp-block-paragraph\">Esta propuesta fue criticada por el diputado del PRD, Bernardo Ortega Jim\u00e9nez, quien primero acus\u00f3 a Morena de pretender utilizar este delicado tema de la violencia feminicida con fines medi\u00e1ticos y pol\u00edticos, y puso en evidencia la falta de conocimiento del diputado de Morena, quien propuso exhortar al gobierno federal, para que a trav\u00e9s del Secretario de Gobernaci\u00f3n y el titular de la Comisi\u00f3n Nacional para Prevenir y Erradicar la Violencia Contra las Mujeres, remita un informe pormenorizado de las acciones que han emprendido desde la declaratoria de la AVGM a la fecha.<\/p>\n\n\n\n<p class=\"wp-block-paragraph\">Reconvino que los resultados y alcances de la AVGM, no corresponden a la Secretar\u00eda de Gobernaci\u00f3n ni a la Conavim, sino al gobierno del Estado, a la Segob, solo le toca vigilar el cumplimiento, as\u00ed como la declaratoria de ampliaci\u00f3n para el resto de la entidad.<\/p>\n\n\n\n<p class=\"wp-block-paragraph\">Alicia Zamora Villalva del PRI, propuso modificar el art\u00edculo tercero de la propuesta de Reyes Sandoval, para exhortar al Fiscal General del Estado, a que fortalezca y redoble los esfuerzos en las investigaciones para la detenci\u00f3n y consignaci\u00f3n ante el Juez competente de los responsables de tan arteros cr\u00edmenes en contra de mujeres en el Estado, a fin de que especifique que estas acciones se enfoquen al municipio de Acapulco.<\/p>\n\n\n\n<p class=\"wp-block-paragraph\">Esta propuesta fue aprobada por mayor\u00eda de votos, debido a que los diputados del grupo parlamentario de Morena, se perdieron en el proceso de votaci\u00f3n; al ser requerida, solo el diputado Ricardo Castillo se abstuvo, el resto, no supo que hacer, al reaccionar, el proceso se hab\u00eda consumado.<\/p>\n","protected":false},"excerpt":{"rendered":"<p>Josefina Aguilar Pastor, SemM\u00e9xico. Chilpancingo, Guerrero, 26 de octubre de 2018.- Por mayor\u00eda de votos, el Congreso del Estado, aprob\u00f3 exhortar al gobierno federal y estatal, analicen la posibilidad de ampliar la Alerta de Violencia de Genero en contra de las Mujeres en toda la entidad, as\u00ed como pedir al ayuntamiento de Acapulco, refuerce las [&hellip;]<\/p>\n","protected":false},"author":3,"featured_media":5004,"comment_status":"open","ping_status":"open","sticky":false,"template":"","format":"standard","meta":{"_monsterinsights_skip_tracking":false,"footnotes":""},"categories":[689,50],"tags":[],"class_list":["post-5003","post","type-post","status-publish","format-standard","has-post-thumbnail","category-689","category-congreso"],"_links":{"self":[{"href":"https:\/\/redsemlac.com\/semmexico\/wp-json\/wp\/v2\/posts\/5003","targetHints":{"allow":["GET"]}}],"collection":[{"href":"https:\/\/redsemlac.com\/semmexico\/wp-json\/wp\/v2\/posts"}],"about":[{"href":"https:\/\/redsemlac.com\/semmexico\/wp-json\/wp\/v2\/types\/post"}],"author":[{"embeddable":true,"href":"https:\/\/redsemlac.com\/semmexico\/wp-json\/wp\/v2\/users\/3"}],"replies":[{"embeddable":true,"href":"https:\/\/redsemlac.com\/semmexico\/wp-json\/wp\/v2\/comments?post=5003"}],"version-history":[{"count":0,"href":"https:\/\/redsemlac.com\/semmexico\/wp-json\/wp\/v2\/posts\/5003\/revisions"}],"wp:featuredmedia":[{"embeddable":true,"href":"https:\/\/redsemlac.com\/semmexico\/wp-json\/wp\/v2\/media\/5004"}],"wp:attachment":[{"href":"https:\/\/redsemlac.com\/semmexico\/wp-json\/wp\/v2\/media?parent=5003"}],"wp:term":[{"taxonomy":"category","embeddable":true,"href":"https:\/\/redsemlac.com\/semmexico\/wp-json\/wp\/v2\/categories?post=5003"},{"taxonomy":"post_tag","embeddable":true,"href":"https:\/\/redsemlac.com\/semmexico\/wp-json\/wp\/v2\/tags?post=5003"}],"curies":[{"name":"wp","href":"https:\/\/api.w.org\/{rel}","templated":true}]}}