{"id":5000,"date":"2018-10-26T19:32:41","date_gmt":"2018-10-26T19:32:41","guid":{"rendered":"https:\/\/redsemlac.com\/semmexico\/?p=5000"},"modified":"2023-07-21T14:34:17","modified_gmt":"2023-07-21T19:34:17","slug":"guerrero-ocupa-el-cuarto-lugar-a-nivel-nacional-en-agresiones-a-periodistas","status":"publish","type":"post","link":"https:\/\/redsemlac.com\/semmexico\/guerrero-ocupa-el-cuarto-lugar-a-nivel-nacional-en-agresiones-a-periodistas\/","title":{"rendered":"Guerrero ocupa el cuarto lugar a nivel nacional en agresiones a periodistas."},"content":{"rendered":"\n<p class=\"wp-block-paragraph\"><a href=\"https:\/\/www.semmexico.com\/gallery-post.php?id=6235#\">Josefina Aguilar Pastor,<\/a><\/p>\n\n\n\n<p class=\"wp-block-paragraph\">SemM\u00e9xico. Chilpancingo Guerrero. 26 de octubre de 2018.- Diputados locales condenan el asesinato del locutor de radio y televisi\u00f3n de Guerrero, Gabriel Soriano Kuri, asesinado este mi\u00e9rcoles, en Acapulco; exigen justicia y castigo a los culpables. Guerrero ocupa el cuarto lugar a nivel nacional en agresiones a periodistas<\/p>\n\n\n\n<p class=\"wp-block-paragraph\">Durante la sesi\u00f3n de este jueves, el tambi\u00e9n comunicador y actual diputado local de Morena, Ossiel Pacheco Salas, se\u00f1al\u00f3 que una vez m\u00e1s el Estado de Guerrero era nota negativa en el mundo; luego del homicidio del comunicador Gabriel Soriano Kuri, quien laboraba en el Sistema de Radio y Televisi\u00f3n de Guerrero, (RTG), desde hac\u00eda 23 a\u00f1os.<\/p>\n\n\n\n<p class=\"wp-block-paragraph\">A nombre de los diputados de Morena, Pacheco Salas exigi\u00f3 a las instituciones encargadas de seguridad de los tres niveles de gobierno, esclarezcan este asesinato; de manera concreta se dirigi\u00f3 a la Fiscal\u00eda Especial para la Atenci\u00f3n de Delitos Cometidos contra la Libertad de Expresi\u00f3n a que no sea omisa como lo ha sido en los asesinatos de los periodistas, Francisco Pacheco Beltr\u00e1n, asesinado en Taxco de Alarc\u00f3n en el a\u00f1o 2016, Cecilio Pineda Birto, ultimado en Ciudad Altamirano en el a\u00f1o 2017; que han pasado a ser parte de&nbsp; las estad\u00edsticas que inform\u00f3 el INEGI, que colocan al estado de Guerrero en el segundo lugar en homicidios a nivel nacional y primer lugar en asesinatos de j\u00f3venes en el a\u00f1o 2017,&nbsp; \u201cy que nos ubica entre los m\u00e1s peligrosos para el desempe\u00f1o de la labor period\u00edstica\u201d, subray\u00f3.<\/p>\n\n\n\n<p class=\"wp-block-paragraph\">\u201cLos guerrerenses no queremos seguir escuchando este tipo de noticias, no queremos saber que hay menores de edad que se han quedado hu\u00e9rfanos, que nunca m\u00e1s ver\u00e1n a su padre o madre o a un ser querido\u201d, agreg\u00f3 el legislador.<\/p>\n\n\n\n<p class=\"wp-block-paragraph\">Como parte del gremio period\u00edstico y representante popular, Pacheco Salas reclam\u00f3 a las instituciones de seguridad, garanticen mayor seguridad en todo el territorio estatal, que implementen los operativos para que regrese ese Guerrero que era visitado por el turismo internacional y exist\u00eda de verdad la derrama econ\u00f3mica por esta actividad.<\/p>\n\n\n\n<p class=\"wp-block-paragraph\">\u201cQue esta intervenci\u00f3n que hoy realizo, no sea letra muerta, que no solo forme parte de los archivos de este Congreso del Estado, no, ese no es el objetivo de mi participaci\u00f3n, nosotros los seres humanos requerimos de un derecho fundamental, como es la libertad, la libertad de caminar, de transitar por las calles sin el temor de encontrar un acto de inseguridad, ya no podemos seguir en esta cultura de inseguridad que vivimos en Guerrero\u201d, recarg\u00f3 Pacheco Salas.<\/p>\n\n\n\n<p class=\"wp-block-paragraph\">Perla Edith Mart\u00ednez R\u00edos del PRD, expuso que la realidad del ejercicio period\u00edstico se ha convertido en una actividad profesional de mucho riesgo, a tal grado de perder la vida como el caso de soriano Kuri.<\/p>\n\n\n\n<p class=\"wp-block-paragraph\">Refiri\u00f3 que de acuerdo con notas period\u00edsticas, tras un seguimiento realizado durante los a\u00f1os 2013-2014, documentaron un total de 491 ataques al trabajo period\u00edstico en 28 distintas entidades del pa\u00eds -269 en 2013 y 222 en 2014-; de las cuales, 427 fueron contra periodistas, 11 a colaboradores y trabajadores de \u00e1reas no editoriales, y 53 instalaciones de medios de comunicaci\u00f3n.<\/p>\n\n\n\n<p class=\"wp-block-paragraph\">La lista la encabeza Veracruz, con 78 casos, seguido del Distrito Federal, con 68; Oaxaca, con 56; Guerrero, 45, y Chiapas, con 25 casos. Solo en estas cinco entidades sucedi\u00f3 pr\u00e1cticamente uno de cada dos episodios de violencia contra representantes de la prensa.<\/p>\n\n\n\n<p class=\"wp-block-paragraph\">El 76.7 por ciento de las v\u00edctimas de amenazas y ataques fueron reporteros, fot\u00f3grafos y camar\u00f3grafos, quienes por la naturaleza de su trabajo est\u00e1n expuestos a abusos mientras cumplen con su labor.&nbsp; Por su parte la organizaci\u00f3n Art\u00edculo 19, ha documentado 119 asesinatos hasta el 22 de septiembre de este a\u00f1o, 110 eran hombres y 9 mujeres. Y en Guerrero, fueron 11, \u201cal cual lamentablemente tenemos que agregar el sucedido el d\u00eda de ayer y que nos trae a ocupar esta tribuna\u201d, dijo Mart\u00ednez R\u00edos.<\/p>\n\n\n\n<p class=\"wp-block-paragraph\">Destac\u00f3 la importancia de que las autoridades en coordinaci\u00f3n con los distintos medios de comunicaci\u00f3n, y periodistas independientes, formulen protocolos de actuaci\u00f3n que garanticen el ejercicio pleno period\u00edstico, pero sobre todo que se garanticen sus derechos humanos y de su integridad personal. As\u00ed como establecer mayores mecanismos que permitan identificar y sancionar a quienes atentan contra la libertad de expresi\u00f3n por cualquier medio de presi\u00f3n; \u201cno podemos permitir que en el ejercicio de cualquier profesi\u00f3n, se tenga miedo a perder la vida o sufrir un atentado. Esta es una obligaci\u00f3n que el Estado no puede eludirse\u201d<\/p>\n\n\n\n<p class=\"wp-block-paragraph\">En ese mismo sentido, se pronunci\u00f3 el tambi\u00e9n diputado de Morena, Mois\u00e9s Reyes Sandoval, quien lanz\u00f3 un exhorto a las autoridades de procuraci\u00f3n de justicia sobre el asesinado del comunicador y expres\u00f3 su solidaridad con la familia y amigos del comunicador.<\/p>\n\n\n\n<p class=\"wp-block-paragraph\">Heriberto Huicochea V\u00e1zquez del PRI, s\u00ed como Marco Antonio Cabada Arias de Morena, se manifestaron en el mismo sentido de condena y exigencia de justicia.<\/p>\n\n\n\n<p class=\"wp-block-paragraph\">Cabe mencionar que durante estas intervenciones, el diputado Arturo L\u00f3pez Sug\u00eda de Movimiento Ciudadano, tambi\u00e9n originario de Acapulco, permaneci\u00f3 de pie, en honor al comunicador asesinado.<\/p>\n\n\n\n<p class=\"wp-block-paragraph\">A petici\u00f3n de Pacheco Salas y Reyes Sandoval, se guard\u00f3 un minuto de silencio en honor a Gabriel Soriano Kuri. Desde las tribunas, se escuch\u00f3 \u00a1No m\u00e1s muertos en Guerrero!, \u00a1Ya basta, nos est\u00e1n matando!, \u00a1exigimos justicia!, por parte de los comunicadores que cubren la fuente legislativa.<br><\/p>\n","protected":false},"excerpt":{"rendered":"<p>Josefina Aguilar Pastor, SemM\u00e9xico. Chilpancingo Guerrero. 26 de octubre de 2018.- Diputados locales condenan el asesinato del locutor de radio y televisi\u00f3n de Guerrero, Gabriel Soriano Kuri, asesinado este mi\u00e9rcoles, en Acapulco; exigen justicia y castigo a los culpables. Guerrero ocupa el cuarto lugar a nivel nacional en agresiones a periodistas Durante la sesi\u00f3n de [&hellip;]<\/p>\n","protected":false},"author":3,"featured_media":5001,"comment_status":"open","ping_status":"open","sticky":false,"template":"","format":"standard","meta":{"_monsterinsights_skip_tracking":false,"footnotes":""},"categories":[689,50],"tags":[],"class_list":["post-5000","post","type-post","status-publish","format-standard","has-post-thumbnail","category-689","category-congreso"],"_links":{"self":[{"href":"https:\/\/redsemlac.com\/semmexico\/wp-json\/wp\/v2\/posts\/5000","targetHints":{"allow":["GET"]}}],"collection":[{"href":"https:\/\/redsemlac.com\/semmexico\/wp-json\/wp\/v2\/posts"}],"about":[{"href":"https:\/\/redsemlac.com\/semmexico\/wp-json\/wp\/v2\/types\/post"}],"author":[{"embeddable":true,"href":"https:\/\/redsemlac.com\/semmexico\/wp-json\/wp\/v2\/users\/3"}],"replies":[{"embeddable":true,"href":"https:\/\/redsemlac.com\/semmexico\/wp-json\/wp\/v2\/comments?post=5000"}],"version-history":[{"count":0,"href":"https:\/\/redsemlac.com\/semmexico\/wp-json\/wp\/v2\/posts\/5000\/revisions"}],"wp:featuredmedia":[{"embeddable":true,"href":"https:\/\/redsemlac.com\/semmexico\/wp-json\/wp\/v2\/media\/5001"}],"wp:attachment":[{"href":"https:\/\/redsemlac.com\/semmexico\/wp-json\/wp\/v2\/media?parent=5000"}],"wp:term":[{"taxonomy":"category","embeddable":true,"href":"https:\/\/redsemlac.com\/semmexico\/wp-json\/wp\/v2\/categories?post=5000"},{"taxonomy":"post_tag","embeddable":true,"href":"https:\/\/redsemlac.com\/semmexico\/wp-json\/wp\/v2\/tags?post=5000"}],"curies":[{"name":"wp","href":"https:\/\/api.w.org\/{rel}","templated":true}]}}