{"id":4997,"date":"2018-10-26T19:31:14","date_gmt":"2018-10-26T19:31:14","guid":{"rendered":"https:\/\/redsemlac.com\/semmexico\/?p=4997"},"modified":"2023-07-21T14:34:17","modified_gmt":"2023-07-21T19:34:17","slug":"constituye-violencia-laboral-el-impedimento-a-las-mujeres-para-llevar-a-cabo-el-periodo-de-lactancia-materna","status":"publish","type":"post","link":"https:\/\/redsemlac.com\/semmexico\/constituye-violencia-laboral-el-impedimento-a-las-mujeres-para-llevar-a-cabo-el-periodo-de-lactancia-materna\/","title":{"rendered":"Constituye violencia laboral el impedimento a las mujeres para llevar a cabo el periodo de lactancia materna."},"content":{"rendered":"\n<p class=\"wp-block-paragraph\"><a href=\"https:\/\/www.semmexico.com\/gallery-post.php?id=6241#\">Redacci\u00f3n<\/a><\/p>\n\n\n\n<p class=\"wp-block-paragraph\">SemM\u00e9xico. Cd. de M\u00e9xico. 26 de octubre de 2018.- Los senadores Miguel \u00c1ngel Navarro Quintero y Martha Luc\u00eda Micher Camarena firmaron una iniciativa para crear el Directorio de Lactarios a nivel nacional, a fin de que las madres trabajadoras ubiquen a las instancias p\u00fablicas que ofrecen estos servicios para alimentar a sus hijos con leche materna.<\/p>\n\n\n\n<p class=\"wp-block-paragraph\">Coincidieron en que \u00e9ste es un derecho fundamental de las mujeres que fortalece la nutrici\u00f3n de los reci\u00e9n nacidos, as\u00ed como sus anticuerpos que ayudan a prevenir y combatir enfermedades.<\/p>\n\n\n\n<p class=\"wp-block-paragraph\">El presidente de la Comisi\u00f3n de Salud, Miguel \u00c1ngel Navarro, destac\u00f3 que la lactancia materna tambi\u00e9n previene en c\u00e1ncer de mama, que actualmente es la primera causa de muerte en mujeres.<\/p>\n\n\n\n<p class=\"wp-block-paragraph\">En este contexto, explic\u00f3, \u201cqueremos saber cu\u00e1ntos lactarios existen en el pa\u00eds, cu\u00e1ntos funcionan, qu\u00e9 grado de utilidad tienen y cu\u00e1les son las experiencias nacionales e internacionales, para facilitar el acceso a estas \u00e1reas\u201d.<\/p>\n\n\n\n<p class=\"wp-block-paragraph\">Se trata, abund\u00f3 el legislador, de contar con un censo nacional de lactarios y de impulsar una reforma a la Ley Federal del Trabajo para garantizar este derecho.<\/p>\n\n\n\n<p class=\"wp-block-paragraph\">La presidenta de la Comisi\u00f3n para la Igualdad de G\u00e9nero, Martha Luc\u00eda Micher, advirti\u00f3 que constituye violencia laboral el impedimento a las mujeres para llevar a cabo el periodo de lactancia materna previsto en la Ley.<\/p>\n\n\n\n<p class=\"wp-block-paragraph\">Destac\u00f3 que estos espacios tienen que ser salubres y dignos, lugares donde las madres puedan extraer su leche materna y conservarla adecuadamente para alimentar a sus hijos.<\/p>\n\n\n\n<p class=\"wp-block-paragraph\">Por eso, expres\u00f3, nos parece muy importante que contemos con este registro nacional, toda vez que a la fecha no sabe d\u00f3nde se encuentran los lactarios, beneficios tienen y qui\u00e9nes son las usuarias.<\/p>\n\n\n\n<p class=\"wp-block-paragraph\">La secretaria t\u00e9cnica del Voluntariado Nacional de la Secretar\u00eda de Salud, Gabriela Colmenares Viladomat, inform\u00f3 que actualmente hay 88 salas de lactancia a nivel nacional, ubicadas en hospitales, institutos y oficinas de gobierno.<\/p>\n\n\n\n<p class=\"wp-block-paragraph\">SEM\/la\/gr<br><\/p>\n","protected":false},"excerpt":{"rendered":"<p>Redacci\u00f3n SemM\u00e9xico. Cd. de M\u00e9xico. 26 de octubre de 2018.- Los senadores Miguel \u00c1ngel Navarro Quintero y Martha Luc\u00eda Micher Camarena firmaron una iniciativa para crear el Directorio de Lactarios a nivel nacional, a fin de que las madres trabajadoras ubiquen a las instancias p\u00fablicas que ofrecen estos servicios para alimentar a sus hijos con [&hellip;]<\/p>\n","protected":false},"author":3,"featured_media":4998,"comment_status":"open","ping_status":"open","sticky":false,"template":"","format":"standard","meta":{"_monsterinsights_skip_tracking":false,"footnotes":""},"categories":[689,50],"tags":[],"class_list":["post-4997","post","type-post","status-publish","format-standard","has-post-thumbnail","category-689","category-congreso"],"_links":{"self":[{"href":"https:\/\/redsemlac.com\/semmexico\/wp-json\/wp\/v2\/posts\/4997","targetHints":{"allow":["GET"]}}],"collection":[{"href":"https:\/\/redsemlac.com\/semmexico\/wp-json\/wp\/v2\/posts"}],"about":[{"href":"https:\/\/redsemlac.com\/semmexico\/wp-json\/wp\/v2\/types\/post"}],"author":[{"embeddable":true,"href":"https:\/\/redsemlac.com\/semmexico\/wp-json\/wp\/v2\/users\/3"}],"replies":[{"embeddable":true,"href":"https:\/\/redsemlac.com\/semmexico\/wp-json\/wp\/v2\/comments?post=4997"}],"version-history":[{"count":0,"href":"https:\/\/redsemlac.com\/semmexico\/wp-json\/wp\/v2\/posts\/4997\/revisions"}],"wp:featuredmedia":[{"embeddable":true,"href":"https:\/\/redsemlac.com\/semmexico\/wp-json\/wp\/v2\/media\/4998"}],"wp:attachment":[{"href":"https:\/\/redsemlac.com\/semmexico\/wp-json\/wp\/v2\/media?parent=4997"}],"wp:term":[{"taxonomy":"category","embeddable":true,"href":"https:\/\/redsemlac.com\/semmexico\/wp-json\/wp\/v2\/categories?post=4997"},{"taxonomy":"post_tag","embeddable":true,"href":"https:\/\/redsemlac.com\/semmexico\/wp-json\/wp\/v2\/tags?post=4997"}],"curies":[{"name":"wp","href":"https:\/\/api.w.org\/{rel}","templated":true}]}}