{"id":49969,"date":"2022-05-11T15:43:19","date_gmt":"2022-05-11T21:43:19","guid":{"rendered":"https:\/\/redsemlac.com\/semmexico\/?p=49969"},"modified":"2023-07-21T19:04:08","modified_gmt":"2023-07-22T00:04:08","slug":"senadora-pide-se-presente-rosa-icela-rodriguez-velazquez-a-explicar-que-hacen-para-parar-la-violencia","status":"publish","type":"post","link":"https:\/\/redsemlac.com\/semmexico\/senadora-pide-se-presente-rosa-icela-rodriguez-velazquez-a-explicar-que-hacen-para-parar-la-violencia\/","title":{"rendered":"Senadora pide se presente Rosa Icela Rodr\u00edguez Vel\u00e1zquez a explicar qu\u00e9 hacen para parar la violencia"},"content":{"rendered":"\n<ul class=\"wp-block-list\"><li><strong>Claudia Ruiz Massieu Salinas<\/strong><strong>, desde la tribuna la priista la conmina a presentar cu\u00e1l es el estado que guarda el pa\u00eds. <\/strong><strong><\/strong><\/li><li><strong>El incremento de violencia, obliga a los tres niveles de gobierno a fortalecer estrategia de seguridad p\u00fablica<\/strong><\/li><\/ul>\n\n\n\n<p class=\"wp-block-paragraph\"><strong>Redacci\u00f3n<\/strong><\/p>\n\n\n\n<p class=\"wp-block-paragraph\">SemM\u00e9xico, Cd. de M\u00e9xico, 11 de mayo, 2022.- En sesi\u00f3n del 8 de mayo, la senadora Claudia Ruiz Massieu Salinas conmin\u00f3 a las autoridades locales, estatales y federales para que fortalezcan las medidas y estrategias en materia de seguridad p\u00fablica.<\/p>\n\n\n\n<p class=\"wp-block-paragraph\">Ninguna coordinaci\u00f3n ha sido suficiente, para disminuir el flagelo de la violencia que pesa en la vida de hombres y mujeres. Destac\u00f3 que marzo es ya el mes m\u00e1s violento de 2022. Urge a que se presente la Secretaria de Seguridad P\u00fablica a comparecer en el Senado.<\/p>\n\n\n\n<p class=\"wp-block-paragraph\">&nbsp;Luego seg\u00fan la versi\u00f3n oficial, la senadora del PRI propuso un punto de acuerdo publicado en la Gaceta de la Comisi\u00f3n Permanente para que, en el marco de la presentaci\u00f3n del tercer informe de la Estrategia Nacional de Seguridad P\u00fablica, se cite a comparecer a la titular de la Secretar\u00eda de Seguridad y Protecci\u00f3n Ciudadana, Rosa Icela Rodr\u00edguez Vel\u00e1zquez, se trata de a conocer con objetividad conocer el estado de la inseguridad en todo el pa\u00eds.<\/p>\n\n\n\n<p class=\"wp-block-paragraph\">Ruiz Massieu Salinas, en su estilo vehemente y diplom\u00e1tico, argument\u00f3 que la estrategia planteada por el Gobierno Federal no ha logrado reducir los \u00edndices delictivos ya que de acuerdo con el Informe de Seguridad que se publica mensualmente, marzo fue el mes m\u00e1s violento en lo que va del a\u00f1o, con un registro de dos mil 657 homicidios dolosos, lo que representa un alza del 17.5 por ciento a tasa mensual.<\/p>\n\n\n\n<figure class=\"wp-block-image size-large\"><a href=\"https:\/\/redsemlac.com\/semmexico\/wp-content\/uploads\/2022\/05\/senadora-2.jpg\"><img decoding=\"async\" src=\"https:\/\/redsemlac.com\/semmexico\/wp-content\/uploads\/2022\/05\/senadora-2-1024x576.jpg\" alt=\"\" class=\"wp-image-49971\"\/><\/a><\/figure>\n\n\n\n<p class=\"wp-block-paragraph\">Detall\u00f3, que el informe fechado el 20 de abril, establece que el primer trimestre de 2022, en el pa\u00eds se registraron siete mil 354 homicidios dolosos, un promedio de 82 asesinatos diarios.<\/p>\n\n\n\n<p class=\"wp-block-paragraph\">Los estados preocupantes son, dijo, Guanajuato, Michoac\u00e1n, Estado de M\u00e9xico, Baja California, Jalisco y Sonora donde se concentr\u00f3 la mitad de estos delitos, que incluyen los feminicidios.<\/p>\n\n\n\n<p class=\"wp-block-paragraph\">Su propuesta de punto de acuerdo, fue turnado a la Primera Comisi\u00f3n de la Permanente.<\/p>\n\n\n\n<p class=\"wp-block-paragraph\">Seg\u00fan la Gaceta, la senadora tambi\u00e9n destac\u00f3 que, en 2021, nuestro pa\u00eds cerr\u00f3 el a\u00f1o con 33 mil 410 homicidios dolosos; pero, \u201csi bien existe una reducci\u00f3n con respecto al 2020, esta cifra se suma a los periodos m\u00e1s violentos en la historia de nuestro pa\u00eds\u201d.<\/p>\n\n\n\n<p class=\"wp-block-paragraph\">Adem\u00e1s, se\u00f1al\u00f3 que el principal elemento operativo en la estrategia de seguridad implementada por el Gobierno Federal ha sido la creaci\u00f3n y el despliegue de la Guardia Nacional, a fin de brindar seguridad en aquellas zonas en las que se han contabilizado mayores actividades delictivas, que afectan la paz y la seguridad de las personas, as\u00ed como a la comunidad que integran.<\/p>\n\n\n\n<p class=\"wp-block-paragraph\">Pero dicha corporaci\u00f3n presenta una serie de inconsistencias con respecto a su base constitucional; ya que, si bien debi\u00f3 establecerse como un cuerpo policial civil, en realidad se ha constituido con base en elementos provenientes del Ej\u00e9rcito y la Armada, quienes no han sido plenamente transferidos de la Secretar\u00eda de la Defensa Nacional y la Secretar\u00eda de Marina a la Secretar\u00eda de Seguridad y Protecci\u00f3n Ciudadana.<\/p>\n\n\n\n<p class=\"wp-block-paragraph\">Adicionalmente, se\u00f1al\u00f3 la senadora del Grupo Parlamentario del Partido Revolucionario Institucional PRI, la Guardia Nacional ha ampliado su \u00e1rea de acci\u00f3n a tareas que pudieran no ser propias de su encargo, como la distribuci\u00f3n de vacunas.<\/p>\n\n\n\n<p class=\"wp-block-paragraph\"><a href=\"https:\/\/estrategiasenlanube.com\/ecommerce\/\"><br><\/a><\/p>\n","protected":false},"excerpt":{"rendered":"<p>Claudia Ruiz Massieu Salinas, desde la tribuna la priista la conmina a presentar cu\u00e1l es el estado que guarda el pa\u00eds. <\/p>\n","protected":false},"author":3,"featured_media":49972,"comment_status":"open","ping_status":"open","sticky":false,"template":"","format":"standard","meta":{"_monsterinsights_skip_tracking":false,"footnotes":""},"categories":[693,50],"tags":[],"class_list":["post-49969","post","type-post","status-publish","format-standard","has-post-thumbnail","category-693","category-congreso"],"_links":{"self":[{"href":"https:\/\/redsemlac.com\/semmexico\/wp-json\/wp\/v2\/posts\/49969","targetHints":{"allow":["GET"]}}],"collection":[{"href":"https:\/\/redsemlac.com\/semmexico\/wp-json\/wp\/v2\/posts"}],"about":[{"href":"https:\/\/redsemlac.com\/semmexico\/wp-json\/wp\/v2\/types\/post"}],"author":[{"embeddable":true,"href":"https:\/\/redsemlac.com\/semmexico\/wp-json\/wp\/v2\/users\/3"}],"replies":[{"embeddable":true,"href":"https:\/\/redsemlac.com\/semmexico\/wp-json\/wp\/v2\/comments?post=49969"}],"version-history":[{"count":0,"href":"https:\/\/redsemlac.com\/semmexico\/wp-json\/wp\/v2\/posts\/49969\/revisions"}],"wp:featuredmedia":[{"embeddable":true,"href":"https:\/\/redsemlac.com\/semmexico\/wp-json\/wp\/v2\/media\/49972"}],"wp:attachment":[{"href":"https:\/\/redsemlac.com\/semmexico\/wp-json\/wp\/v2\/media?parent=49969"}],"wp:term":[{"taxonomy":"category","embeddable":true,"href":"https:\/\/redsemlac.com\/semmexico\/wp-json\/wp\/v2\/categories?post=49969"},{"taxonomy":"post_tag","embeddable":true,"href":"https:\/\/redsemlac.com\/semmexico\/wp-json\/wp\/v2\/tags?post=49969"}],"curies":[{"name":"wp","href":"https:\/\/api.w.org\/{rel}","templated":true}]}}