{"id":4994,"date":"2018-11-05T19:29:40","date_gmt":"2018-11-05T19:29:40","guid":{"rendered":"https:\/\/redsemlac.com\/semmexico\/?p=4994"},"modified":"2023-07-21T14:34:16","modified_gmt":"2023-07-21T19:34:16","slug":"propone-diputada-trabajar-porque-asi-ocurra-en-todo-el-pais","status":"publish","type":"post","link":"https:\/\/redsemlac.com\/semmexico\/propone-diputada-trabajar-porque-asi-ocurra-en-todo-el-pais\/","title":{"rendered":"Propone diputada trabajar porque as\u00ed ocurra en todo el pa\u00eds"},"content":{"rendered":"\n<p class=\"wp-block-paragraph\"><a href=\"https:\/\/www.semmexico.com\/gallery-post.php?id=6302#\">Benny Cruz<\/a><\/p>\n\n\n\n<p class=\"wp-block-paragraph\">SemM\u00e9xico, Cd. Victoria, Tamps., 5 noviembre 2018.- Toda muerte violenta de una mujer deber\u00eda ser clasificada como feminicidio, dice la diputada federal Olga Sosa Ruiz.<\/p>\n\n\n\n<p class=\"wp-block-paragraph\">Explica que en Sinaloa no existe el registro de asesinatos dolosos de mujeres, ya que toda muerte violencia se clasifica como feminicidio, atendiendo a la perspectiva de g\u00e9nero con que se realizan las investigaciones en dicha entidad y a los criterios jurisprudenciales en la materia.<\/p>\n\n\n\n<p class=\"wp-block-paragraph\">Y es que, en Tamaulipas, con 103 cr\u00edmenes de mujeres, ocupa el lugar n\u00famero ocho en mujeres asesinadas a nivel nacional; de esta totalidad, 96 han sido catalogados como homicidios dolosos y siete como femenicidios.<\/p>\n\n\n\n<p class=\"wp-block-paragraph\">Las mujeres v\u00edctimas van desde reci\u00e9n nacidas y en un porcentaje mayor tienen m\u00e1s de 18 a\u00f1os de edad.<\/p>\n\n\n\n<p class=\"wp-block-paragraph\">En ese sentido, Sosa Ruiz se\u00f1ala que, el tratamiento legal que le dan a los cr\u00edmenes de mujeres en Sinaloa debe de aplicar tanto en Tamaulipas como tambi\u00e9n en el resto del pa\u00eds; ya que est\u00e1 m\u00e1s que demostrado que los asesinatos de mujeres son en raz\u00f3n de g\u00e9nero.<\/p>\n\n\n\n<p class=\"wp-block-paragraph\">Hace referencia que en los \u00faltimos a\u00f1os se libr\u00f3 una lucha legislativa para que en Tamaulipas se armonizara el C\u00f3digo penal con el federal y se reconocieran los asesinatos de mujeres como feminicidios, castigando a los criminales hasta con 50 a\u00f1os de prisi\u00f3n, adem\u00e1s de pugnar porque a nivel institucional se diera la prevenci\u00f3n real para evitar este tipo de cr\u00edmenes.<\/p>\n\n\n\n<p class=\"wp-block-paragraph\">Agrega que se debe seguir en este mismo tenor, ya que ante la violencia que se ejerce contra las mujeres se deben sumar voluntades para atenderla desde la prevenci\u00f3n.<\/p>\n\n\n\n<p class=\"wp-block-paragraph\">\u201cMi compromiso como Diputada federal es trabajar al respecto, los feminicidios est\u00e1n en la agenda legislativa y desde la ONU se marca como una asignatura pendiente en el pa\u00eds\u201d.<\/p>\n\n\n\n<p class=\"wp-block-paragraph\">Expone que al feminicidio le faltan causales. ya que si bien es cierto que en el estado est\u00e1 tipificado, la realidad es que a los jueces les falta mucho para juzgar con preceptiva de genero&nbsp;&nbsp;ya que en los cr\u00edmenes de mujeres no aplican el feminicidio como tal y se van por el homicidio doloso donde las condenas son muy inferiores.<\/p>\n\n\n\n<p class=\"wp-block-paragraph\">SEM\/bcz\/sj<\/p>\n","protected":false},"excerpt":{"rendered":"<p>Benny Cruz SemM\u00e9xico, Cd. Victoria, Tamps., 5 noviembre 2018.- Toda muerte violenta de una mujer deber\u00eda ser clasificada como feminicidio, dice la diputada federal Olga Sosa Ruiz. Explica que en Sinaloa no existe el registro de asesinatos dolosos de mujeres, ya que toda muerte violencia se clasifica como feminicidio, atendiendo a la perspectiva de g\u00e9nero [&hellip;]<\/p>\n","protected":false},"author":3,"featured_media":4995,"comment_status":"open","ping_status":"open","sticky":false,"template":"","format":"standard","meta":{"_monsterinsights_skip_tracking":false,"footnotes":""},"categories":[689,50],"tags":[],"class_list":["post-4994","post","type-post","status-publish","format-standard","has-post-thumbnail","category-689","category-congreso"],"_links":{"self":[{"href":"https:\/\/redsemlac.com\/semmexico\/wp-json\/wp\/v2\/posts\/4994","targetHints":{"allow":["GET"]}}],"collection":[{"href":"https:\/\/redsemlac.com\/semmexico\/wp-json\/wp\/v2\/posts"}],"about":[{"href":"https:\/\/redsemlac.com\/semmexico\/wp-json\/wp\/v2\/types\/post"}],"author":[{"embeddable":true,"href":"https:\/\/redsemlac.com\/semmexico\/wp-json\/wp\/v2\/users\/3"}],"replies":[{"embeddable":true,"href":"https:\/\/redsemlac.com\/semmexico\/wp-json\/wp\/v2\/comments?post=4994"}],"version-history":[{"count":0,"href":"https:\/\/redsemlac.com\/semmexico\/wp-json\/wp\/v2\/posts\/4994\/revisions"}],"wp:featuredmedia":[{"embeddable":true,"href":"https:\/\/redsemlac.com\/semmexico\/wp-json\/wp\/v2\/media\/4995"}],"wp:attachment":[{"href":"https:\/\/redsemlac.com\/semmexico\/wp-json\/wp\/v2\/media?parent=4994"}],"wp:term":[{"taxonomy":"category","embeddable":true,"href":"https:\/\/redsemlac.com\/semmexico\/wp-json\/wp\/v2\/categories?post=4994"},{"taxonomy":"post_tag","embeddable":true,"href":"https:\/\/redsemlac.com\/semmexico\/wp-json\/wp\/v2\/tags?post=4994"}],"curies":[{"name":"wp","href":"https:\/\/api.w.org\/{rel}","templated":true}]}}