{"id":49877,"date":"2022-05-10T09:20:30","date_gmt":"2022-05-10T15:20:30","guid":{"rendered":"https:\/\/redsemlac.com\/semmexico\/?p=49877"},"modified":"2023-07-21T19:04:10","modified_gmt":"2023-07-22T00:04:10","slug":"indigena-tsotsil-se-pierde-en-el-desierto-de-arizona","status":"publish","type":"post","link":"https:\/\/redsemlac.com\/semmexico\/indigena-tsotsil-se-pierde-en-el-desierto-de-arizona\/","title":{"rendered":"Ind\u00edgena tsotsil se pierde en el desierto de Arizona"},"content":{"rendered":"\n<ul class=\"wp-block-list\"><li><strong> Su hermana pide ayuda a los gobiernos de Chiapas y de la Rep\u00fablica<\/strong><\/li><\/ul>\n\n\n\n<ul class=\"wp-block-list\"><li><strong>Aurelio es originario de Chenalh\u00f3, emigr\u00f3 desesperado por la falta de oportunidades<\/strong><\/li><\/ul>\n\n\n\n<p class=\"wp-block-paragraph\"><strong>Gabriela Couti\u00f1o<\/strong><strong><\/strong><\/p>\n\n\n\n<p class=\"wp-block-paragraph\">SemM\u00e9xico, Tuxtla Guti\u00e9rrez, Chis. 10 de mayo 2022.- Aurelio Cruz L\u00f3pez, un joven ind\u00edgena tsotsil del municipio de Chenalh\u00f3 que los \u00faltimos a\u00f1os vivi\u00f3 en un campamento de desplazados en San Crist\u00f3bal de las Casas, al ser desterrado por conflictos intracomunitarios, junto con su familia hace seis a\u00f1os de su comunidad Puebla; desapareci\u00f3 el pasado 5 de mayo en el desierto de Arizona, cuando buscaba cruzar hacia Estados Unidos.\u00a0<\/p>\n\n\n\n<p class=\"wp-block-paragraph\">Este lunes, la familia de Aurelio de 19 a\u00f1os, lleg\u00f3 a la ciudad capital para pedir el apoyo del gobierno de Chiapas y al gobierno federal para que sea localizado.&nbsp;<\/p>\n\n\n\n<p class=\"wp-block-paragraph\">Su hermana Araceli mostr\u00f3 una fotograf\u00eda que uno de los amigos con quien migr\u00f3 les envi\u00f3, en la que aparece Aurelio desmayado a dos kil\u00f3metros de llegar a una carretera, porque no aguant\u00f3 la caminata.<\/p>\n\n\n\n<p class=\"wp-block-paragraph\">Narr\u00f3 que un d\u00eda antes, el mi\u00e9rcoles 4 de mayo, Aurelio les llam\u00f3 alrededor de las 3:30 de la madrugada; les dijo que estaba perdido, que no sab\u00eda d\u00f3nde se encontraban sus compa\u00f1eros y que se encontraba huyendo de migraci\u00f3n.<\/p>\n\n\n\n<p class=\"wp-block-paragraph\">La tarde del pasado 28 de abril, Aurelio junto con sus amigos, Maximiliano Guti\u00e9rrez Cruz y On\u00e9simo Arias Cruz, ambos de 18 a\u00f1os, tambi\u00e9n desplazados, salieron del campamento y tomaron un autob\u00fas que los llev\u00f3 hacia Altar Sonora, donde encontraron un \u201cpollero\u201d que los cruzar\u00eda por el desierto de Arizona.<\/p>\n\n\n\n<p class=\"wp-block-paragraph\">Araceli Cruz L\u00f3pez, quien tambi\u00e9n es vocera de los desplazados, dijo que saben que sus dos primos, Maximiliano y On\u00e9simo, fueron asegurados por agentes de migraci\u00f3n de Estados Unidos, \u201cpero de mi hermano no sabemos nada; pido al gobernador su intervenci\u00f3n, porque como desplazados estamos bajo resguardo del gobierno; si vieran dado una soluci\u00f3n, no estar\u00eda pasando esto\u201d.&nbsp;<\/p>\n\n\n\n<p class=\"wp-block-paragraph\">\u201cNo es por su gusto que se fueron, es por la necesidad que tenemos, es por eso que buscaron un camino hacia donde puedan llegar a trabajar\u201d, manifest\u00f3.&nbsp;<\/p>\n\n\n\n<p class=\"wp-block-paragraph\">Agreg\u00f3 que los j\u00f3venes tsotsiles son empujados a migrar, \u201cpor la desesperaci\u00f3n, porque los j\u00f3venes tienen vida por delante, adem\u00e1s no estudian, no les dan para estudiar, es por eso que se desesperan\u201d.&nbsp;<\/p>\n\n\n\n<p class=\"wp-block-paragraph\">Julio C\u00e9sar P\u00e9rez Ruiz, abogado de los desplazados de Chenalh\u00f3, explic\u00f3 que ante la imposibilidad de un retorno digno y seguro pidieron al gobierno estatal, una reubicaci\u00f3n a otra regi\u00f3n del estado; pero una propuesta de las autoridades excluy\u00f3 a j\u00f3venes sin esposas ni hijos como Aurelio, por lo que decepcionados decidieron migrar.&nbsp;<\/p>\n\n\n\n<p class=\"wp-block-paragraph\">SEM\/gc\/sj<\/p>\n","protected":false},"excerpt":{"rendered":"<p>Aurelio es originario de Chenalh\u00f3, emigr\u00f3 desesperado por la falta de oportunidades<\/p>\n","protected":false},"author":3,"featured_media":49878,"comment_status":"open","ping_status":"open","sticky":false,"template":"","format":"standard","meta":{"_monsterinsights_skip_tracking":false,"footnotes":""},"categories":[693,54],"tags":[229,149],"class_list":["post-49877","post","type-post","status-publish","format-standard","has-post-thumbnail","category-693","category-mujeres","tag-chiapas","tag-mujeres"],"_links":{"self":[{"href":"https:\/\/redsemlac.com\/semmexico\/wp-json\/wp\/v2\/posts\/49877","targetHints":{"allow":["GET"]}}],"collection":[{"href":"https:\/\/redsemlac.com\/semmexico\/wp-json\/wp\/v2\/posts"}],"about":[{"href":"https:\/\/redsemlac.com\/semmexico\/wp-json\/wp\/v2\/types\/post"}],"author":[{"embeddable":true,"href":"https:\/\/redsemlac.com\/semmexico\/wp-json\/wp\/v2\/users\/3"}],"replies":[{"embeddable":true,"href":"https:\/\/redsemlac.com\/semmexico\/wp-json\/wp\/v2\/comments?post=49877"}],"version-history":[{"count":0,"href":"https:\/\/redsemlac.com\/semmexico\/wp-json\/wp\/v2\/posts\/49877\/revisions"}],"wp:featuredmedia":[{"embeddable":true,"href":"https:\/\/redsemlac.com\/semmexico\/wp-json\/wp\/v2\/media\/49878"}],"wp:attachment":[{"href":"https:\/\/redsemlac.com\/semmexico\/wp-json\/wp\/v2\/media?parent=49877"}],"wp:term":[{"taxonomy":"category","embeddable":true,"href":"https:\/\/redsemlac.com\/semmexico\/wp-json\/wp\/v2\/categories?post=49877"},{"taxonomy":"post_tag","embeddable":true,"href":"https:\/\/redsemlac.com\/semmexico\/wp-json\/wp\/v2\/tags?post=49877"}],"curies":[{"name":"wp","href":"https:\/\/api.w.org\/{rel}","templated":true}]}}