{"id":49861,"date":"2022-05-10T09:16:28","date_gmt":"2022-05-10T15:16:28","guid":{"rendered":"https:\/\/redsemlac.com\/semmexico\/?p=49861"},"modified":"2023-07-21T19:04:10","modified_gmt":"2023-07-22T00:04:10","slug":"dia-de-la-madres-cual-es-su-origen-y-por-que-en-mexico-se-festeja-el-10-de-mayo","status":"publish","type":"post","link":"https:\/\/redsemlac.com\/semmexico\/dia-de-la-madres-cual-es-su-origen-y-por-que-en-mexico-se-festeja-el-10-de-mayo\/","title":{"rendered":"D\u00eda de la Madres: \u00bfcu\u00e1l es su origen y por qu\u00e9 en M\u00e9xico se festeja el 10 de mayo?"},"content":{"rendered":"\n<ul class=\"wp-block-list\"><li><strong>En 1922 se cre\u00f3 en M\u00e9xico, como una medida represiva por la movilizaci\u00f3n de las Yucatecas<\/strong><\/li><li>Aunque la figura de las madres es de suma importancia dentro de la idiosincracia, mexicana, por ello la celebraci\u00f3n que se realiza cada a\u00f1o<\/li><\/ul>\n\n\n\n<p class=\"wp-block-paragraph\"><strong>Yahir Fragoso<\/strong><\/p>\n\n\n\n<p class=\"wp-block-paragraph\"><strong>SemM\u00e9xico\/ El Sol de M\u00e9xico, Cd. de M\u00e9xico, 10 de mayo. &#8211; <\/strong>En M\u00e9xico, una de las celebraciones m\u00e1s relevantes entre la sociedad es&nbsp;<strong>el D\u00eda de las Madres<\/strong>, que se festeja cada a\u00f1o el 10 de mayo; sin embargo, el origen de esta conmemoraci\u00f3n no es suficientemente conocido, ni c\u00f3mo festejo, ni por su origen de respuesta pol\u00edtica a las mujeres movilizadas en Yucat\u00e1n.<\/p>\n\n\n\n<p class=\"wp-block-paragraph\">Para rastrear el origen de las celebraciones entorno a la maternidad hay que retroceder hasta las&nbsp;<strong>costumbres de las culturas antiguas<\/strong>. En Grecia, se realizaban festejos para honrar a Rea, la madre de los dioses del Olimpo; por su parte, las culturas mesoamericanas tambi\u00e9n veneraban y celebraban a deidades femeninas como<strong>&nbsp;Ixchel y Tonatzin, que representaban entre otras cosas la fertilidad y la gestaci\u00f3n<\/strong>.<\/p>\n\n\n\n<h2 class=\"wp-block-heading\" id=\"el-origen-del-dia-de-las-madres\"><strong>El origen del D\u00eda de las Madres<\/strong><\/h2>\n\n\n\n<p class=\"wp-block-paragraph\">A pesar de lo anterior, el antecedente directo de la celebraci\u00f3n actual lo encontramos en Estados Unidos a principios del siglo XX, cuando&nbsp;<strong>Ann Jarvis realiz\u00f3 la primera celebraci\u00f3n para su propia madre, la activista Ann Marie Reeves Jarvis<\/strong>.<\/p>\n\n\n\n<p class=\"wp-block-paragraph\">El esfuerzo que emprendi\u00f3 Ann Jarvis para que se estableciera en EU un d\u00eda para conmemorar la labor de las madres fue un eco de<strong>&nbsp;la lucha que su propia madre realiz\u00f3<\/strong>&nbsp;en los a\u00f1os posteriores a la Guerra de Secesi\u00f3n para reconocer las tareas de maternidad ejercidas por las mujeres, que en muchos casos iban acompa\u00f1adas tambi\u00e9n de jornadas laborales.<\/p>\n\n\n\n<p class=\"wp-block-paragraph\">Ann Marie Reeves igualmente fue una activista por los derechos de las mujeres, por lo que&nbsp;<strong>la conmemoraci\u00f3n del D\u00eda de las Madres, en su origen, tiene un profundo reclamo de justicia social<\/strong>.<\/p>\n\n\n\n<h2 class=\"wp-block-heading\" id=\"proclama-del-dia-de-las-madres\"><strong>Proclama del d\u00eda de las madres<\/strong><\/h2>\n\n\n\n<p class=\"wp-block-paragraph\">Asimismo, Ann Marie Reeves estuvo fuertemente influenciada por otra activista estadounidense,<strong>&nbsp;Julia Ward, quien se convirti\u00f3 en parte fundamental del movimiento de las sufragistas<\/strong>&nbsp;y quien se debe la&nbsp;<em>Proclama del d\u00eda de las madres<\/em>, que, si bien era un texto antibelicista, representa un antecedente de la celebraci\u00f3n de nuestros d\u00edas:<\/p>\n\n\n\n<p class=\"wp-block-paragraph\">\u00abNo se llevar\u00e1n a nuestros hijos para que desaprendan todo lo que hemos podido ense\u00f1arles acerca de la caridad, la compasi\u00f3n y la paciencia&#8217;. Nosotras, mujeres de un pa\u00eds, tendremos demasiada compasi\u00f3n hacia aquellas de otro pa\u00eds, como para permitir que nuestros hijos sean entrenados para herir a los suyos. Desde el seno de una tierra devastada, una voz se alza con la nuestra y dice &#8216;\u00a1Desarma! \u00a1Desarma!&#8217; La espada del asesinato no es la balanza de la justicia. La sangre no limpia el deshonor, ni la violencia es se\u00f1al de posesi\u00f3n. En nombre de la maternidad y la humanidad, les pido solemnemente que sea designado un congreso general de mujeres, sin importar nacionalidad, y que se lleve a cabo en alg\u00fan lugar que resulte conveniente, a la brevedad posible, para promover la alianza de diferentes nacionalidades, el arreglo amistoso de cuestiones internacionales\u00bb.<\/p>\n\n\n\n<h2 class=\"wp-block-heading\" id=\"declaracion-del-dia-de-las-madres-en-eu\"><strong>Declaraci\u00f3n del D\u00eda de las Madres en EU<\/strong><\/h2>\n\n\n\n<p class=\"wp-block-paragraph\">Los esfuerzos de las tres mujeres vieron resultado en 1914, cuando el Congreso de Estados Unidos aprob\u00f3 una resoluci\u00f3n impulsada por el presidente Woodrow Wilson en la que se<strong>&nbsp;estableci\u00f3 el segundo domingo de mayo como el D\u00eda de la Madre<\/strong>.<\/p>\n\n\n\n<p class=\"wp-block-paragraph\">Con el paso del tiempo, Ann Jarvis se percat\u00f3 que la conmemoraci\u00f3n por la que hab\u00edan abogado su madre y Ward&nbsp;<strong>se convirti\u00f3 en un motivo para la comercializaci\u00f3n<\/strong>&nbsp;y comenz\u00f3 a oponerse al D\u00eda de las Madres.<\/p>\n\n\n\n<h2 class=\"wp-block-heading\" id=\"por-que-en-mexico-se-celebra-el-dia-de-las-madres-el-10-de-mayo\">\u00bfPor qu\u00e9 en M\u00e9xico se celebra el D\u00eda de las Madres el 10 de mayo?<\/h2>\n\n\n\n<p class=\"wp-block-paragraph\">En M\u00e9xico la celebraci\u00f3n del D\u00eda de las Madres se consigui\u00f3 por iniciativa de<strong>&nbsp;Jos\u00e9 Vasconcelos y el periodista Rafael Alducin<\/strong>, fundador del peri\u00f3dico Exc\u00e9lsior, en la d\u00e9cada de 1920. Se fund\u00f3 en el susto porque protestaban las mujeres en Yucat\u00e1n, por la negativa al uso de anticonceptivos. Y por los derechos a una sexualidad libre, seg\u00fan el libro de Martha Acevedo.<\/p>\n\n\n\n<p class=\"wp-block-paragraph\">El extinto Consejo Nacional para la Cultura y las Artes (Conaculta)&nbsp;<strong>databa en 1922 la primera celebraci\u00f3n de esta festividad en M\u00e9xico<\/strong>, que se convirti\u00f3 en el primer pa\u00eds de Latinoam\u00e9rica en adoptarlo. Para reafirmar esta respuesta pol\u00edtica a las mujeres movilizadas en Yucat\u00e1n, a\u00f1os despu\u00e9s se construy\u00f3 el monumento a la Madre.<\/p>\n\n\n\n<p class=\"wp-block-paragraph\">De acuerdo con Conaculta, se escogi\u00f3 el mes de mayo para el festejo porque<strong>&nbsp;\u00e9ste es el mes consagrado la Virgen<\/strong>, una figura del catolicismo fuertemente arraigada en la idiosincrasia mexicana. Costumbre con la que se apoy\u00f3 Vasconcelos.<\/p>\n\n\n\n<p class=\"wp-block-paragraph\">La figura de la madre tiene una importancia tal en M\u00e9xico, que&nbsp;<strong>el 10 de mayo de 1949 se inaugur\u00f3 el Monumento a la Madre<\/strong>&nbsp;en el cruce de avenida Insurgentes y la calzad Manuel Villalong\u00edn, cerca de Paseo de la Reforma en la Ciudad de M\u00e9xico.<\/p>\n\n\n\n<p class=\"wp-block-paragraph\">En los \u00faltimos a\u00f1os, la conmemoraci\u00f3n del 10 de mayo ha cobrado un tinte de protesta similar al que tuvo en sus or\u00edgenes,&nbsp;<strong>debido a los altos \u00edndices de violencia contra las mujeres, as\u00ed como de feminicidios y desapariciones<\/strong>.<\/p>\n\n\n\n<p class=\"wp-block-paragraph\"><\/p>\n\n\n\n<div class=\"wp-block-image\"><figure class=\"aligncenter size-full\"><a href=\"https:\/\/redsemlac.com\/semmexico\/wp-content\/uploads\/2022\/05\/10-mayo-1-1.jpg\"><img loading=\"lazy\" decoding=\"async\" width=\"720\" height=\"449\" src=\"https:\/\/redsemlac.com\/semmexico\/wp-content\/uploads\/2022\/05\/10-mayo-1-1.jpg\" alt=\"\" class=\"wp-image-49870\"\/><\/a><figcaption>La movilizaci\u00f3n inici\u00f3 en punto de las 10 horas, desde el Sistema para el Desarrollo Integral de la Familia (DIF) de avenida Reforma. | Foto: Roberto Hern\u00e1ndez | El Sol de M\u00e9xico<\/figcaption><\/figure><\/div>\n\n\n\n<p class=\"wp-block-paragraph\"><strong><em>Los y las involucradas realizaron mosaicos con los rostros y mensajes de sus hijos y familiares desaparecidos. | Foto: Roberto Hern\u00e1ndez | El Sol de M\u00e9xico<\/em><\/strong><\/p>\n\n\n\n<figure class=\"wp-block-image size-full is-resized\"><a href=\"https:\/\/redsemlac.com\/semmexico\/wp-content\/uploads\/2022\/05\/10-mayo-3.jpg\"><img loading=\"lazy\" decoding=\"async\" src=\"https:\/\/redsemlac.com\/semmexico\/wp-content\/uploads\/2022\/05\/10-mayo-3.jpg\" alt=\"\" class=\"wp-image-49864\" width=\"231\" height=\"144\"\/><\/a><\/figure>\n\n\n\n<p class=\"wp-block-paragraph\"><strong><em>La movilizaci\u00f3n al frente de la Fiscal\u00eda se complement\u00f3 con participantes de 24 estados de la rep\u00fablica. | Foto: Roberto Hern\u00e1ndez | El Sol de M\u00e9xico<\/em><\/strong><\/p>\n\n\n\n<figure class=\"wp-block-image size-full\"><a href=\"https:\/\/redsemlac.com\/semmexico\/wp-content\/uploads\/2022\/05\/10-mayo-4.jpg\"><img loading=\"lazy\" decoding=\"async\" width=\"160\" height=\"100\" src=\"https:\/\/redsemlac.com\/semmexico\/wp-content\/uploads\/2022\/05\/10-mayo-4.jpg\" alt=\"\" class=\"wp-image-49865\"\/><\/a><\/figure>\n\n\n\n<p class=\"wp-block-paragraph\"><strong><em>\u201cTe amamos y extra\u00f1aremos, nos haces mucha falta. No descansar\u00e9 de buscarte\u201d, se lee en el mosaico que se postr\u00f3 frente a la FGR. | Foto: Roberto Hern\u00e1ndez | El Sol de M\u00e9xico<\/em><\/strong><\/p>\n\n\n\n<figure class=\"wp-block-image size-full is-resized\"><a href=\"https:\/\/redsemlac.com\/semmexico\/wp-content\/uploads\/2022\/05\/10-mayo-5.jpg\"><img loading=\"lazy\" decoding=\"async\" src=\"https:\/\/redsemlac.com\/semmexico\/wp-content\/uploads\/2022\/05\/10-mayo-5.jpg\" alt=\"\" class=\"wp-image-49866\" width=\"174\" height=\"109\"\/><\/a><\/figure>\n\n\n\n<p class=\"wp-block-paragraph\"><strong><em>Autoridades de la FGR tienen registro de 12 mil 759 personas desaparecidas desde 2007. | Foto: Roberto Hern\u00e1ndez | El Sol de M\u00e9xico<\/em><\/strong><\/p>\n\n\n\n<figure class=\"wp-block-image size-full is-resized\"><a href=\"https:\/\/redsemlac.com\/semmexico\/wp-content\/uploads\/2022\/05\/10-mayo-6.jpg\"><img loading=\"lazy\" decoding=\"async\" src=\"https:\/\/redsemlac.com\/semmexico\/wp-content\/uploads\/2022\/05\/10-mayo-6.jpg\" alt=\"\" class=\"wp-image-49867\" width=\"177\" height=\"111\"\/><\/a><\/figure>\n\n\n\n<p class=\"wp-block-paragraph\"><strong><em>Adem\u00e1s, se reportan 144 fosas clandestinas en la regi\u00f3n de Baja California. | Foto: Roberto Hern\u00e1ndez | El Sol de M\u00e9xico<\/em><\/strong><\/p>\n\n\n\n<figure class=\"wp-block-image size-full is-resized\"><a href=\"https:\/\/redsemlac.com\/semmexico\/wp-content\/uploads\/2022\/05\/10-mayo-7.jpg\"><img loading=\"lazy\" decoding=\"async\" src=\"https:\/\/redsemlac.com\/semmexico\/wp-content\/uploads\/2022\/05\/10-mayo-7.jpg\" alt=\"\" class=\"wp-image-49868\" width=\"183\" height=\"114\"\/><\/a><\/figure>\n\n\n\n<p class=\"wp-block-paragraph\"><strong><em>Las madres buscadoras portaban playeras y mascarillas alusivas a la b\u00fasqueda de sus familiares. | Foto: Roberto Hern\u00e1ndez | El Sol de M\u00e9xico<\/em><\/strong><\/p>\n\n\n\n<figure class=\"wp-block-image size-full is-resized\"><a href=\"https:\/\/redsemlac.com\/semmexico\/wp-content\/uploads\/2022\/05\/10-mayo-8.jpg\"><img loading=\"lazy\" decoding=\"async\" src=\"https:\/\/redsemlac.com\/semmexico\/wp-content\/uploads\/2022\/05\/10-mayo-8.jpg\" alt=\"\" class=\"wp-image-49869\" width=\"186\" height=\"116\"\/><\/a><\/figure>\n\n\n\n<p class=\"wp-block-paragraph\"><strong><em>La movilizaci\u00f3n de b\u00fasqueda de desaparecidos se efect\u00faa en la capital del pa\u00eds desde hace 5 a\u00f1os y tiene el objetivo de que las autoridades incrementen los esfuerzos para localizar a los familiares. | Foto: Roberto Hern\u00e1ndez | El Sol de M\u00e9xico<\/em><\/strong><\/p>\n\n\n\n<h2 class=\"wp-block-heading\" id=\"el-dia-de-las-madres-en-el-mundo\"><strong>El D\u00eda de las Madres en el mundo<\/strong><\/h2>\n\n\n\n<p class=\"wp-block-paragraph\">Aunque dependiendo de la regi\u00f3n cambia de fecha, la mayor parte de los pa\u00edses establecieron en mayo la celebraci\u00f3n del D\u00eda de las Madres. En los casos de Guatemala, El Salvador, Belice, Catar, Emiratos \u00c1rabes Unidos, India, Malasia, Om\u00e1n, Pakist\u00e1n y Singapur, esta conmemoraci\u00f3n se da el 10 de mayo, al igual que en M\u00e9xico.<\/p>\n\n\n\n<p class=\"wp-block-paragraph\">Espa\u00f1a, por su parte, lo hace el primer domingo, mientras que Brasil, Chile, Cuba, Ecuador, Estados Unidos, Per\u00fa, Puerto Rico, Uruguay, Venezuela y Colombia lo hacen el segundo, como en la mayor parte del mundo.<\/p>\n\n\n\n<p class=\"wp-block-paragraph\">Paraguay, Bolivia y Nicaragua lo celebran los d\u00edas 15, 27 y 30 de mayo respectivamente. Sin embargo, otros pa\u00edses festejan a las madres fuera del quinto mes de mayo, como son los casos de Costa Rica, el 15 de agosto (d\u00eda de la Asunci\u00f3n); Argentina, el tercer domingo de octubre, y Panam\u00e1, el 8 de diciembre (d\u00eda de la Inmaculada Concepci\u00f3n de la Virgen).<\/p>\n","protected":false},"excerpt":{"rendered":"<p>En 1922 se cre\u00f3 en M\u00e9xico, como una medida represiva por la movilizaci\u00f3n de las Yucatecas<\/p>\n","protected":false},"author":3,"featured_media":49863,"comment_status":"open","ping_status":"open","sticky":false,"template":"","format":"standard","meta":{"_monsterinsights_skip_tracking":false,"footnotes":""},"categories":[693,54],"tags":[],"class_list":["post-49861","post","type-post","status-publish","format-standard","has-post-thumbnail","category-693","category-mujeres"],"_links":{"self":[{"href":"https:\/\/redsemlac.com\/semmexico\/wp-json\/wp\/v2\/posts\/49861","targetHints":{"allow":["GET"]}}],"collection":[{"href":"https:\/\/redsemlac.com\/semmexico\/wp-json\/wp\/v2\/posts"}],"about":[{"href":"https:\/\/redsemlac.com\/semmexico\/wp-json\/wp\/v2\/types\/post"}],"author":[{"embeddable":true,"href":"https:\/\/redsemlac.com\/semmexico\/wp-json\/wp\/v2\/users\/3"}],"replies":[{"embeddable":true,"href":"https:\/\/redsemlac.com\/semmexico\/wp-json\/wp\/v2\/comments?post=49861"}],"version-history":[{"count":0,"href":"https:\/\/redsemlac.com\/semmexico\/wp-json\/wp\/v2\/posts\/49861\/revisions"}],"wp:featuredmedia":[{"embeddable":true,"href":"https:\/\/redsemlac.com\/semmexico\/wp-json\/wp\/v2\/media\/49863"}],"wp:attachment":[{"href":"https:\/\/redsemlac.com\/semmexico\/wp-json\/wp\/v2\/media?parent=49861"}],"wp:term":[{"taxonomy":"category","embeddable":true,"href":"https:\/\/redsemlac.com\/semmexico\/wp-json\/wp\/v2\/categories?post=49861"},{"taxonomy":"post_tag","embeddable":true,"href":"https:\/\/redsemlac.com\/semmexico\/wp-json\/wp\/v2\/tags?post=49861"}],"curies":[{"name":"wp","href":"https:\/\/api.w.org\/{rel}","templated":true}]}}