{"id":4985,"date":"2018-11-08T19:25:22","date_gmt":"2018-11-08T19:25:22","guid":{"rendered":"https:\/\/redsemlac.com\/semmexico\/?p=4985"},"modified":"2023-07-21T14:34:15","modified_gmt":"2023-07-21T19:34:15","slug":"tambien-se-plantea-como-un-detonante-para-la-economia","status":"publish","type":"post","link":"https:\/\/redsemlac.com\/semmexico\/tambien-se-plantea-como-un-detonante-para-la-economia\/","title":{"rendered":"Tambi\u00e9n se plantea como un detonante para la econom\u00eda"},"content":{"rendered":"\n<p class=\"wp-block-paragraph\"><a href=\"https:\/\/www.semmexico.com\/gallery-post.php?id=6317#\">Josefina Aguilar Pastor,<\/a><\/p>\n\n\n\n<p class=\"wp-block-paragraph\">Semm\u00e9xico. Chilpancingo, Gro., 8 noviembre 2018.- Mois\u00e9s Reyes Sandoval, diputado local de Morena, coincidi\u00f3 con organizaciones civiles en la necesidad de descongelar la ley de matrimonios igualitarios, como lo han solicitado grupos de la comunidad LGBT, que nada tiene nada que ver con el control natal y no est\u00e1 en contubernio con grandes monopolios como asegur\u00f3 el obispo, Salvador Rangel.<\/p>\n\n\n\n<p class=\"wp-block-paragraph\">Este mi\u00e9rcoles, el legislador de Morena sostuvo una reuni\u00f3n con integrantes de distintos grupos LGBT, quienes entre otros planteamientos, pidieron sacar de la congeladora la ley de matrimonios igualitarios, que desde legislaturas anteriores han pospuesto.<\/p>\n\n\n\n<p class=\"wp-block-paragraph\">Reyes Sandoval coincidi\u00f3 en la necesidad de impulsar esta norma, como abogado litigante que dijo fue hasta el pasado 1 de septiembre, considera que se trata de un tema jur\u00eddico, que tiene que ser impulsado desde la perspectiva de los derechos humanos de las personas LGBT.<\/p>\n\n\n\n<p class=\"wp-block-paragraph\">Adelant\u00f3 que la iniciativa de ley no tiene nada que ver con la adopci\u00f3n, tema al que grupos conservadores y religiosos se han opuesto, no lo ha incluido al considerar que requiere mayor an\u00e1lisis, di\u00e1logo y acercamiento, precisamente con ese tipo de sectores, mientras que el matrimonio igualitario es algo que ya se ejerce.<\/p>\n\n\n\n<p class=\"wp-block-paragraph\">Respecto a la condena que el obispo Salvador Rangel Mendoza hizo en contra de la agenda de g\u00e9nero, en la que dijo, se incluye el matrimonio igualitario como una forma de control natal, el diputado local de Morena respondi\u00f3, \u201cyo respeto al obispo, sin embargo, no existe tal conflagraci\u00f3n para una agenda de natalidad, no tiene nada que ver el matrimonio igualitario con la natalidad\u201d.<\/p>\n\n\n\n<p class=\"wp-block-paragraph\">Las personas de la comunidad de la diversidad sexual no van a tener biol\u00f3gicamente hijos si no lo deciden, incluso coment\u00f3, hay parejas homosexuales y l\u00e9sbicas que son amigos y entre ellos deciden tener un hijo, aunque sus preferencias sexuales sean otras; no tiene nada que ver con el control de la natalidad, es un tema de respeto de los derechos humanos, est\u00e1 en la agenda de todos los pa\u00edses de primer mundo, y a\u00f1os de vigencia en la Ciudad de M\u00e9xico.<\/p>\n\n\n\n<p class=\"wp-block-paragraph\">Por otro lado, apunt\u00f3 que el matrimonio igualitario es un detonante en la econom\u00eda, impulsa el turismo \u201cy pueden venir a Acapulco u otras ciudades tur\u00edsticas del Estado a llevar a cabo su matrimonio\u201d, puntualiz\u00f3 Reyes Sandoval.<\/p>\n\n\n\n<p class=\"wp-block-paragraph\">Refiri\u00f3 que el matrimonio igualitario, ya ha sido resuelto por la Suprema Corte de Justicia de la Naci\u00f3n (SCJN), tambi\u00e9n record\u00f3 que en el periodo del ex gobernador Rogelio Ortega Mart\u00ednez en el 2015, se celebraron algunos enlaces entre personas del mismo sexo, fundamentados en la resoluci\u00f3n de la Corte, son cientos de actas expedidas, \u201csolo falta la legalidad, establecerlo en una ley formal\u201d.<\/p>\n\n\n\n<p class=\"wp-block-paragraph\">De manera personal, Reyes Sandoval se comprometi\u00f3 a apoyar e impulsar esta iniciativa tanto al interior de la fracci\u00f3n de Morena, como con otros grupos parlamentarios, no es un tema de partidos ni religioso, se trata de legalizar algo que en la pr\u00e1ctica ya existe, incluso, en la legalidad con la resoluci\u00f3n de la SCJN.<\/p>\n\n\n\n<p class=\"wp-block-paragraph\">SEM\/ja\/sj<br><\/p>\n","protected":false},"excerpt":{"rendered":"<p>Josefina Aguilar Pastor, Semm\u00e9xico. Chilpancingo, Gro., 8 noviembre 2018.- Mois\u00e9s Reyes Sandoval, diputado local de Morena, coincidi\u00f3 con organizaciones civiles en la necesidad de descongelar la ley de matrimonios igualitarios, como lo han solicitado grupos de la comunidad LGBT, que nada tiene nada que ver con el control natal y no est\u00e1 en contubernio con [&hellip;]<\/p>\n","protected":false},"author":3,"featured_media":4986,"comment_status":"open","ping_status":"open","sticky":false,"template":"","format":"standard","meta":{"_monsterinsights_skip_tracking":false,"footnotes":""},"categories":[689,50],"tags":[],"class_list":["post-4985","post","type-post","status-publish","format-standard","has-post-thumbnail","category-689","category-congreso"],"_links":{"self":[{"href":"https:\/\/redsemlac.com\/semmexico\/wp-json\/wp\/v2\/posts\/4985","targetHints":{"allow":["GET"]}}],"collection":[{"href":"https:\/\/redsemlac.com\/semmexico\/wp-json\/wp\/v2\/posts"}],"about":[{"href":"https:\/\/redsemlac.com\/semmexico\/wp-json\/wp\/v2\/types\/post"}],"author":[{"embeddable":true,"href":"https:\/\/redsemlac.com\/semmexico\/wp-json\/wp\/v2\/users\/3"}],"replies":[{"embeddable":true,"href":"https:\/\/redsemlac.com\/semmexico\/wp-json\/wp\/v2\/comments?post=4985"}],"version-history":[{"count":0,"href":"https:\/\/redsemlac.com\/semmexico\/wp-json\/wp\/v2\/posts\/4985\/revisions"}],"wp:featuredmedia":[{"embeddable":true,"href":"https:\/\/redsemlac.com\/semmexico\/wp-json\/wp\/v2\/media\/4986"}],"wp:attachment":[{"href":"https:\/\/redsemlac.com\/semmexico\/wp-json\/wp\/v2\/media?parent=4985"}],"wp:term":[{"taxonomy":"category","embeddable":true,"href":"https:\/\/redsemlac.com\/semmexico\/wp-json\/wp\/v2\/categories?post=4985"},{"taxonomy":"post_tag","embeddable":true,"href":"https:\/\/redsemlac.com\/semmexico\/wp-json\/wp\/v2\/tags?post=4985"}],"curies":[{"name":"wp","href":"https:\/\/api.w.org\/{rel}","templated":true}]}}