{"id":4982,"date":"2018-11-08T19:23:41","date_gmt":"2018-11-08T19:23:41","guid":{"rendered":"https:\/\/redsemlac.com\/semmexico\/?p=4982"},"modified":"2023-07-21T14:34:15","modified_gmt":"2023-07-21T19:34:15","slug":"exigen-integrantes-de-la-lxiv-legislatura-justicia-para-valeria","status":"publish","type":"post","link":"https:\/\/redsemlac.com\/semmexico\/exigen-integrantes-de-la-lxiv-legislatura-justicia-para-valeria\/","title":{"rendered":"Exigen integrantes de la LXIV Legislatura justicia para Valeria"},"content":{"rendered":"\n<p class=\"wp-block-paragraph\"><a href=\"https:\/\/www.semmexico.com\/gallery-post.php?id=6323#\">Redacci\u00f3n<\/a><\/p>\n\n\n\n<p class=\"wp-block-paragraph\">SemM\u00e9xico, Cd. de M\u00e9xico, 8 noviembre 2018.- La hija de la diputada Carmen Medel Palma, Valeria de 22 a\u00f1os fue ejecutada en un gimnasio en Ciudad Mendoza, Veracruz.<\/p>\n\n\n\n<p class=\"wp-block-paragraph\">La diputada de Movimiento de Regeneraci\u00f3n Nacional (Morena),&nbsp; fue informada v\u00eda telef\u00f3nica mientras estaba en la sesi\u00f3n de la C\u00e1mara de Diputados, por lo que de inmediato se declar\u00f3 un receso, ante la consternaci\u00f3n del resto de quienes integran la LXIV Legislatura federal.<\/p>\n\n\n\n<p class=\"wp-block-paragraph\">Valeria, de 22 a\u00f1os, era estudiante de la Facultad de Medicina&nbsp;en la Universidad Veracruzana, y habr\u00eda perecido al recibir varios impactos de arma de fuego.<\/p>\n\n\n\n<p class=\"wp-block-paragraph\">En tanto en tribuna el diputado federal Benjam\u00edn Robles Montoya hac\u00eda uso de la palabra, \u00e9ste fue interrumpido para llamar a los servicios de emergencia para que asistiera a la diputada Carmen Medel quien sufri\u00f3 una crisis nerviosa tras recibir la fatal noticia.<\/p>\n\n\n\n<p class=\"wp-block-paragraph\">Posteriormente el resto de la bancada de Morena, subieron a la tribuna, mientras el diputado Pablo G\u00f3mez, se\u00f1al\u00f3:<\/p>\n\n\n\n<p class=\"wp-block-paragraph\">\u201cParticipamos con profunda pena del asesinato de la hija de nuestra compa\u00f1era diputada Carmen Medel, del distrito 14 del Estado de Veracruz. Valeria ha sido hoy v\u00edctima del estado de violencia en el que vivimos los mexicanos y las mexicanas.<\/p>\n\n\n\n<p class=\"wp-block-paragraph\">\u201cHoy encaramos la tragedia de manera mucho m\u00e1s directa con una miembro de esta asamblea, todos estamos sujetos a esta crisis de violencia y todos juntos como legislatura debemos responder, debemos pacificar a M\u00e9xico, erradicar la violencia y la delincuencia violencia.<\/p>\n\n\n\n<p class=\"wp-block-paragraph\">\u201cLe damos todos nosotros con profunda pena nuestras condolencias a la compa\u00f1era Carmen Medel.<\/p>\n\n\n\n<p class=\"wp-block-paragraph\">Despu\u00e9s se escuch\u00f3 el grito de \u00a1Justicia, justicia, justicia! En la voz de quienes integran la C\u00e1mara de Diputados federal.<\/p>\n\n\n\n<p class=\"wp-block-paragraph\">SEM\/sj<br><\/p>\n","protected":false},"excerpt":{"rendered":"<p>Redacci\u00f3n SemM\u00e9xico, Cd. de M\u00e9xico, 8 noviembre 2018.- La hija de la diputada Carmen Medel Palma, Valeria de 22 a\u00f1os fue ejecutada en un gimnasio en Ciudad Mendoza, Veracruz. La diputada de Movimiento de Regeneraci\u00f3n Nacional (Morena),&nbsp; fue informada v\u00eda telef\u00f3nica mientras estaba en la sesi\u00f3n de la C\u00e1mara de Diputados, por lo que de [&hellip;]<\/p>\n","protected":false},"author":3,"featured_media":4983,"comment_status":"open","ping_status":"open","sticky":false,"template":"","format":"standard","meta":{"_monsterinsights_skip_tracking":false,"footnotes":""},"categories":[689,50],"tags":[],"class_list":["post-4982","post","type-post","status-publish","format-standard","has-post-thumbnail","category-689","category-congreso"],"_links":{"self":[{"href":"https:\/\/redsemlac.com\/semmexico\/wp-json\/wp\/v2\/posts\/4982","targetHints":{"allow":["GET"]}}],"collection":[{"href":"https:\/\/redsemlac.com\/semmexico\/wp-json\/wp\/v2\/posts"}],"about":[{"href":"https:\/\/redsemlac.com\/semmexico\/wp-json\/wp\/v2\/types\/post"}],"author":[{"embeddable":true,"href":"https:\/\/redsemlac.com\/semmexico\/wp-json\/wp\/v2\/users\/3"}],"replies":[{"embeddable":true,"href":"https:\/\/redsemlac.com\/semmexico\/wp-json\/wp\/v2\/comments?post=4982"}],"version-history":[{"count":0,"href":"https:\/\/redsemlac.com\/semmexico\/wp-json\/wp\/v2\/posts\/4982\/revisions"}],"wp:featuredmedia":[{"embeddable":true,"href":"https:\/\/redsemlac.com\/semmexico\/wp-json\/wp\/v2\/media\/4983"}],"wp:attachment":[{"href":"https:\/\/redsemlac.com\/semmexico\/wp-json\/wp\/v2\/media?parent=4982"}],"wp:term":[{"taxonomy":"category","embeddable":true,"href":"https:\/\/redsemlac.com\/semmexico\/wp-json\/wp\/v2\/categories?post=4982"},{"taxonomy":"post_tag","embeddable":true,"href":"https:\/\/redsemlac.com\/semmexico\/wp-json\/wp\/v2\/tags?post=4982"}],"curies":[{"name":"wp","href":"https:\/\/api.w.org\/{rel}","templated":true}]}}