{"id":4979,"date":"2018-11-08T19:22:16","date_gmt":"2018-11-08T19:22:16","guid":{"rendered":"https:\/\/redsemlac.com\/semmexico\/?p=4979"},"modified":"2023-07-21T14:34:15","modified_gmt":"2023-07-21T19:34:15","slug":"piden-a-otras-victimas-de-violencia-a-no-callar","status":"publish","type":"post","link":"https:\/\/redsemlac.com\/semmexico\/piden-a-otras-victimas-de-violencia-a-no-callar\/","title":{"rendered":"Piden a otras v\u00edctimas de violencia a no callar"},"content":{"rendered":"\n<p class=\"wp-block-paragraph\"><a href=\"https:\/\/www.semmexico.com\/gallery-post.php?id=6325#\">Redacci\u00f3n<\/a><\/p>\n\n\n\n<p class=\"wp-block-paragraph\">SemM\u00e9xico\/BillieParkerNoticias, Xalapa, Ver., 8 noviembre 2018.- Luego de conocerse la fatal noticia que enluta a la familia de la diputada federal de Morena Carmen Medel, el Grupo Legislativo de MORENA Veracruz, lament\u00f3 y conden\u00f3 el hecho.<\/p>\n\n\n\n<p class=\"wp-block-paragraph\">En rueda de medios, encabezada por el diputado Juan Javier G\u00f3mez Cazar\u00edn, la bancada de MORENA, se sum\u00f3 a la exigencia de justicia que desde San L\u00e1zaro se realiz\u00f3 este mismo d\u00eda, tras conocerse la noticia.<\/p>\n\n\n\n<p class=\"wp-block-paragraph\">Dejaron en claro que este y otros casos de ejecuciones, que han quedado en la impunidad, tendr\u00e1n seguimiento puntual de la bancada de Morena. No descartan llamar a declarar al fiscal de Veracruz, \u201cy quienes tengan injerencia en esto\u201d, se\u00f1al\u00f3 Mar\u00eda Candelas Francisco Doce, legisladora de Morena.<\/p>\n\n\n\n<p class=\"wp-block-paragraph\">Candela Doce, diputada con sede en Camerino Z. Mendoza,&nbsp;denunci\u00f3 que este lamentable hecho es uno m\u00e1s, de muchos&nbsp;que se han registrado en el distrito 21.<\/p>\n\n\n\n<p class=\"wp-block-paragraph\">G\u00f3mez Cazar\u00edn exhort\u00f3 a denunciar y a evitar el temor que ello produzca porque la bancada de Morena los respaldar\u00e1. \u201cNo tengan Miedo (\u2026)&nbsp;No escondan la verdad\u201d, les dijo a la prensa. \u201cNo hay que ser c\u00f3mplices de ninguno m\u00e1s\u201d.<\/p>\n\n\n\n<p class=\"wp-block-paragraph\"><strong>Valeria<\/strong>&nbsp;Cruz&nbsp;<strong>Medel,<\/strong>&nbsp;hija de Carmen&nbsp;<strong>Medel<\/strong>&nbsp;ten\u00eda 22 a\u00f1os de edad, cursaba la Universidad. Fue ejecutada de nueve disparos mientras se ejercitaba en un gimnasio.&nbsp;De acuerdo a testigos el asesino&nbsp;se dio a la fuga&nbsp;en un auto negro.<\/p>\n\n\n\n<p class=\"wp-block-paragraph\">Existen otras&nbsp;versiones que fueron varios sujetos los que entraron al establecimiento&nbsp;para asesinarla.<\/p>\n\n\n\n<p class=\"wp-block-paragraph\">Valeria era originaria de Coatzacoalcos al sur de Veracruz, pero estudiaba medicina en la Universidad Veracruzana y radicaba en Ciudad Mendoza, se\u00f1ala el diario Regeneraci\u00f3n.<\/p>\n\n\n\n<p class=\"wp-block-paragraph\">La&nbsp;estudiante de medicina fue ejecutada dentro de un gimnasio,&nbsp;sobre la avenida Benito Ju\u00e1rez de la Colonia Centro de Ciudad Mendoza en Veracruz. Extraoficialmente se reporta otra persona herida en el suceso.<\/p>\n\n\n\n<p class=\"wp-block-paragraph\">SEM\/BillieParkNoticias<br><\/p>\n","protected":false},"excerpt":{"rendered":"<p>Redacci\u00f3n SemM\u00e9xico\/BillieParkerNoticias, Xalapa, Ver., 8 noviembre 2018.- Luego de conocerse la fatal noticia que enluta a la familia de la diputada federal de Morena Carmen Medel, el Grupo Legislativo de MORENA Veracruz, lament\u00f3 y conden\u00f3 el hecho. En rueda de medios, encabezada por el diputado Juan Javier G\u00f3mez Cazar\u00edn, la bancada de MORENA, se sum\u00f3 [&hellip;]<\/p>\n","protected":false},"author":3,"featured_media":4980,"comment_status":"open","ping_status":"open","sticky":false,"template":"","format":"standard","meta":{"_monsterinsights_skip_tracking":false,"footnotes":""},"categories":[689,50],"tags":[],"class_list":["post-4979","post","type-post","status-publish","format-standard","has-post-thumbnail","category-689","category-congreso"],"_links":{"self":[{"href":"https:\/\/redsemlac.com\/semmexico\/wp-json\/wp\/v2\/posts\/4979","targetHints":{"allow":["GET"]}}],"collection":[{"href":"https:\/\/redsemlac.com\/semmexico\/wp-json\/wp\/v2\/posts"}],"about":[{"href":"https:\/\/redsemlac.com\/semmexico\/wp-json\/wp\/v2\/types\/post"}],"author":[{"embeddable":true,"href":"https:\/\/redsemlac.com\/semmexico\/wp-json\/wp\/v2\/users\/3"}],"replies":[{"embeddable":true,"href":"https:\/\/redsemlac.com\/semmexico\/wp-json\/wp\/v2\/comments?post=4979"}],"version-history":[{"count":0,"href":"https:\/\/redsemlac.com\/semmexico\/wp-json\/wp\/v2\/posts\/4979\/revisions"}],"wp:featuredmedia":[{"embeddable":true,"href":"https:\/\/redsemlac.com\/semmexico\/wp-json\/wp\/v2\/media\/4980"}],"wp:attachment":[{"href":"https:\/\/redsemlac.com\/semmexico\/wp-json\/wp\/v2\/media?parent=4979"}],"wp:term":[{"taxonomy":"category","embeddable":true,"href":"https:\/\/redsemlac.com\/semmexico\/wp-json\/wp\/v2\/categories?post=4979"},{"taxonomy":"post_tag","embeddable":true,"href":"https:\/\/redsemlac.com\/semmexico\/wp-json\/wp\/v2\/tags?post=4979"}],"curies":[{"name":"wp","href":"https:\/\/api.w.org\/{rel}","templated":true}]}}