{"id":49766,"date":"2022-05-08T13:38:31","date_gmt":"2022-05-08T19:38:31","guid":{"rendered":"https:\/\/redsemlac.com\/semmexico\/?p=49766"},"modified":"2023-07-21T19:04:13","modified_gmt":"2023-07-22T00:04:13","slug":"congreso-rehuye-a-debate-sobre-el-aborto-senala-estudio-del-instituto-belisario-dominguez-del-senado","status":"publish","type":"post","link":"https:\/\/redsemlac.com\/semmexico\/congreso-rehuye-a-debate-sobre-el-aborto-senala-estudio-del-instituto-belisario-dominguez-del-senado\/","title":{"rendered":"Congreso reh\u00faye a debate sobre el aborto, se\u00f1ala estudio del Instituto Belisario Dom\u00ednguez del Senado"},"content":{"rendered":"\n<p class=\"wp-block-paragraph\">Persisten legislaciones restrictivas en los estados donde sigue siendo un delito<\/p>\n\n\n\n<p class=\"wp-block-paragraph\">La sentencia de la Suprema Corte no lo despenaliza, lo descriminaliza: \u00a0pol\u00edticamente la ILE en la congeladora<\/p>\n\n\n\n<p class=\"wp-block-paragraph\">&#8212;&#8212;&#8212;&#8212;&#8212;&#8212;&#8212;&#8212;&#8212;&#8212;&#8212;&#8212;&#8212;&#8212;&#8212;&#8212;&#8212;&#8212;&#8212;&#8212;&#8212;&#8212;&#8212;&#8212;&#8212;&#8212;&#8212;&#8212;&#8212;&#8212;&#8212;&#8212;&#8212;&#8212;&#8212;&#8212;<\/p>\n\n\n\n<p class=\"has-vivid-red-color has-text-color has-medium-font-size wp-block-paragraph\"><strong>Actualmente, seis entidades de la Rep\u00fablica permiten el aborto hasta las 12 semanas y Sinaloa recientemente aprob\u00f3 una reforma para legalizarlo hasta las 13 semanas de gestaci\u00f3n.&nbsp;<\/strong><\/p>\n\n\n\n<p class=\"has-vivid-red-color has-text-color has-medium-font-size wp-block-paragraph\"><strong>Evidencia sugiere que las legislaciones m\u00e1s garantistas son las que ponen en el centro a los derechos de las mujeres<\/strong><strong><em>.<\/em><\/strong><\/p>\n\n\n\n<p class=\"wp-block-paragraph\"><strong><em>&#8212;&#8212;&#8212;&#8212;&#8212;&#8212;&#8212;&#8212;&#8212;&#8212;&#8212;&#8212;&#8212;&#8212;&#8212;&#8212;&#8212;&#8212;&#8212;&#8212;&#8212;&#8212;&#8212;&#8212;&#8212;&#8212;&#8212;-&nbsp;<\/em><\/strong><\/p>\n\n\n\n<p class=\"wp-block-paragraph\">Lorena V\u00e1quez Correa<\/p>\n\n\n\n<p class=\"wp-block-paragraph\">Sara Lovera<\/p>\n\n\n\n<p class=\"wp-block-paragraph\">SemM\u00e9xico, Cd. de M\u00e9xico, 8 de mayo, 2022.- En M\u00e9xico el derecho a la Interrupci\u00f3n Legal del Embarazo ILE est\u00e1 estancada, en la congeladora legislativa federal y el logro en los congresos locales de algunas entidades federativas es restrictivo aun; adem\u00e1s paralizado por la v\u00eda pol\u00edtica, los limites est\u00e1n contra los derechos de las mujeres. Todav\u00eda se considera delito en casi todo el pa\u00eds.<\/p>\n\n\n\n<p class=\"wp-block-paragraph\">As\u00ed lo analiza Lorena V\u00e1quez Correa* en un amplio estudio comparativo patrocinado por el Instituto Belisario Dom\u00ednguez del Senado de la Rep\u00fablica, denominado Aborto legal: de las 12 a las 24 Semanas de Gestaci\u00f3n dado a conocer este fin de semana, donde la autora sostiene: \u201cen el mundo no existe un consenso ni una regla jur\u00eddica general que afirme que la despenalizaci\u00f3n del aborto voluntario deba ce\u00f1irse a doce semanas\u201d<\/p>\n\n\n\n<figure class=\"wp-block-image size-large\"><a href=\"https:\/\/redsemlac.com\/semmexico\/wp-content\/uploads\/2022\/05\/cuadro-01.png\"><img decoding=\"async\" src=\"https:\/\/redsemlac.com\/semmexico\/wp-content\/uploads\/2022\/05\/cuadro-01-1024x298.png\" alt=\"\" class=\"wp-image-49771\"\/><\/a><\/figure>\n\n\n\n<p class=\"has-medium-font-size wp-block-paragraph\"><strong>M\u00e1s all\u00e1 de las 12 semanas<\/strong><\/p>\n\n\n\n<p class=\"wp-block-paragraph\">La investigadora sostiene que con doce semanas las entidades federativas mexicanas han quedado entre las regulaciones m\u00e1s restrictivas sobre la temporalidad adecuada para interrumpir legalmente el embarazo, si se le compara con otros pa\u00edses.<\/p>\n\n\n\n<p class=\"wp-block-paragraph\">Reconoce ampliamente que el \u201cavance\u201d en M\u00e9xico y Am\u00e9rica Latina es resultado del debate que sobre la interrupci\u00f3n voluntaria del embarazo se ha reactivado por la movilizaci\u00f3n de mujeres conocida como Marea Verde. Esas protestas de la marea verde (pa\u00f1uelos verdes) se unieron en los \u00faltimos a\u00f1os a la lucha de d\u00e9cadas de activistas feministas que promueven la derogaci\u00f3n de las leyes que penalizan el aborto.<\/p>\n\n\n\n<p class=\"wp-block-paragraph\">Las feministas, dice la autora, argumentan que la interrupci\u00f3n voluntaria del embarazo forma parte de los derechos reproductivos de las mujeres, que la criminalizaci\u00f3n, lejos de inhibir su pr\u00e1ctica, crea espacios de clandestinidad y, en ciertos contextos, implica la realizaci\u00f3n de procedimientos inseguros a los que est\u00e1n m\u00e1s expuestas las mujeres y personas gestantes que viven en condiciones de pobreza y en \u00e1reas rurales.<\/p>\n\n\n\n<p class=\"has-medium-font-size wp-block-paragraph\"><strong>Las restricciones &nbsp;<\/strong><\/p>\n\n\n\n<p class=\"wp-block-paragraph\">En M\u00e9xico, excepto Sinaloa, s\u00f3lo se aprob\u00f3 para las 12 semanas de gestaci\u00f3n En dicha situaci\u00f3n se encuentran Ciudad de M\u00e9xico, Oaxaca, Veracruz, Hidalgo, Baja California y Colima. El caso Sinaloa llam\u00f3 la atenci\u00f3n porque la iniciativa conformada por un gran n\u00famero de legisladoras y legisladores propon\u00eda las 14 semanas como l\u00edmite para la interrupci\u00f3n legal del embarazo, sin embargo, las comisiones dictaminadoras lograron consensos para que el l\u00edmite bajara a 13 semanas, aprobadas por el Pleno del Congreso Local, pero todav\u00eda no lo publica por el gobernador morenista en el diario local.<\/p>\n\n\n\n<p class=\"wp-block-paragraph\">La investigaci\u00f3n de Lorena V\u00e1zquez Correa, apunta que, con corte a abril de 2022, s\u00f3lo&nbsp; seis entidades federativas han legalizado el aborto hasta las doce semanas de gestaci\u00f3n y &nbsp;recuerda que el 7 de septiembre de 2021 el pleno de la Corte resolvi\u00f3 que la criminalizaci\u00f3n absoluta del aborto es inconstitucional y, por primera vez se pronunci\u00f3 a favor de garantizar el derecho de las mujeres y personas gestantes a decidir sobre su cuerpo sin enfrentar consecuencias penales hasta la semana doce de gestaci\u00f3n.<\/p>\n\n\n\n<p class=\"wp-block-paragraph\">Advierte que esa resoluci\u00f3n de la SCJN no es equivalente a la legalizaci\u00f3n del aborto porque no es una norma positiva que reconozca el derecho de las mujeres a solicitar un aborto y la obligaci\u00f3n de las instituciones de salud de garantizarlo.<\/p>\n\n\n\n<p class=\"wp-block-paragraph\">Si es importante porque limita el a los jueces cuando emitan una resoluci\u00f3n y para las fiscal\u00edas que pretendan abrir carpetas de investigaci\u00f3n contra las mujeres que abortan antes de las 12 semanas.<\/p>\n\n\n\n<figure class=\"wp-block-image size-full\"><a href=\"https:\/\/redsemlac.com\/semmexico\/wp-content\/uploads\/2022\/05\/Lorena-Vaquez-Correa.jpg\"><img loading=\"lazy\" decoding=\"async\" width=\"480\" height=\"720\" src=\"https:\/\/redsemlac.com\/semmexico\/wp-content\/uploads\/2022\/05\/Lorena-Vaquez-Correa.jpg\" alt=\"\" class=\"wp-image-49767\"\/><\/a><figcaption>Lorena V\u00e1quez Correa<\/figcaption><\/figure>\n\n\n\n<p class=\"wp-block-paragraph\">Tambi\u00e9n el estudio se\u00f1ala que hoy la mayor\u00eda de las entidades federativas tienen legislaciones en las que el aborto voluntario es considerado un delito, es penalizado y es altamente perseguido \u201clo que trae como consecuencia que las mujeres que interrumpen un embarazo, as\u00ed como quienes las asisten, sean consideradas delincuentes y penalizadas con sanciones de prisi\u00f3n, multas, trabajo comunitario o tratamientos psiqui\u00e1tricos, lo cual depende de la legislaci\u00f3n de cada entidad federativa. En esta situaci\u00f3n se encuentra M\u00e9xico.<\/p>\n\n\n\n<figure class=\"wp-block-image size-full\"><a href=\"https:\/\/redsemlac.com\/semmexico\/wp-content\/uploads\/2022\/05\/cuadro-02.png\"><img loading=\"lazy\" decoding=\"async\" width=\"923\" height=\"684\" src=\"https:\/\/redsemlac.com\/semmexico\/wp-content\/uploads\/2022\/05\/cuadro-02.png\" alt=\"\" class=\"wp-image-49770\"\/><\/a><\/figure>\n\n\n\n<p class=\"wp-block-paragraph\"><strong>Qu\u00e9 sucede en otros pa\u00edses<\/strong><\/p>\n\n\n\n<p class=\"wp-block-paragraph\">El documento del IBD destaca que pa\u00edses como Colombia, Singapur, Australia y Holanda, han legalizado el aborto hasta las 24 semanas de embarazo.&nbsp;<\/p>\n\n\n\n<p class=\"wp-block-paragraph\">En ese sentido, refiere que los pa\u00edses que han ampliado el n\u00famero de semanas m\u00e1s all\u00e1 de las doce han mostrado un cambio al poner en el centro de las resoluciones la perspectiva de g\u00e9nero y los derechos constitucionales de las mujeres, mientras que las resoluciones m\u00e1s restrictivas de doce semanas contin\u00faan con argumentos centrados en los l\u00edmites del Estado para proteger la vida prenatal.<\/p>\n\n\n\n<p class=\"wp-block-paragraph\">&nbsp;El documento explora c\u00f3mo las cortes y legislaturas de M\u00e9xico, Argentina y Colombia llegaron a decisiones favorables a la despenalizaci\u00f3n del aborto, pero con alcances diferentes en relaci\u00f3n con el n\u00famero de semanas adecuadas para interrumpir voluntariamente el embarazo: 12, 14 y 24, respectivamente.<\/p>\n\n\n\n<p class=\"wp-block-paragraph\">\u00a0El hallazgo principal de la investigaci\u00f3n \u00a0consiste en que las instituciones que aprobaron la interrupci\u00f3n legal antes de las 14 semanas sustentaron argumentos en una perspectiva restrictiva sobre cu\u00e1ndo el Estado est\u00e1 justificado para proteger la vida en gestaci\u00f3n, mientras que los pa\u00edses que han transitado a las 24 semanas fundamentaron sus argumentos en las posibilidades reales de las mujeres para acceder a los servicios de salud reproductiva, principalmente las que viven en situaci\u00f3n de ruralidad y vulnerabilidad.<\/p>\n\n\n\n<figure class=\"wp-block-image size-large\"><a href=\"https:\/\/redsemlac.com\/semmexico\/wp-content\/uploads\/2022\/05\/cuadro-03.png\"><img decoding=\"async\" src=\"https:\/\/redsemlac.com\/semmexico\/wp-content\/uploads\/2022\/05\/cuadro-03-1024x451.png\" alt=\"\" class=\"wp-image-49769\"\/><\/a><\/figure>\n\n\n\n<p class=\"wp-block-paragraph\">Se argumenta que cuando el debate est\u00e1 centrado en los derechos de las mujeres las resoluciones son m\u00e1s garantistas y se otorgan m\u00e1s semanas de plazo para la reflexi\u00f3n, toma de decisi\u00f3n y posibilidades de acceso real a los servicios de salud para la interrupci\u00f3n legal del embarazo.<\/p>\n\n\n\n<p class=\"wp-block-paragraph\">En cambio, cuando la discusi\u00f3n jur\u00eddica permanece centrada en preguntas sobre la vida en gestaci\u00f3n y su protecci\u00f3n, las decisiones de las instituciones son m\u00e1s restrictivas para las mujeres tomando como indicador el n\u00famero de semanas adecuadas para la interrupci\u00f3n legal del embarazo.<\/p>\n\n\n\n<p class=\"wp-block-paragraph\">En Argentina, la ley de Interrupci\u00f3n Voluntaria del Embarazo (IVE), vigente desde enero de 2021 fij\u00f3 como l\u00edmite la semana 14 de embarazo para que el aborto sea legal sin necesidad de explicitar las razones (Ley 27610). En Colombia la Corte Constitucional aprob\u00f3 la interrupci\u00f3n voluntaria del embarazo hasta la semana 24, como respuesta a una demanda presentada en 2020 por el movimiento Causa Justa, una coalici\u00f3n de m\u00e1s de 45 organizaciones que exig\u00edan el fin de la criminalizaci\u00f3n del aborto.<\/p>\n\n\n\n<p class=\"wp-block-paragraph\">&nbsp;En Chile la Convenci\u00f3n Constitucional aprob\u00f3 incluir la interrupci\u00f3n voluntaria del embarazo en el proyecto de la nueva Constituci\u00f3n, la cual ser\u00e1 sometida a un plebiscito en el que los chilenos decidir\u00e1n en septiembre de 2022 si entra en vigor o no.<\/p>\n\n\n\n<p class=\"has-medium-font-size wp-block-paragraph\"><strong>Un delito que debe desaparecer<\/strong><\/p>\n\n\n\n<p class=\"wp-block-paragraph\">Congresos locales que se niegan no responden a la base de la sentencia de la SCJN cuyos los argumentos son relevantes porque generan un precedente para todas y todos los jueces de M\u00e9xico, tanto federales como locales para que en la resoluci\u00f3n de los casos consideren que las normas penales que criminalizan el aborto de manera absoluta (en todas las etapas de la gestaci\u00f3n) son inconstitucionales.<\/p>\n\n\n\n<p class=\"wp-block-paragraph\">Adem\u00e1s, los congresos del resto de los estados donde a\u00fan se restringe y castiga el aborto cuentan con criterios avalados por la SCJN para despenalizarlo.<\/p>\n\n\n\n<p class=\"wp-block-paragraph\">Uno de dichos criterios es el plazo de doce semanas para la interrupci\u00f3n del embarazo.&nbsp; Sin embargo, \u201cen el mundo no existe un consenso ni una regla jur\u00eddica general que afirme que la despenalizaci\u00f3n del aborto voluntario deba ce\u00f1irse a doce semanas\u201d (SCJN 2022:133). En Sinaloa (M\u00e9xico) se despenaliz\u00f3 hasta las 13 semanas,3 en Argentina hasta las 14 semanas y en Colombia hasta las 24 semanas de gestaci\u00f3n. La pregunta que explora este texto es c\u00f3mo las cortes y legislaturas diferentes llegaron a decisiones favorables a la despenalizaci\u00f3n del aborto con alcances diferentes en relaci\u00f3n con el n\u00famero de semanas adecuadas para interrumpir legalmente el embarazo. Para ello se analizaron las resoluciones sobre despenalizaci\u00f3n del aborto en tres casos: Colombia (24 semanas), Argentina (14 semanas) y M\u00e9xico (12 semanas y 13 semanas).<\/p>\n\n\n\n<p class=\"wp-block-paragraph\">&nbsp; El hallazgo principal consiste en que las instituciones que aprobaron la interrupci\u00f3n legal antes de las 14 semanas sustentaron argumentos en una perspectiva restrictiva sobre cu\u00e1ndo el Estado est\u00e1 justificado para proteger la vida en gestaci\u00f3n, mientras que los pa\u00edses que han transitado a las 24 semanas fundamentaron sus argumentos en las posibilidades reales de las mujeres para acceder a los servicios de salud reproductiva, principalmente las que viven en situaci\u00f3n de ruralidad y vulnerabilidad.<\/p>\n\n\n\n<p class=\"wp-block-paragraph\">&nbsp;Se argumenta que cuando el debate est\u00e1 centrado en los derechos de las mujeres las resoluciones son m\u00e1s garantistas y se otorgan m\u00e1s semanas de plazo para la reflexi\u00f3n, toma de decisi\u00f3n y posibilidades de acceso real a los servicios de salud para la interrupci\u00f3n legal del embarazo. En cambio, cuando la discusi\u00f3n jur\u00eddica permanece centrada en preguntas sobre la vida en gestaci\u00f3n y su protecci\u00f3n por parte del Estado, las decisiones de las instituciones son m\u00e1s restrictivas para las mujeres tomando como indicador el n\u00famero de semanas adecuadas para la interrupci\u00f3n legal del embarazo.<\/p>\n\n\n\n<p class=\"wp-block-paragraph\">El texto se estructura en cuatro partes. En la primera se analiza el contexto internacional sobre los plazos para la interrupci\u00f3n legal del embarazo, en la segunda se aborda el caso de Colombia (24 semanas), en la tercera el de Argentina (14 semanas) y en la cuarta el caso de M\u00e9xico (relativo a las 12 semanas. Para el caso de M\u00e9xico tambi\u00e9n se incluye el caso de Sinaloa que ampli\u00f3 de 12 a 13 semanas el plazo referido.<\/p>\n\n\n\n<p class=\"wp-block-paragraph\">Las fuentes de informaci\u00f3n fueron los documentos oficiales de las resoluciones judiciales o legislativas (sentencias, dict\u00e1menes y decretos) y las comparecencias de los casos referidos. A partir de ello, se observ\u00f3 que las cortes y legislaturas diferentes llegaron a decisiones favorables a la despenalizaci\u00f3n del aborto con argumentos semejantes, pero alcances diferentes en el n\u00famero de semanas que consideran adecuadas para la interrupci\u00f3n legal del embarazo.<\/p>\n\n\n\n<p class=\"wp-block-paragraph\">El estudio completo del INSTITUTO BELISARIO DOM\u00cdNGUEZ se puede consultar en la siguiente direcci\u00f3n: <a href=\"http:\/\/bibliodigitalibd.senado.gob.mx\/handle\/123456789\/5615\" target=\"_blank\" rel=\"noreferrer noopener\">http:\/\/bibliodigitalibd.senado.gob.mx\/handle\/123456789\/5615<\/a><\/p>\n\n\n\n<p class=\"wp-block-paragraph\">*La Autora: Investigadora B adscrita a la Direcci\u00f3n General de An\u00e1lisis Legislativo del Instituto Belisario Dom\u00ednguez del Senado de la Rep\u00fablica. Contacto: (55) 5722-4800, extensi\u00f3n 2044, lorena.vazquez@senado.gob.mx 1<\/p>\n","protected":false},"excerpt":{"rendered":"<p>En M\u00e9xico el derecho a la Interrupci\u00f3n Legal del Embarazo ILE est\u00e1 estancada, en la congeladora legislativa federal y el logro en los congresos locales de algunas entidades federativas es restrictivo aun.<\/p>\n","protected":false},"author":3,"featured_media":49768,"comment_status":"open","ping_status":"open","sticky":false,"template":"","format":"standard","meta":{"_monsterinsights_skip_tracking":false,"footnotes":""},"categories":[693,50],"tags":[],"class_list":["post-49766","post","type-post","status-publish","format-standard","has-post-thumbnail","category-693","category-congreso"],"_links":{"self":[{"href":"https:\/\/redsemlac.com\/semmexico\/wp-json\/wp\/v2\/posts\/49766","targetHints":{"allow":["GET"]}}],"collection":[{"href":"https:\/\/redsemlac.com\/semmexico\/wp-json\/wp\/v2\/posts"}],"about":[{"href":"https:\/\/redsemlac.com\/semmexico\/wp-json\/wp\/v2\/types\/post"}],"author":[{"embeddable":true,"href":"https:\/\/redsemlac.com\/semmexico\/wp-json\/wp\/v2\/users\/3"}],"replies":[{"embeddable":true,"href":"https:\/\/redsemlac.com\/semmexico\/wp-json\/wp\/v2\/comments?post=49766"}],"version-history":[{"count":0,"href":"https:\/\/redsemlac.com\/semmexico\/wp-json\/wp\/v2\/posts\/49766\/revisions"}],"wp:featuredmedia":[{"embeddable":true,"href":"https:\/\/redsemlac.com\/semmexico\/wp-json\/wp\/v2\/media\/49768"}],"wp:attachment":[{"href":"https:\/\/redsemlac.com\/semmexico\/wp-json\/wp\/v2\/media?parent=49766"}],"wp:term":[{"taxonomy":"category","embeddable":true,"href":"https:\/\/redsemlac.com\/semmexico\/wp-json\/wp\/v2\/categories?post=49766"},{"taxonomy":"post_tag","embeddable":true,"href":"https:\/\/redsemlac.com\/semmexico\/wp-json\/wp\/v2\/tags?post=49766"}],"curies":[{"name":"wp","href":"https:\/\/api.w.org\/{rel}","templated":true}]}}