{"id":4976,"date":"2018-11-08T19:20:36","date_gmt":"2018-11-08T19:20:36","guid":{"rendered":"https:\/\/redsemlac.com\/semmexico\/?p=4976"},"modified":"2023-07-21T14:34:15","modified_gmt":"2023-07-21T19:34:15","slug":"indigenas-no-somos-seres-humanos-vulnerables-ni-discapacitados","status":"publish","type":"post","link":"https:\/\/redsemlac.com\/semmexico\/indigenas-no-somos-seres-humanos-vulnerables-ni-discapacitados\/","title":{"rendered":"Ind\u00edgenas no somos seres humanos vulnerables ni discapacitados"},"content":{"rendered":"\n<p class=\"wp-block-paragraph\"><a href=\"https:\/\/www.semmexico.com\/gallery-post.php?id=6326#\">Redacci\u00f3n<\/a><\/p>\n\n\n\n<p class=\"wp-block-paragraph\">SemM\u00e9xico, Cd. de M\u00e9xico, 8 noviembre 2018.- Es errado suponer que el camino correcto hacia el desarrollo de los pueblos y comunidades ind\u00edgenas sea mediante una pol\u00edtica asistencialista o subsidiaria, se\u00f1al\u00f3 aqu\u00ed la diputada oaxaque\u00f1a Eufrosina Cruz Mendoza, ponente en el marco del M\u00f3dulo 9 de la Escuela Itinerante de los Derechos Humanos de Pueblos y Comunidades Ind\u00edgenas.<\/p>\n\n\n\n<p class=\"wp-block-paragraph\">Ante decenas de defensoras y defensores de los derechos humanos provenientes de diversos pueblos y comunidades ind\u00edgenas del pa\u00eds, dijo que esa pol\u00edtica es la que ha llevado a los pueblos a una vida de ignorancia y subsistencia, no de empoderamiento y desarrollo. Esa es la clave para romper con el paradigma de la pobreza, primera causa de la violaci\u00f3n a los derechos humanos de nuestros pueblos y comunidades.<\/p>\n\n\n\n<p class=\"wp-block-paragraph\">Cruz Mendoza expres\u00f3 que uno de los desaf\u00edos m\u00e1s grandes de nuestro tiempo es derribar los muros que separan el mundo ind\u00edgena del resto de la sociedad. \u201cY aqu\u00ed surge el primer desaf\u00edo para los defensores de los derechos humanos, pues dentro del propio espacio de los pueblos y las comunidades ocurren actos que son violatorios de los derechos humanos y de los derechos constitucionales, que quedan encubiertos bajo el velo de los llamados Usos y Costumbres\u201d.<\/p>\n\n\n\n<p class=\"wp-block-paragraph\">Luego asegur\u00f3 que el reto es doble y requiere de la comprensi\u00f3n y el respaldo de organismos como la CNDH, afirm\u00f3 ante la Cuarta Visitadora General de ese organismo, Er\u00e9ndira Cruzvillegas.<\/p>\n\n\n\n<p class=\"wp-block-paragraph\">Es tiempo de dejar atr\u00e1s esa visi\u00f3n paternalista que pone a las y los ind\u00edgenas en condici\u00f3n de seres vulnerables, agreg\u00f3 y asegur\u00f3 que \u201clas y los ind\u00edgenas no somos seres humanos vulnerables ni discapacitados; somos seres libres con iniciativa y con capacidades plenas\u201d.<\/p>\n\n\n\n<p class=\"wp-block-paragraph\">Buscamos y queremos herramientas para el empoderamiento de las mujeres, de los j\u00f3venes y para el desarrollo productivo autosustentable. Queremos romper el muro de cristal que nos separa del resto de las mexicanas y de los mexicanos y que nos presenta ante el mundo como museos itinerantes y no como seres humanos con plenos derechos.<\/p>\n\n\n\n<p class=\"wp-block-paragraph\">Previo a este evento, Cruz Mendoza particip\u00f3 tambi\u00e9n en el Cuarto Taller denominado \u201cLiderazgo en tiempos de transici\u00f3n\u201d, organizado por la asociaci\u00f3n de Abogadas MX, en donde estuvo acompa\u00f1ada y comparti\u00f3 reflexiones con personalidades como Alejandro Pinillos, CEO de Bonafont; Stacey Maris, Vicepresidenta de AT&amp;T; Mar\u00eda Ariza, Directora general de la Bolsa de Valores; y Paula Santilli, Presidenta de PEPSICO.<\/p>\n\n\n\n<p class=\"wp-block-paragraph\">SEM\/sj<br><\/p>\n","protected":false},"excerpt":{"rendered":"<p>Redacci\u00f3n SemM\u00e9xico, Cd. de M\u00e9xico, 8 noviembre 2018.- Es errado suponer que el camino correcto hacia el desarrollo de los pueblos y comunidades ind\u00edgenas sea mediante una pol\u00edtica asistencialista o subsidiaria, se\u00f1al\u00f3 aqu\u00ed la diputada oaxaque\u00f1a Eufrosina Cruz Mendoza, ponente en el marco del M\u00f3dulo 9 de la Escuela Itinerante de los Derechos Humanos de [&hellip;]<\/p>\n","protected":false},"author":3,"featured_media":4977,"comment_status":"open","ping_status":"open","sticky":false,"template":"","format":"standard","meta":{"_monsterinsights_skip_tracking":false,"footnotes":""},"categories":[689,50],"tags":[],"class_list":["post-4976","post","type-post","status-publish","format-standard","has-post-thumbnail","category-689","category-congreso"],"_links":{"self":[{"href":"https:\/\/redsemlac.com\/semmexico\/wp-json\/wp\/v2\/posts\/4976","targetHints":{"allow":["GET"]}}],"collection":[{"href":"https:\/\/redsemlac.com\/semmexico\/wp-json\/wp\/v2\/posts"}],"about":[{"href":"https:\/\/redsemlac.com\/semmexico\/wp-json\/wp\/v2\/types\/post"}],"author":[{"embeddable":true,"href":"https:\/\/redsemlac.com\/semmexico\/wp-json\/wp\/v2\/users\/3"}],"replies":[{"embeddable":true,"href":"https:\/\/redsemlac.com\/semmexico\/wp-json\/wp\/v2\/comments?post=4976"}],"version-history":[{"count":0,"href":"https:\/\/redsemlac.com\/semmexico\/wp-json\/wp\/v2\/posts\/4976\/revisions"}],"wp:featuredmedia":[{"embeddable":true,"href":"https:\/\/redsemlac.com\/semmexico\/wp-json\/wp\/v2\/media\/4977"}],"wp:attachment":[{"href":"https:\/\/redsemlac.com\/semmexico\/wp-json\/wp\/v2\/media?parent=4976"}],"wp:term":[{"taxonomy":"category","embeddable":true,"href":"https:\/\/redsemlac.com\/semmexico\/wp-json\/wp\/v2\/categories?post=4976"},{"taxonomy":"post_tag","embeddable":true,"href":"https:\/\/redsemlac.com\/semmexico\/wp-json\/wp\/v2\/tags?post=4976"}],"curies":[{"name":"wp","href":"https:\/\/api.w.org\/{rel}","templated":true}]}}