{"id":49758,"date":"2022-05-08T13:14:17","date_gmt":"2022-05-08T19:14:17","guid":{"rendered":"https:\/\/redsemlac.com\/semmexico\/?p=49758"},"modified":"2023-07-21T19:04:13","modified_gmt":"2023-07-22T00:04:13","slug":"alma-lilia-solo-trabajaba-y-la-mataron","status":"publish","type":"post","link":"https:\/\/redsemlac.com\/semmexico\/alma-lilia-solo-trabajaba-y-la-mataron\/","title":{"rendered":"Alma Lilia s\u00f3lo trabajaba y la mataron"},"content":{"rendered":"\n<p class=\"wp-block-paragraph\">Han pasado ocho meses, su familia tuvo que identificar su cuerpo violentado, hasta ahora alargar el proceso<\/p>\n\n\n\n<p class=\"wp-block-paragraph\">La fiscal\u00eda simplemente no avanza; su caso es ejemplo de decenas m\u00e1s sin justicia en Guerrero<\/p>\n\n\n\n<p class=\"wp-block-paragraph\">Rosalba Ram\u00edrez Hern\u00e1ndez<\/p>\n\n\n\n<p class=\"wp-block-paragraph\">SemM\u00e9xico\/EjeCentral, Guerrero, 8 de mayo, 2020.- &nbsp;Alma Lilia Zamarripa Salazar viaj\u00f3 al puerto de Acapulco por una oferta de trabajo. No viaj\u00f3 por vacaciones o a divertirse.<\/p>\n\n\n\n<p class=\"wp-block-paragraph\">El s\u00e1bado 4 de septiembre de 2021 tuvo una cita laboral con su jefe. Al d\u00eda siguiente, el domingo 5, ya no se volvi\u00f3 a comunicar con su madre, a quien le hab\u00eda dicho que no se preocupara, porque por la tarde regresar\u00eda a casa en Tlalnepantla, estado de M\u00e9xico.<\/p>\n\n\n\n<p class=\"wp-block-paragraph\">Nunca regres\u00f3. Le gustaba la m\u00fasica rock, ten\u00eda humor negro, y era bromista. Apenas cursaba los 30 a\u00f1os, era ingeniera civil y su meta era crecer. Viaj\u00f3 a Acapulco por negocios al ser contratada por la constructora de su jefe, a quien conoc\u00eda desde mucho.<\/p>\n\n\n\n<p class=\"wp-block-paragraph\">Su madre, quien pidi\u00f3 omitir su nombre, relat\u00f3 que su jefe le habl\u00f3 de un proyecto para construcci\u00f3n. Hab\u00eda una relaci\u00f3n laboral de cuatro a\u00f1os.<\/p>\n\n\n\n<p class=\"wp-block-paragraph\">Ese s\u00e1bado 4 de septiembre Alma Lilia estuvo con su jefe hasta media noche, horario en que fue cuando le quitaron la vida. \u201cEl domingo trat\u00e9 de comunicarme con ella y ya no contest\u00f3, fue cuando empec\u00e9 la b\u00fasqueda. Con todas mis hijas he tenido contacto de d\u00f3nde est\u00e1n, av\u00edsenme cuando lleguen, en donde y con qui\u00e9n est\u00e1n\u201d, relat\u00f3 su madre.<\/p>\n\n\n\n<p class=\"wp-block-paragraph\">El cuerpo de Alma Lilia fue encontrado sin vida durante la tarde del lunes 6 de septiembre en la colonia Playa Diamante del Boulevard de las Naciones, frente al CRIT Telet\u00f3n.<\/p>\n\n\n\n<p class=\"wp-block-paragraph\">Polic\u00edas Ministeriales encontraron a una mujer sin vida, con lesiones producidas por arma de fuego en la frente y golpes en cara. Su cuerpo yac\u00eda frente a un inmueble abandonado de Telmex, entre la maleza. As\u00ed, la \u00fanica l\u00ednea de investigaci\u00f3n que tiene la fiscal\u00eda de Guerrero, es que fue su jefe el presunto feminicida, quien actualmente se encuentra preso dentro del Centro de Reinserci\u00f3n Social de Acapulco, esperando la resoluci\u00f3n de un juez.<\/p>\n\n\n\n<div class=\"wp-block-image\"><figure class=\"aligncenter size-large\"><a href=\"https:\/\/redsemlac.com\/semmexico\/wp-content\/uploads\/2022\/05\/alma-lilia-02.jpg\"><img decoding=\"async\" src=\"https:\/\/redsemlac.com\/semmexico\/wp-content\/uploads\/2022\/05\/alma-lilia-02-1024x660.jpg\" alt=\"\" class=\"wp-image-49761\"\/><\/a><\/figure><\/div>\n\n\n\n<p class=\"wp-block-paragraph\"><strong>La tortuosa justicia<\/strong><\/p>\n\n\n\n<p class=\"wp-block-paragraph\">El pasado viernes 22 de abril, la familia de Alma Lilia viaj\u00f3 al Puerto de Acapulco, porque ten\u00edan programada una audiencia a la una de la tarde, que fue, por segunda ocasi\u00f3n, postergada por el juez del distrito. La familia ingres\u00f3 un amparo en enero del presente a\u00f1o y a la fecha no se le ha dado respuesta. \u201cMi hija desafortunadamente ya no est\u00e1 con nosotros y ya no se puede defender. Estoy desesperada\u201d, denunci\u00f3 la mam\u00e1 de Alma entre l\u00e1grimas, arropada por su esposo y otra de sus hijas.<\/p>\n\n\n\n<p class=\"wp-block-paragraph\">Pese a que no se ha dictado una sentencia, la familia de Alma Lilia est\u00e1 segura que el sospechoso es el culpable de su feminicidio, porque el 6 de septiembre por la ma\u00f1ana, dos d\u00edas despu\u00e9s de que tuvieron comunicaci\u00f3n con Alma Lilia, hablaron con el sospechoso, su jefe, porque sab\u00edan que estar\u00eda con \u00e9l<\/p>\n\n\n\n<p class=\"wp-block-paragraph\">La primera audiencia que les retrasaron fue el 4 de marzo, dos d\u00edas antes les llamaron para citarlos a una audiencia urgente, porque la defensa del imputado dijo que se hab\u00edan violado sus derechos humanos el desahogo de pruebas y en el juzgado se le concedi\u00f3. Por eso, se difiri\u00f3 la diligencia para el 4 de abril.<\/p>\n\n\n\n<p class=\"wp-block-paragraph\">La madre de Alma acudi\u00f3 al ministerio p\u00fablico de Tabares, en donde le informaron que de un d\u00eda para otro el caso por el asesinato de su hija ya no lo llevaban ellos sino homicidios. Al trasladarse a las nuevas oficinas, la respuesta fue que s\u00f3lo revisaban el caso, porque tal vez lo llevar\u00eda el \u00e1rea de feminicidios, porque se dictamin\u00f3 como un feminicidio. \u201cTrate de comunicarme con la gobernadora de Guerrero (Evelyn Salgado Pineda), pero era diciembre y fue uno de sus secretarios quien me habl\u00f3 y (dijo) que la carpeta la llevaba feminicidios, hasta ah\u00ed fue el apoyo\u201d, describi\u00f3 en entrevista con eje central.<\/p>\n\n\n\n<p class=\"has-medium-font-size wp-block-paragraph\">Pese a que no se ha dictado una sentencia, la familia de Alma Lilia est\u00e1 segura que el sospechoso es el culpable de su feminicidio, porque el 6 de septiembre por la ma\u00f1ana, dos d\u00edas despu\u00e9s de que tuvieron comunicaci\u00f3n con Alma Lilia, hablaron con el sospechoso, su jefe, porque sab\u00edan que estar\u00eda con \u00e9l. Al momento de preguntarle si sab\u00eda algo de Alma Lilia, relataron los familiares, \u00e9l neg\u00f3 haberla visto. De hecho, dijo que ten\u00eda dos semanas de que no hablaba con ella, pero cuando fue llamado a declarar fue cuando acept\u00f3 que s\u00ed hab\u00eda estado con Alma Lilia.<\/p>\n\n\n\n<p class=\"wp-block-paragraph\">\u201cMi hermana siempre fue una persona muy dedicada a su trabajo, por eso siempre estaba dispuesta a viajar a d\u00f3nde le dieran una oportunidad de crecer\u201d, cuenta la hermana menor de Alma Lilia.<\/p>\n\n\n\n<p class=\"wp-block-paragraph\">La familia ahora s\u00f3lo espera justicia, pero ya van ocho meses y esa justicia no llega. Lo terrible, narr\u00f3 su madre, es vivir con su ausencia: \u201cPara m\u00ed nunca va a dejar de vivir, qui\u00e9n me la arrebat\u00f3 dej\u00f3 un hueco muy grande, pero sigue conmigo. No la veo, no la toco, no la beso, no la abrazo, no la rega\u00f1o, no sonre\u00edmos juntas, no la tengo conmigo para decirle buenos d\u00edas solecito, ya amaneci\u00f3\u201d.<\/p>\n\n\n\n<div class=\"wp-block-image\"><figure class=\"aligncenter size-full\"><a href=\"https:\/\/redsemlac.com\/semmexico\/wp-content\/uploads\/2022\/05\/alma-lilia-03.jpg\"><img loading=\"lazy\" decoding=\"async\" width=\"600\" height=\"400\" src=\"https:\/\/redsemlac.com\/semmexico\/wp-content\/uploads\/2022\/05\/alma-lilia-03.jpg\" alt=\"\" class=\"wp-image-49762\"\/><\/a><\/figure><\/div>\n\n\n\n<p class=\"wp-block-paragraph\"><strong>Las protestas<\/strong><\/p>\n\n\n\n<p class=\"wp-block-paragraph\">Durante el D\u00eda contra la Violencia hacia las mujeres y tres d\u00edas posteriores, se registraron protestas, marchas y un memorial de las mujeres desaparecidas y asesinadas, esto, en Acapulco, Chilpancingo, Tlapa, San Marcos y Zihuatanejo que exigieron un alto a los feminicidios que han causado tanto dolor en Guerrero y el resto del pa\u00eds.<\/p>\n\n\n\n<p class=\"wp-block-paragraph\">Durante las protestas en Chilpancingo, colectivos feministas exigieron justicia a las autoridades por el asesinato de Adelina Cruz, trabajadora del Ayuntamiento de Chilpancingo, adscrita al \u00e1rea de limpieza de la Secretar\u00eda de Salud Municipal.<\/p>\n\n\n\n<p class=\"wp-block-paragraph\">El viernes y tras una semana de estar hospitalizada, muri\u00f3 Adelina de la Cruz, v\u00edctima de disparos de arma de fuego y diversos golpes en el cuerpo. Sali\u00f3 a una fiesta en Mexcala, y al otro d\u00eda fue abandonada en una poblaci\u00f3n severamente golpeada, y con un balazo en la cabeza. Su voz es inolvidable, dicen compa\u00f1eras del trabajo. \u201cNos culpan por querer salir a divertirnos cuando tenemos derecho\u201d.<\/p>\n\n\n\n<p class=\"wp-block-paragraph\">La marcha en Chilpancingo tambi\u00e9n se uni\u00f3 a la existencia de justicia y esclarecimiento por el feminicidio de Debanhi Escobar, de 18 a\u00f1os, cuyo cuerpo fue encontrado el jueves por la noche en la cisterna de un motel en Nuevo Le\u00f3n.<\/p>\n\n\n\n<p class=\"wp-block-paragraph\">Feminicidios, una emergencia nacional<\/p>\n\n\n\n<p class=\"wp-block-paragraph\">Al d\u00eda siguiente, el domingo, en Acapulco, colectivos feministas realizaron un memorial por las mujeres asesinadas y desaparecidas en Acapulco, Guerrero y el pa\u00eds. En el acceso al parque Papagayo colocaron im\u00e1genes de ni\u00f1as y mujeres, sus fichas de desaparici\u00f3n emitidas por la Fiscal\u00eda y otras, la informaci\u00f3n de que fueron asesinadas o abusadas sexualmente.<\/p>\n\n\n\n<p class=\"wp-block-paragraph\">Cuantificaron que en este lapso m\u00e1s de 20 mujeres se encuentran no localizadas en el estado, lo que calificaron como una emergencia nacional porque los feminicidios y las desapariciones \u201cse est\u00e1n desbordando\u201d. En el lugar, recordaron que este fin de semana se registraron dos feminicidios en el municipio de Tlapa, regi\u00f3n de la Monta\u00f1a de Guerrero, cometidos contra una adolescente de 15 a\u00f1os y una se\u00f1ora de 40.<\/p>\n\n\n\n<p class=\"wp-block-paragraph\">Las feministas se\u00f1alaron que las desapariciones son cada vez de menores de edad pero que no hay pol\u00edticas p\u00fablicas para contrarrestarlo. Alertaron que mujeres han desaparecido incluso despu\u00e9s de acudir a marchar o protestar contra la violencia de g\u00e9nero. \u201cTenemos muchos problemas. Tenemos acoso por los violentadores, pero tampoco nos sentimos seguras por la parte institucional\u201d, dijeron en el lugar.<\/p>\n","protected":false},"excerpt":{"rendered":"<p>Alma Lilia Zamarripa Salazar viaj\u00f3 al puerto de Acapulco por una oferta de trabajo. Han pasado ocho meses, su familia tuvo que identificar su cuerpo violentado, hasta ahora alargar el proceso<\/p>\n","protected":false},"author":3,"featured_media":49760,"comment_status":"open","ping_status":"open","sticky":false,"template":"","format":"standard","meta":{"_monsterinsights_skip_tracking":false,"footnotes":""},"categories":[693,54],"tags":[],"class_list":["post-49758","post","type-post","status-publish","format-standard","has-post-thumbnail","category-693","category-mujeres"],"_links":{"self":[{"href":"https:\/\/redsemlac.com\/semmexico\/wp-json\/wp\/v2\/posts\/49758","targetHints":{"allow":["GET"]}}],"collection":[{"href":"https:\/\/redsemlac.com\/semmexico\/wp-json\/wp\/v2\/posts"}],"about":[{"href":"https:\/\/redsemlac.com\/semmexico\/wp-json\/wp\/v2\/types\/post"}],"author":[{"embeddable":true,"href":"https:\/\/redsemlac.com\/semmexico\/wp-json\/wp\/v2\/users\/3"}],"replies":[{"embeddable":true,"href":"https:\/\/redsemlac.com\/semmexico\/wp-json\/wp\/v2\/comments?post=49758"}],"version-history":[{"count":0,"href":"https:\/\/redsemlac.com\/semmexico\/wp-json\/wp\/v2\/posts\/49758\/revisions"}],"wp:featuredmedia":[{"embeddable":true,"href":"https:\/\/redsemlac.com\/semmexico\/wp-json\/wp\/v2\/media\/49760"}],"wp:attachment":[{"href":"https:\/\/redsemlac.com\/semmexico\/wp-json\/wp\/v2\/media?parent=49758"}],"wp:term":[{"taxonomy":"category","embeddable":true,"href":"https:\/\/redsemlac.com\/semmexico\/wp-json\/wp\/v2\/categories?post=49758"},{"taxonomy":"post_tag","embeddable":true,"href":"https:\/\/redsemlac.com\/semmexico\/wp-json\/wp\/v2\/tags?post=49758"}],"curies":[{"name":"wp","href":"https:\/\/api.w.org\/{rel}","templated":true}]}}