{"id":49752,"date":"2022-05-08T12:25:28","date_gmt":"2022-05-08T18:25:28","guid":{"rendered":"https:\/\/redsemlac.com\/semmexico\/?p=49752"},"modified":"2023-07-21T19:04:13","modified_gmt":"2023-07-22T00:04:13","slug":"comision-especial-del-senado-revisara-normas-programas-y-protocolos-para-enfrentar-feminicidios","status":"publish","type":"post","link":"https:\/\/redsemlac.com\/semmexico\/comision-especial-del-senado-revisara-normas-programas-y-protocolos-para-enfrentar-feminicidios\/","title":{"rendered":"Comisi\u00f3n Especial del Senado revisar\u00e1 normas, programas y protocolos para enfrentar feminicidios"},"content":{"rendered":"\n<p class=\"wp-block-paragraph\">Busca homologar el marco jur\u00eddico federal en las 32 entidades, a fin&nbsp;de armonizar todos los tipos de violencia contra las mujeres&nbsp;<\/p>\n\n\n\n<p class=\"wp-block-paragraph\">Redacci\u00f3n<\/p>\n\n\n\n<p class=\"wp-block-paragraph\">SemM\u00e9xico, Cd. de M\u00e9xico, 8 de mayo, 2022.- En la \u00faltima d\u00e9cada, los feminicidios se han incrementado en nuestro pa\u00eds, las estad\u00edsticas oficiales y de diversos organismos no gubernamentales muestran que las v\u00edctimas no son \u00fanicamente mujeres adultas, sino tambi\u00e9n ni\u00f1as y adolescentes. &nbsp;<\/p>\n\n\n\n<p class=\"wp-block-paragraph\">Ante este panorama, la Comisi\u00f3n Especial encargada de dar seguimiento a estos casos, que preside la senadora Gabriela L\u00f3pez G\u00f3mez, impulsar\u00e1 la revisi\u00f3n de normas, programas y protocolos de actuaci\u00f3n para enfrentar este fen\u00f3meno que lacera el tejido social. &nbsp;<\/p>\n\n\n\n<p class=\"wp-block-paragraph\">De acuerdo con su Programa de Trabajo 2022-2023, est\u00e9 \u00f3rgano del Senado promover\u00e1 la homologaci\u00f3n del marco jur\u00eddico federal en las 32 entidades federativas, a fin de armonizar todos los tipos de violencia contra las mujeres, incluidos el feminicidio y la violencia feminicida, establecidos en la Ley General de Acceso de las Mujeres a una Vida Libre de Violencia y en el C\u00f3digo Penal Federal.&nbsp;<\/p>\n\n\n\n<p class=\"wp-block-paragraph\">En el documento, publicado en la Gaceta del pasado 27 de abril, las y los integrantes de la Comisi\u00f3n Especial destacaron que \u201cestamos frente a un fen\u00f3meno que lacera el tejido social de manera trascendente, al cambiar dr\u00e1sticamente la vida de las familias afectadas, que se enfrentan, en la mayor\u00eda de los casos, a la indolencia, la negligencia y al desinter\u00e9s de las autoridades competentes, lo cual conduce a que prevalezca la impunidad\u201d.&nbsp;<\/p>\n\n\n\n<p class=\"wp-block-paragraph\">Por ello, no s\u00f3lo impulsar\u00e1 mecanismos de coordinaci\u00f3n con los actores responsables, para estandarizar los protocolos de actuaci\u00f3n y lineamientos de las instituciones, sino tambi\u00e9n la estandarizaci\u00f3n de los protocolos de actuaci\u00f3n de las instituciones de procuraci\u00f3n e impartici\u00f3n de justicia, a fin de reducir la impunidad, y mejorar la prestaci\u00f3n de servicios y atenci\u00f3n para mujeres y ni\u00f1as v\u00edctimas de violencia.&nbsp;<\/p>\n\n\n\n<p class=\"wp-block-paragraph\">En el Programa de Trabajo tambi\u00e9n se expone que el crecimiento exponencial del feminicidio llev\u00f3 a que, en 2020, el Senado conformara la Comisi\u00f3n Especial encargada de dar seguimiento a los casos de feminicidios de ni\u00f1as y adolescentes.&nbsp;<\/p>\n\n\n\n<p class=\"wp-block-paragraph\">Lo anterior, con el objetivo de llevar a cabo acciones para conocer todas las esferas del delito y sus causas, identificar cada una de las aristas de la violencia, y poder, en consecuencia, delinear legislativamente la actuaci\u00f3n de las autoridades competentes e involucradas en la investigaci\u00f3n de dichos il\u00edcitos, que permita el combate efectivo del feminicidio y la erradicaci\u00f3n de las violencias que llevan a tan cruel desenlace.&nbsp;<\/p>\n\n\n\n<p class=\"wp-block-paragraph\">As\u00ed, las y los integrantes de esta Comisi\u00f3n tambi\u00e9n establecer\u00e1n alianzas con universidades, organismos nacionales e internacionales en la materia, para adoptar mejores pr\u00e1cticas, enriquecer y fortalecer la pol\u00edtica p\u00fablica nacional que garantice la protecci\u00f3n y el respeto a los derechos humanos de ni\u00f1as, adolescentes y mujeres. &nbsp;<\/p>\n\n\n\n<p class=\"wp-block-paragraph\">Adem\u00e1s de entablar un di\u00e1logo permanente con los Ejecutivos de las entidades federativas con mayor \u00edndice de feminicidio, con el objeto de conocer las medidas que se est\u00e1n implementando para atender esta problem\u00e1tica y as\u00ed buscar la forma de fortalecerlas o mejorarlas a nivel estatal.&nbsp;<\/p>\n","protected":false},"excerpt":{"rendered":"<p>Busca homologar el marco jur\u00eddico federal en las 32 entidades, a fin\u00a0de armonizar todos los tipos de violencia contra las mujeres.<\/p>\n","protected":false},"author":3,"featured_media":49753,"comment_status":"open","ping_status":"open","sticky":false,"template":"","format":"standard","meta":{"_monsterinsights_skip_tracking":false,"footnotes":""},"categories":[693,50],"tags":[],"class_list":["post-49752","post","type-post","status-publish","format-standard","has-post-thumbnail","category-693","category-congreso"],"_links":{"self":[{"href":"https:\/\/redsemlac.com\/semmexico\/wp-json\/wp\/v2\/posts\/49752","targetHints":{"allow":["GET"]}}],"collection":[{"href":"https:\/\/redsemlac.com\/semmexico\/wp-json\/wp\/v2\/posts"}],"about":[{"href":"https:\/\/redsemlac.com\/semmexico\/wp-json\/wp\/v2\/types\/post"}],"author":[{"embeddable":true,"href":"https:\/\/redsemlac.com\/semmexico\/wp-json\/wp\/v2\/users\/3"}],"replies":[{"embeddable":true,"href":"https:\/\/redsemlac.com\/semmexico\/wp-json\/wp\/v2\/comments?post=49752"}],"version-history":[{"count":0,"href":"https:\/\/redsemlac.com\/semmexico\/wp-json\/wp\/v2\/posts\/49752\/revisions"}],"wp:featuredmedia":[{"embeddable":true,"href":"https:\/\/redsemlac.com\/semmexico\/wp-json\/wp\/v2\/media\/49753"}],"wp:attachment":[{"href":"https:\/\/redsemlac.com\/semmexico\/wp-json\/wp\/v2\/media?parent=49752"}],"wp:term":[{"taxonomy":"category","embeddable":true,"href":"https:\/\/redsemlac.com\/semmexico\/wp-json\/wp\/v2\/categories?post=49752"},{"taxonomy":"post_tag","embeddable":true,"href":"https:\/\/redsemlac.com\/semmexico\/wp-json\/wp\/v2\/tags?post=49752"}],"curies":[{"name":"wp","href":"https:\/\/api.w.org\/{rel}","templated":true}]}}