{"id":49736,"date":"2022-05-07T16:21:12","date_gmt":"2022-05-07T22:21:12","guid":{"rendered":"https:\/\/redsemlac.com\/semmexico\/?p=49736"},"modified":"2023-07-21T19:04:14","modified_gmt":"2023-07-22T00:04:14","slug":"pernocta-caravana-de-madres-en-las-patronas-en-amatlan-veracruz","status":"publish","type":"post","link":"https:\/\/redsemlac.com\/semmexico\/pernocta-caravana-de-madres-en-las-patronas-en-amatlan-veracruz\/","title":{"rendered":"Pernocta Caravana de madres en Las Patronas en Amatl\u00e1n, Veracruz."},"content":{"rendered":"\n<p class=\"wp-block-paragraph\">Contin\u00faan su marcha por la entidad y paran por el puerto para seguir al norte<\/p>\n\n\n\n<p class=\"wp-block-paragraph\">Su lucha ha rescatado a 370 personas vivas en c\u00e1rceles, tugurios o redes de trata.<\/p>\n\n\n\n<p class=\"wp-block-paragraph\">Redacci\u00f3n<\/p>\n\n\n\n<p class=\"wp-block-paragraph\">SemM\u00e9xico\/BillieParkerNoticias, Xalapa, Veracruz, 7 de mayo 2022.- 06\/05\/2022\/ Amatl\u00e1n, de los Reyes. &#8211; Las madres del Movimiento Migrantes Mesoamericano pernoctaron en el albergue de\u201d Las Patronas\u201d en el municipio de Amatl\u00e1n de Los Reyes durante la tarde del jueves; el viernes llegaron al Puerto de Veracruz, y contin\u00faan su marcha.<\/p>\n\n\n\n<p class=\"wp-block-paragraph\">La decimosexta caravana de madres de migrantes desaparecidos y desaparecidas fue nombrada en sete 2022 \u201cNunca nos hemos ido\u201d, como un reconocimiento homenaje a Marta S\u00e1nchez Soler fundadora de este movimiento.<\/p>\n\n\n\n<p class=\"wp-block-paragraph\">Es de notar que, en esta edici\u00f3n de la Caravana, nos acompa\u00f1an hermanas y hermanos de los desaparecidos, as\u00ed tambi\u00e9n padres, no solamente madres.<\/p>\n\n\n\n<p class=\"wp-block-paragraph\">La Caravana busca visibilizar los Derechos Humanos de las y los Migrantes y las violaciones que sufren en su tr\u00e1nsito por M\u00e9xico. Las y Los Migrantes Centroamericanos que son expulsados de sus pa\u00edses por razones de pobreza, violencia y de cambio clim\u00e1tico hacen su llegada por el Estado de Chiapas, y en otras ocasiones por la frontera del Estado de Tabasco; la pol\u00edtica migratoria de M\u00e9xico se ha endurecido y ha sido dif\u00edcil para ellas y ellos transitar para llegar a la frontera norte, el cual es su objetivo.<\/p>\n\n\n\n<p class=\"wp-block-paragraph\">Las y los integrantes de la XVI Caravana de Madres de Centroamericanas que buscan a sus hijos e hijas desaparecidas cruzaron el pasado dos de mayo la garita en el Rio Suchiate para internarse por Ciudad Hidalgo, Chiapas, llegaron a Tapachula, donde marcharon del Parque Central Miguel Hidalgo al Parque Bicentenario, en donde realizaron un acto simb\u00f3lico en el cual una representante de cada uno de los pa\u00edses que integran la Caravana.<\/p>\n\n\n\n<p class=\"wp-block-paragraph\">Ah\u00ed madres y familiares de: El Salvador, Honduras y Guatemala, explicaron las razones por las que est\u00e1n en M\u00e9xico, ya que est\u00e1n buscando a sus hijos e hijas, porque los aman, porque buscan justicia y exigen sus derechos.<\/p>\n\n\n\n<p class=\"wp-block-paragraph\">Posteriormente, la Caravana se traslad\u00f3 al Centro de Derechos Humanos Fray Mat\u00edas de C\u00f3rdova, A.C., en la Ciudad de Tapachula, donde se llev\u00f3 una rueda de prensa y un conversatorio entre Organizaciones para arribar al estado de Veracruz donde han visitado Amatl\u00e1n, y el puerto de Veracruz.<\/p>\n\n\n\n<p class=\"wp-block-paragraph\">Junto con Las Patronas y el Colectivo Madres Luna, en las cercan\u00edas de C\u00f3rdoba, Veracruz, se desarroll\u00f3 un emotivo conversatorio entre las Madres mexicanas y las 47 Madres y familiares centroamericanos que buscan a sus hijas e hijos desparecidos.<\/p>\n\n\n\n<p class=\"wp-block-paragraph\">En Amatl\u00e1n pasaron la noche y desayunaron antes de un encuentro para dialogar con las activistas de Las patronas. Al terminar el encuentro y despu\u00e9s de agradecer su hospitalidad, la Caravana se despidi\u00f3 de forma emotiva. Norma Romero, coordinadora, y las dem\u00e1s voluntarias les desearon fuerza y \u00e9xito para el resto de los d\u00edas en los que recorrer\u00e1n M\u00e9xico en busca de sus hijos.<\/p>\n\n\n\n<p class=\"wp-block-paragraph\">Destac\u00f3 la presencia de La fundadora de \u201cLas Patronas\u201d la Sra. Leonila V\u00e1zquez, \u201cMam\u00e1 Leo\u201d, con la presidenta del MMM, Tal\u00eda V\u00e1zquez, quien agradeci\u00f3 la ayuda y solidaridad no s\u00f3lo al recibir a la Caravana, sino por la defensa de los derechos de las y los #migrantes. Acciones que ambas comparten.<\/p>\n\n\n\n<p class=\"wp-block-paragraph\">En el Puerto De Veracruz, se llev\u00f3 a cabo un taller impartido por la CNDH a cargo de Hilda T\u00e9llez L, Tercera Visitadora General; donde se explic\u00f3 a las madres y padres centroamericanos los derechos que poseen las y los migrantes y la manera en que la CNDH puede ayudarlos.<\/p>\n\n\n\n<p class=\"wp-block-paragraph\">Se tienen programados tres encuentros en esta caravana que inicio desde el pasado 1 de mayo hasta el 12 mayo y que recorrer\u00e1n varios estados, visibilizando a sus desaparecidos.<\/p>\n\n\n\n<p class=\"wp-block-paragraph\">El jueves ya se realizaron dos encuentros, uno en el penal de m\u00e1xima seguridad en Tapachula, Chiapas y otro en el penal de Coatzacoalcos, donde se logr\u00f3 el reencuentro de Kevin Josu\u00e9 Caballero con su mam\u00e1 y esperan que en pr\u00f3ximos d\u00edas salga del penal tras haber ya cumplido su condena por lo que podr\u00eda regresar con ellos.<\/p>\n\n\n\n<p class=\"wp-block-paragraph\">Para el pr\u00f3ximo d\u00eda 12 se tiene previsto otro encuentro en Reynosa, Tamaulipas, con una ind\u00edgena guatemalteca identificada como Juanita, donde intervino la Comisi\u00f3n Nacional de Derechos Humanos para evidenciar todas las injusticias y violaciones a sus derechos de la e persona mayaparlante,\u201d y yo creo que a Juanita la vamos a poder sacar r\u00e1pido gracias a la intervenci\u00f3n de la Comisi\u00f3n\u201d, adelant\u00f3 Tal\u00eda V\u00e1zquez.<\/p>\n\n\n\n<p class=\"wp-block-paragraph\">Este fin de semana continuaron su trayecto hacia el puerto de Veracruz, donde realizar\u00e1n una marcha a las 18:30 horas y un encuentro con personal de la CNDH.<\/p>\n\n\n\n<p class=\"wp-block-paragraph\">Por otro lado, comentaron el endurecimiento de las medidas migratorias ha obligado al migrante a tomar rutas alternas en la que se exponen a grupos delincuenciales y de trata de personas, en todas las caravanas ha logrado encontrar 370 personas vivas en c\u00e1rceles, tugurios o redes de trata.<\/p>\n","protected":false},"excerpt":{"rendered":"<p>Las madres del Movimiento Migrantes Mesoamericano pernoctaron en el albergue de\u201d Las Patronas\u201d en el municipio de Amatl\u00e1n de Los Reyes durante la tarde del jueves; el viernes llegaron al Puerto de Veracruz, y contin\u00faan su marcha.<\/p>\n","protected":false},"author":3,"featured_media":49737,"comment_status":"open","ping_status":"open","sticky":false,"template":"","format":"standard","meta":{"_monsterinsights_skip_tracking":false,"footnotes":""},"categories":[693,54],"tags":[],"class_list":["post-49736","post","type-post","status-publish","format-standard","has-post-thumbnail","category-693","category-mujeres"],"_links":{"self":[{"href":"https:\/\/redsemlac.com\/semmexico\/wp-json\/wp\/v2\/posts\/49736","targetHints":{"allow":["GET"]}}],"collection":[{"href":"https:\/\/redsemlac.com\/semmexico\/wp-json\/wp\/v2\/posts"}],"about":[{"href":"https:\/\/redsemlac.com\/semmexico\/wp-json\/wp\/v2\/types\/post"}],"author":[{"embeddable":true,"href":"https:\/\/redsemlac.com\/semmexico\/wp-json\/wp\/v2\/users\/3"}],"replies":[{"embeddable":true,"href":"https:\/\/redsemlac.com\/semmexico\/wp-json\/wp\/v2\/comments?post=49736"}],"version-history":[{"count":0,"href":"https:\/\/redsemlac.com\/semmexico\/wp-json\/wp\/v2\/posts\/49736\/revisions"}],"wp:featuredmedia":[{"embeddable":true,"href":"https:\/\/redsemlac.com\/semmexico\/wp-json\/wp\/v2\/media\/49737"}],"wp:attachment":[{"href":"https:\/\/redsemlac.com\/semmexico\/wp-json\/wp\/v2\/media?parent=49736"}],"wp:term":[{"taxonomy":"category","embeddable":true,"href":"https:\/\/redsemlac.com\/semmexico\/wp-json\/wp\/v2\/categories?post=49736"},{"taxonomy":"post_tag","embeddable":true,"href":"https:\/\/redsemlac.com\/semmexico\/wp-json\/wp\/v2\/tags?post=49736"}],"curies":[{"name":"wp","href":"https:\/\/api.w.org\/{rel}","templated":true}]}}