{"id":4973,"date":"2018-11-13T19:18:19","date_gmt":"2018-11-13T19:18:19","guid":{"rendered":"https:\/\/redsemlac.com\/semmexico\/?p=4973"},"modified":"2023-07-21T14:34:14","modified_gmt":"2023-07-21T19:34:14","slug":"pan-prd-ni-pvem-tendran-bancada","status":"publish","type":"post","link":"https:\/\/redsemlac.com\/semmexico\/pan-prd-ni-pvem-tendran-bancada\/","title":{"rendered":"PAN, PRD ni PVEM tendr\u00e1n bancada"},"content":{"rendered":"\n<p class=\"wp-block-paragraph\"><a href=\"https:\/\/www.semmexico.com\/gallery-post.php?id=6359#\">Redacci\u00f3n<\/a><\/p>\n\n\n\n<p class=\"wp-block-paragraph\"><strong>Patricia Brise\u00f1o\/Soledad&nbsp;Jarqu\u00edn<\/strong><\/p>\n\n\n\n<p class=\"wp-block-paragraph\">SemM\u00e9xico.&nbsp;Oaxaca. 13 noviembre 2018.- Este martes 13, cabal\u00edstico, tom\u00f3 protesta la nueva diputaci\u00f3n local, es decir, la LXIV Legislatura del Estado de Oaxaca, por primera vez compuesta por una mayor\u00eda de mujeres: 12 diputadas electas por mayor\u00eda relativa y 11 por el principio&nbsp;de representaci\u00f3n proporcional y, la otra noticia, es que por primera vez un partido distinto al PRI tendr\u00e1 la mayor\u00eda, adem\u00e1s de que ni el PAN, PRD ni PVEM tendr\u00e1n bancada.<\/p>\n\n\n\n<p class=\"wp-block-paragraph\">En total este d\u00eda asumieron 23 mujeres y 19 hombres como diputados locales, electos en el proceso electoral 2017-2018, en el que participaron 347 mujeres en&nbsp;busca&nbsp;de una curul por ambas f\u00f3rmulas.<\/p>\n\n\n\n<p class=\"wp-block-paragraph\">Sin embargo, una sola mujer ser\u00e1 coordinadora de la bancada m\u00e1s numerosa: la de Morena con 20 diputadas y diputados.<\/p>\n\n\n\n<p class=\"wp-block-paragraph\">Por Morena:&nbsp;Laura Estrada Mauro, ser\u00e1 la coordinadora de la bancada;&nbsp;Juana Aguilar Espinosa, Elena Cuevas Hern\u00e1ndez, Elisa Zepeda Lagunas,Hilda Graciela P\u00e9rez Luis,&nbsp;&nbsp;Leticia Socorro Collado Soto,&nbsp;Karina Espino Carmona,&nbsp;Delfina Elizabeth Guzm\u00e1n D\u00edaz,&nbsp;Magaly L\u00f3pez Dom\u00ednguez,&nbsp;In\u00e9s Leal Pel\u00e1ez&nbsp;y Griselda Sosa.<\/p>\n\n\n\n<p class=\"wp-block-paragraph\">PES: Gloria S\u00e1nchez L\u00f3pez,&nbsp;Aleyda&nbsp;Tonely&nbsp;Serrano Rosado.<\/p>\n\n\n\n<p class=\"wp-block-paragraph\">PT: Migdalia Espinosa,&nbsp;Roc\u00edo Machuca Rojas,&nbsp;<\/p>\n\n\n\n<p class=\"wp-block-paragraph\">PRD:&nbsp;Elim&nbsp;Antonio Aquino.<\/p>\n\n\n\n<p class=\"wp-block-paragraph\">PRI: Lilia Arcelia Mendoza Cruz,&nbsp;Yarith&nbsp;Tannos, Magda Isabel Rend\u00f3n Tirado,&nbsp;<\/p>\n\n\n\n<p class=\"wp-block-paragraph\">PVEM: Aurora Bertha L\u00f3pez Acevedo<\/p>\n\n\n\n<p class=\"wp-block-paragraph\">PANAL: Victoria Cruz Villar<\/p>\n\n\n\n<p class=\"wp-block-paragraph\">PAN: Mar\u00eda de Jes\u00fas Mendoza S\u00e1nchez<\/p>\n\n\n\n<p class=\"wp-block-paragraph\">En entrevista para&nbsp;SemM\u00e9xico, la diputada Elisa Zepeda Lagunas, anunci\u00f3 que la bancada de Morena acord\u00f3 impulsar la&nbsp;Ley Estatal de Austeridad, para \u201cterminar &nbsp;con el derroche del dinero p\u00fablico\u201d.<\/p>\n\n\n\n<p class=\"wp-block-paragraph\">Elisa Zepeda Lagunas adelant\u00f3 que sus compa\u00f1eros afinan la iniciativa para reducir a la mitad los recursos p\u00fablicos de los partidos pol\u00edticos con registro local, dietas y gastos personales de los integrantes de los poderes&nbsp;Ejecutivo, Legislativo y Judicial, adem\u00e1s de los organismos aut\u00f3nomos, entre otros.<\/p>\n\n\n\n<p class=\"wp-block-paragraph\">La nueva fracci\u00f3n de Morena, que entrar\u00e1 en funciones en la segunda quincena de noviembre, no descarta contar con el&nbsp; apoyo&nbsp;de los seis legisladores del PT&nbsp;y&nbsp; tres de Encuentro Social con los que integr\u00f3 la coalici\u00f3n Juntos Haremos Historia.<\/p>\n\n\n\n<p class=\"wp-block-paragraph\">Sostuvo que es un reclamo de la ciudadan\u00eda el que los partidos pol\u00edticos tengan \u201ccartera ancha\u201d, por lo que vamos por la reducci\u00f3n del 50 por ciento de las prerrogativas.<\/p>\n\n\n\n<p class=\"wp-block-paragraph\">La&nbsp;ex&nbsp;presidenta municipal de&nbsp;Eloxochitl\u00e1n&nbsp;de Flores Mag\u00f3n mencion\u00f3 que en los municipios de alta y muy marginaci\u00f3n, los alcaldes &nbsp;realizan su gesti\u00f3n con escasos recursos, por lo que ahora corresponde a los partidos hacer pol\u00edtica en la austeridad.<\/p>\n\n\n\n<p class=\"wp-block-paragraph\">Protesta<\/p>\n\n\n\n<p class=\"wp-block-paragraph\">Esta ma\u00f1ana, cientos de profesores de la Coordinadora Nacional de Trabajadores de la Educaci\u00f3n (CNTE) marcharon hoy con destino al Congreso del Estado donde&nbsp;se instal\u00f3&nbsp;la nueva legislatura.<\/p>\n\n\n\n<p class=\"wp-block-paragraph\">El contingente liderado por la comisi\u00f3n pol\u00edtica magisterial&nbsp;entreg\u00f3&nbsp;un documento con sus demandas, entre ellas, la abrogaci\u00f3n de la reforma educativa,vigente en Oaxaca, desde julio de 2015.<\/p>\n\n\n\n<p class=\"wp-block-paragraph\">La marcha magisterial se encontr\u00f3 con un&nbsp;cerco&nbsp; de polic\u00edas antimotines tendido cerca del Congreso,&nbsp;&nbsp;lo que impidi\u00f3 su llegada, algunos mentores pretendieron romper&nbsp;valla policial.<\/p>\n\n\n\n<p class=\"wp-block-paragraph\">La protestas en la que, adem\u00e1s de cientos de profesores, participan integrantes de un pu\u00f1ado de organizaciones sociales afines a la causa magisterial, parti\u00f3 la ma\u00f1ana de este martes del monumento a Benito Ju\u00e1rez en la carretera Oaxaca-Zaachila.<\/p>\n\n\n\n<p class=\"wp-block-paragraph\">El secretario general de la Secci\u00f3n 22 de la CNTE, Eloy L\u00f3pez, dijo que esta movilizaci\u00f3n es para insistir en su exigencia de abrogaci\u00f3n de la reforma educativa impuesta por el gobierno de Enrique Pe\u00f1a Nieto, adem\u00e1s de que buscan la anulaci\u00f3n del decreto del ex gobernador Gabino&nbsp;Cu\u00e9&nbsp;con el que se cre\u00f3 una nueva estructura administrativa en IEEPO; tambi\u00e9n piden restablecer la participaci\u00f3n del magisterio en la toma de decisiones sobre la educaci\u00f3n p\u00fablica del estado.<\/p>\n\n\n\n<p class=\"wp-block-paragraph\">SEM\/pb\/sj<br><\/p>\n","protected":false},"excerpt":{"rendered":"<p>Redacci\u00f3n Patricia Brise\u00f1o\/Soledad&nbsp;Jarqu\u00edn SemM\u00e9xico.&nbsp;Oaxaca. 13 noviembre 2018.- Este martes 13, cabal\u00edstico, tom\u00f3 protesta la nueva diputaci\u00f3n local, es decir, la LXIV Legislatura del Estado de Oaxaca, por primera vez compuesta por una mayor\u00eda de mujeres: 12 diputadas electas por mayor\u00eda relativa y 11 por el principio&nbsp;de representaci\u00f3n proporcional y, la otra noticia, es que por [&hellip;]<\/p>\n","protected":false},"author":3,"featured_media":4974,"comment_status":"open","ping_status":"open","sticky":false,"template":"","format":"standard","meta":{"_monsterinsights_skip_tracking":false,"footnotes":""},"categories":[689,50],"tags":[],"class_list":["post-4973","post","type-post","status-publish","format-standard","has-post-thumbnail","category-689","category-congreso"],"_links":{"self":[{"href":"https:\/\/redsemlac.com\/semmexico\/wp-json\/wp\/v2\/posts\/4973","targetHints":{"allow":["GET"]}}],"collection":[{"href":"https:\/\/redsemlac.com\/semmexico\/wp-json\/wp\/v2\/posts"}],"about":[{"href":"https:\/\/redsemlac.com\/semmexico\/wp-json\/wp\/v2\/types\/post"}],"author":[{"embeddable":true,"href":"https:\/\/redsemlac.com\/semmexico\/wp-json\/wp\/v2\/users\/3"}],"replies":[{"embeddable":true,"href":"https:\/\/redsemlac.com\/semmexico\/wp-json\/wp\/v2\/comments?post=4973"}],"version-history":[{"count":0,"href":"https:\/\/redsemlac.com\/semmexico\/wp-json\/wp\/v2\/posts\/4973\/revisions"}],"wp:featuredmedia":[{"embeddable":true,"href":"https:\/\/redsemlac.com\/semmexico\/wp-json\/wp\/v2\/media\/4974"}],"wp:attachment":[{"href":"https:\/\/redsemlac.com\/semmexico\/wp-json\/wp\/v2\/media?parent=4973"}],"wp:term":[{"taxonomy":"category","embeddable":true,"href":"https:\/\/redsemlac.com\/semmexico\/wp-json\/wp\/v2\/categories?post=4973"},{"taxonomy":"post_tag","embeddable":true,"href":"https:\/\/redsemlac.com\/semmexico\/wp-json\/wp\/v2\/tags?post=4973"}],"curies":[{"name":"wp","href":"https:\/\/api.w.org\/{rel}","templated":true}]}}