{"id":49728,"date":"2022-05-07T16:15:27","date_gmt":"2022-05-07T22:15:27","guid":{"rendered":"https:\/\/redsemlac.com\/semmexico\/?p=49728"},"modified":"2023-07-21T19:04:14","modified_gmt":"2023-07-22T00:04:14","slug":"tambien-es-nuestra-lucha","status":"publish","type":"post","link":"https:\/\/redsemlac.com\/semmexico\/tambien-es-nuestra-lucha\/","title":{"rendered":"<strong><em>TAMBI\u00c9N ES NUESTRA LUCHA\u00bb<\/em><\/strong>"},"content":{"rendered":"\n<p class=\"wp-block-paragraph\"><strong><em>Reciben feministas a la Caravana de Madres Buscadoras centroamericanas<\/em><\/strong><\/p>\n\n\n\n<p class=\"wp-block-paragraph\"><strong><em>Alba Valdez&nbsp;<\/em><\/strong><\/p>\n\n\n\n<p class=\"wp-block-paragraph\">SemM\u00e9xico\/TestigoP\u00farpura, Veracruz, Ver. 7 de mayo, 2022.- Coloc\u00e1ndoles un pa\u00f1uelo morado en el cuello, las integrantes de la Caravana de Madres Centroamericanas son recibidas por&nbsp;mujeres feministas del Puerto de Veracruz. El mensaje es claro:&nbsp;\u201ctambi\u00e9n es nuestra lucha\u201d.&nbsp;<\/p>\n\n\n\n<p class=\"wp-block-paragraph\">Alrededor de 40 mujeres de pa\u00edses como Honduras, El Salvador y Guatemala tocaron tierra mexicana el 1 de mayo, su objetivo es recorrer varios estados del pa\u00eds para buscar a sus hijas e hijos desaparecidos en la ruta migratoria.&nbsp;<\/p>\n\n\n\n<p class=\"wp-block-paragraph\">Aunque sus ciudades de origen se encuentren a varios kil\u00f3metros de Veracruz, el contexto de violencia y desapariciones no cambia mucho. Veracruz ocupa los primeros lugares de delitos y sobre todo aquellos en desapariciones y violencias contra mujeres.\u00a0<\/p>\n\n\n\n<figure class=\"wp-block-image size-large\"><a href=\"https:\/\/redsemlac.com\/semmexico\/wp-content\/uploads\/2022\/05\/caravana-veracruz-07.jpg\"><img decoding=\"async\" src=\"https:\/\/redsemlac.com\/semmexico\/wp-content\/uploads\/2022\/05\/caravana-veracruz-07-1024x683.jpg\" alt=\"\" class=\"wp-image-49734\"\/><\/a><\/figure>\n\n\n\n<p class=\"wp-block-paragraph\">Por ello, est\u00e1 tarde, las madres son acuerpadas por mujeres feministas, quienes durante los \u00faltimos a\u00f1os han tomado las calles, al igual que ellas, para pedir por sus desaparecidas o v\u00edctimas de feminicidio.&nbsp;<\/p>\n\n\n\n<p class=\"wp-block-paragraph\">Si para las mujeres locales transitar por M\u00e9xico es peligroso, para las migrantes centroamericanas es a\u00fan peor. En su camino hacia Estados Unidos a menudo se topan con el hostigamiento, leyes patriarcales y mucha misoginia, aunado de la discriminaci\u00f3n.&nbsp;<\/p>\n\n\n\n<p class=\"wp-block-paragraph\">Las mujeres migrantes huyen de su pa\u00eds de origen en muchas ocasiones por la violencia machista y falta de garant\u00edas, lo que no saben es que en este pa\u00eds el Estado Patriarcal mexicano ser\u00e1 c\u00f3mplice del suyo.&nbsp;<\/p>\n\n\n\n<p class=\"wp-block-paragraph\">Solo basta recordar algunas de las v\u00edctimas migrantes que creyeron que M\u00e9xico ser\u00eda un lugar seguro: Victoria, Amanda o Zenaida, por mencionar a algunas, ellas quisieron huir de la pobreza y violencia de su pa\u00eds, pero M\u00e9xico tambi\u00e9n les fall\u00f3.\u00a0<\/p>\n\n\n\n<figure class=\"wp-block-gallery has-nested-images columns-default is-cropped wp-block-gallery-1 is-layout-flex wp-block-gallery-is-layout-flex\">\n<figure class=\"wp-block-image size-large\"><a href=\"https:\/\/redsemlac.com\/semmexico\/wp-content\/uploads\/2022\/05\/caravana-veracruz-02.jpg\"><img decoding=\"async\" data-id=\"49729\" src=\"https:\/\/redsemlac.com\/semmexico\/wp-content\/uploads\/2022\/05\/caravana-veracruz-02-1024x683.jpg\" alt=\"\" class=\"wp-image-49729\"\/><\/a><\/figure>\n\n\n\n<figure class=\"wp-block-image size-large\"><a href=\"https:\/\/redsemlac.com\/semmexico\/wp-content\/uploads\/2022\/05\/caravana-veracruz-03.jpg\"><img decoding=\"async\" data-id=\"49730\" src=\"https:\/\/redsemlac.com\/semmexico\/wp-content\/uploads\/2022\/05\/caravana-veracruz-03-1024x683.jpg\" alt=\"\" class=\"wp-image-49730\"\/><\/a><\/figure>\n<\/figure>\n\n\n\n<figure class=\"wp-block-gallery has-nested-images columns-default is-cropped wp-block-gallery-2 is-layout-flex wp-block-gallery-is-layout-flex\">\n<figure class=\"wp-block-image size-large\"><img loading=\"lazy\" decoding=\"async\" width=\"1500\" height=\"1000\" data-id=\"49731\" src=\"https:\/\/redsemlac.com\/semmexico\/wp-content\/uploads\/2022\/05\/caravana-veracruz-04.jpg\" alt=\"\" class=\"wp-image-49731\"\/><\/figure>\n\n\n\n<figure class=\"wp-block-image size-large\"><a href=\"https:\/\/redsemlac.com\/semmexico\/wp-content\/uploads\/2022\/05\/caravana-veracruz-05.jpg\"><img decoding=\"async\" data-id=\"49732\" src=\"https:\/\/redsemlac.com\/semmexico\/wp-content\/uploads\/2022\/05\/caravana-veracruz-05-1024x683.jpg\" alt=\"\" class=\"wp-image-49732\"\/><\/a><\/figure>\n<\/figure>\n\n\n\n<figure class=\"wp-block-gallery has-nested-images columns-default is-cropped wp-block-gallery-3 is-layout-flex wp-block-gallery-is-layout-flex\">\n<figure class=\"wp-block-image size-large\"><a href=\"https:\/\/redsemlac.com\/semmexico\/wp-content\/uploads\/2022\/05\/caravana-veracruz-06.jpg\"><img decoding=\"async\" data-id=\"49733\" src=\"https:\/\/redsemlac.com\/semmexico\/wp-content\/uploads\/2022\/05\/caravana-veracruz-06-1024x683.jpg\" alt=\"\" class=\"wp-image-49733\"\/><\/a><\/figure>\n<\/figure>\n\n\n\n<p class=\"wp-block-paragraph\">Para las feministas del Puerto, que diariamente comparten fotograf\u00edas de mujeres y ni\u00f1as desaparecidas, no es indiferente el dolor de estas madres quien en estas fechas recorrer\u00e1n penales, calles, albergues y estancias gubernamentales para encontrar a sus hijas e hijos desaparecer.\u00a0<\/p>\n\n\n\n<p class=\"wp-block-paragraph\">Para las feministas del puerto es importante tomarlas de la mano en esta lucha, porque la violencia machista no la detienen las fronteras o leyes migratorias.&nbsp;<\/p>\n\n\n\n<p class=\"wp-block-paragraph\">Esta tarde recorrieron juntas desde la estatua a los Ni\u00f1os H\u00e9roes sobre el bulevar Manuel \u00c1vila Camacho hasta la Antimonumenta, lugar que se ha convertido en un s\u00edmbolo de la lucha feminista.<\/p>\n","protected":false},"excerpt":{"rendered":"<p>Coloc\u00e1ndoles un pa\u00f1uelo morado en el cuello, las integrantes de la Caravana de Madres Centroamericanas son recibidas por\u00a0mujeres feministas del Puerto de Veracruz. El mensaje es claro:\u00a0\u201ctambi\u00e9n es nuestra lucha\u201d.\u00a0<\/p>\n","protected":false},"author":3,"featured_media":0,"comment_status":"open","ping_status":"open","sticky":false,"template":"","format":"standard","meta":{"_monsterinsights_skip_tracking":false,"footnotes":""},"categories":[693,54],"tags":[],"class_list":["post-49728","post","type-post","status-publish","format-standard","category-693","category-mujeres"],"_links":{"self":[{"href":"https:\/\/redsemlac.com\/semmexico\/wp-json\/wp\/v2\/posts\/49728","targetHints":{"allow":["GET"]}}],"collection":[{"href":"https:\/\/redsemlac.com\/semmexico\/wp-json\/wp\/v2\/posts"}],"about":[{"href":"https:\/\/redsemlac.com\/semmexico\/wp-json\/wp\/v2\/types\/post"}],"author":[{"embeddable":true,"href":"https:\/\/redsemlac.com\/semmexico\/wp-json\/wp\/v2\/users\/3"}],"replies":[{"embeddable":true,"href":"https:\/\/redsemlac.com\/semmexico\/wp-json\/wp\/v2\/comments?post=49728"}],"version-history":[{"count":0,"href":"https:\/\/redsemlac.com\/semmexico\/wp-json\/wp\/v2\/posts\/49728\/revisions"}],"wp:attachment":[{"href":"https:\/\/redsemlac.com\/semmexico\/wp-json\/wp\/v2\/media?parent=49728"}],"wp:term":[{"taxonomy":"category","embeddable":true,"href":"https:\/\/redsemlac.com\/semmexico\/wp-json\/wp\/v2\/categories?post=49728"},{"taxonomy":"post_tag","embeddable":true,"href":"https:\/\/redsemlac.com\/semmexico\/wp-json\/wp\/v2\/tags?post=49728"}],"curies":[{"name":"wp","href":"https:\/\/api.w.org\/{rel}","templated":true}]}}