{"id":49720,"date":"2022-05-07T13:02:44","date_gmt":"2022-05-07T19:02:44","guid":{"rendered":"https:\/\/redsemlac.com\/semmexico\/?p=49720"},"modified":"2023-07-21T19:04:14","modified_gmt":"2023-07-22T00:04:14","slug":"el-espectador-existe-una-queja-en-derechos-humanos-contra-magistrada-de-la-ciudad-de-mexico","status":"publish","type":"post","link":"https:\/\/redsemlac.com\/semmexico\/el-espectador-existe-una-queja-en-derechos-humanos-contra-magistrada-de-la-ciudad-de-mexico\/","title":{"rendered":"El Espectador | Existe una queja en Derechos Humanos contra magistrada de la Ciudad de M\u00e9xico"},"content":{"rendered":"\n<p class=\"wp-block-paragraph\">HIROSHI TAKAHASHI<\/p>\n\n\n\n<p class=\"wp-block-paragraph\">SemM\u00e9xico, Cd. de M\u00e9xico, 7 de mayo, 2022.- Hasta la Comisi\u00f3n de Derechos Humanos de la Ciudad de M\u00e9xico, que preside&nbsp;<strong>Nashieli Ram\u00edrez Hern\u00e1ndez<\/strong>, lleg\u00f3 una queja contra la magistrada del Tribunal de Justicia Administrativa de la CDMX,&nbsp;<strong>X\u00f3chitl Almendra Hern\u00e1ndez Torres<\/strong>, quien es se\u00f1alada por utilizar sus influencias en el Poder Judicial capitalino, y con el propio gobierno de&nbsp;<strong>Claudia Sheinbaum<\/strong>, para sacar ventaja en un proceso penal en el que se encuentra involucrada.<\/p>\n\n\n\n<p class=\"wp-block-paragraph\">El caso se refiere al presunto abuso de una menor en el Colegio Williams, mismo que fue investigado y desechado por la Unidad de Atenci\u00f3n al Maltrato y Abuso Sexual Infantil de la SEP. En espec\u00edfico, con base en los peritajes realizados por la conocida UAMASI (Unidad de Atenci\u00f3n al Maltrato y Abuso Sexual Infantil), se concluy\u00f3 que no exist\u00edan situaciones de riesgo en la instituci\u00f3n educativa que pudieran propiciar un evento como el que se denunci\u00f3.<\/p>\n\n\n\n<p class=\"wp-block-paragraph\">De hecho, seg\u00fan la misiva a la que tuvo acceso este reportero, en un oficio fechado el 13 de febrero de 2020, la SEP y la UAMASI emitieron un informe en el que, tras analizar y valorar todos los medios de convicci\u00f3n a su alcance, resolvieron que no hab\u00eda elementos con los que se demostrara la participaci\u00f3n o responsabilidad del profesor del colegio,&nbsp;<strong>Abraham Delgado Ju\u00e1rez<\/strong>, en los hechos que se le imputaron.<\/p>\n\n\n\n<p class=\"wp-block-paragraph\"><strong>Hern\u00e1ndez Torres<\/strong>&nbsp;es madre de la menor. Interpuso la denuncia en 2017, pero tambi\u00e9n los jueces adscritos al Tribunal Superior de Justicia de la Ciudad de M\u00e9xico determinaron la inocencia del acusado. Y as\u00ed siguieron las cosas hasta que&nbsp;<strong>Sheinbaum<\/strong>&nbsp;asumi\u00f3 el gobierno en la capital del pa\u00eds e impuls\u00f3, en el a\u00f1o 2020, a&nbsp;<strong>X\u00f3chitl Almendra<\/strong>&nbsp;como magistrada del \u00f3rgano jurisdiccional, un nombramiento avalado tambi\u00e9n por el Congreso local.<\/p>\n\n\n\n<p class=\"wp-block-paragraph\">La magistrada es conocida por su excelente relaci\u00f3n con el actual Consejero Jur\u00eddico de la CDMX,&nbsp;<strong>N\u00e9stor Vargas<\/strong>, quien fue el encargado de conformar un Tribunal de Justicia Administrativa capitalino af\u00edn a los designios de la&nbsp;<em>cuatrot\u00e9<\/em>, preparado para recibir y resolver a favor del gobierno diversos juicios de lesividad contra el sector empresarial, principalmente contra los participantes de la industria de construcci\u00f3n y de la publicidad exterior.<\/p>\n\n\n\n<p class=\"wp-block-paragraph\">Se denuncia en la carta, enviada por la madre de&nbsp;<strong>Abraham Delgado<\/strong>, que con los mencionados contactos y el citado poder la magistrada han logrado mantener en prisi\u00f3n al profesor denunciado, a pesar de que el expediente y cada uno de los pasos que ha seguido este proceso penal est\u00e1n plagados de irregularidades y violaciones a los derechos fundamentales, f\u00e1cilmente visibles por cualquier visitador de la Comisi\u00f3n.<\/p>\n\n\n\n<p class=\"wp-block-paragraph\">No es la primera queja que la magistrada&nbsp;<strong>Hern\u00e1ndez Torres<\/strong>&nbsp;recibe ante la Comisi\u00f3n de su tambi\u00e9n amiga&nbsp;<strong>Nashieli Ram\u00edrez<\/strong>, se han recibido otros escritos que se\u00f1alan denuncias falsas de la susodicha en el Tribunal de Justicia Administrativa, pues decidi\u00f3 tambi\u00e9n acusar a sus compa\u00f1eros de trabajo por supuesto acoso laboral.<\/p>\n\n\n\n<p class=\"wp-block-paragraph\">El dolor de las madres, el da\u00f1o a la menor y la reputaci\u00f3n del colegio Williams en lo suelos son un hecho inquietante y desagradable.<\/p>\n\n\n\n<p class=\"wp-block-paragraph\">\u00bfLa inocencia del supuesto abusador de menores se puede demostrar?<\/p>\n\n\n\n<p class=\"wp-block-paragraph\">\u00bfLa magistrada es culpable por hacer cumplir la ley con los elementos que tiene a su alcance?<\/p>\n\n\n\n<p class=\"wp-block-paragraph\">\u00bfEsto s\u00f3lo le importa a la familia y a los del negocio educativo?<\/p>\n","protected":false},"excerpt":{"rendered":"<p>Hasta la CNDH lleg\u00f3 una queja contra la magistrada del Tribunal de Justicia Administrativa de la CDMX,\u00a0X\u00f3chitl Almendra Hern\u00e1ndez Torres, quien es se\u00f1alada por utilizar sus influencias en el Poder Judicial capitalino, y con el propio gobierno de\u00a0Claudia Sheinbaum, para sacar ventaja en un proceso penal en el que se encuentra involucrada.<\/p>\n","protected":false},"author":3,"featured_media":49721,"comment_status":"open","ping_status":"open","sticky":false,"template":"","format":"standard","meta":{"_monsterinsights_skip_tracking":false,"footnotes":""},"categories":[693,110,35],"tags":[],"class_list":["post-49720","post","type-post","status-publish","format-standard","has-post-thumbnail","category-693","category-la-opinion-columnas","category-opinion"],"_links":{"self":[{"href":"https:\/\/redsemlac.com\/semmexico\/wp-json\/wp\/v2\/posts\/49720","targetHints":{"allow":["GET"]}}],"collection":[{"href":"https:\/\/redsemlac.com\/semmexico\/wp-json\/wp\/v2\/posts"}],"about":[{"href":"https:\/\/redsemlac.com\/semmexico\/wp-json\/wp\/v2\/types\/post"}],"author":[{"embeddable":true,"href":"https:\/\/redsemlac.com\/semmexico\/wp-json\/wp\/v2\/users\/3"}],"replies":[{"embeddable":true,"href":"https:\/\/redsemlac.com\/semmexico\/wp-json\/wp\/v2\/comments?post=49720"}],"version-history":[{"count":0,"href":"https:\/\/redsemlac.com\/semmexico\/wp-json\/wp\/v2\/posts\/49720\/revisions"}],"wp:featuredmedia":[{"embeddable":true,"href":"https:\/\/redsemlac.com\/semmexico\/wp-json\/wp\/v2\/media\/49721"}],"wp:attachment":[{"href":"https:\/\/redsemlac.com\/semmexico\/wp-json\/wp\/v2\/media?parent=49720"}],"wp:term":[{"taxonomy":"category","embeddable":true,"href":"https:\/\/redsemlac.com\/semmexico\/wp-json\/wp\/v2\/categories?post=49720"},{"taxonomy":"post_tag","embeddable":true,"href":"https:\/\/redsemlac.com\/semmexico\/wp-json\/wp\/v2\/tags?post=49720"}],"curies":[{"name":"wp","href":"https:\/\/api.w.org\/{rel}","templated":true}]}}