{"id":49709,"date":"2022-05-07T12:25:01","date_gmt":"2022-05-07T18:25:01","guid":{"rendered":"https:\/\/redsemlac.com\/semmexico\/?p=49709"},"modified":"2023-07-21T19:04:14","modified_gmt":"2023-07-22T00:04:14","slug":"guerrero-el-lugar-donde-la-muerte-y-la-ausencia-tienen-permiso","status":"publish","type":"post","link":"https:\/\/redsemlac.com\/semmexico\/guerrero-el-lugar-donde-la-muerte-y-la-ausencia-tienen-permiso\/","title":{"rendered":"Guerrero, el lugar donde la muerte y la ausencia tienen permiso"},"content":{"rendered":"\n<p class=\"wp-block-paragraph\">Las colectivas hacen el trabajo de las autoridades, y hay recortes presupuestarios<\/p>\n\n\n\n<p class=\"wp-block-paragraph\">Recordar sus nombres #hastaencontrarlas; estos son los casos de desapariciones ocurridas en Guerrero, se trata de mujeres j\u00f3venes, algunas de ellas estudiantes y otras madres<\/p>\n\n\n\n<p class=\"wp-block-paragraph\"><strong>ENERO<\/strong>:&nbsp; Alondra S\u00e1enz Bautista, de 17 a\u00f1os, desapareci\u00f3 en Arcelia.&nbsp; Valeria Ben\u00edtez Dom\u00ednguez, de 19 a\u00f1os, desapareci\u00f3 en Iguala.&nbsp; Marlene Alcocer Carranza, 13 a\u00f1os de edad, desapareci\u00f3 en la localidad de El Terrero, municipio de Juan R. Escuder.&nbsp; Johana Itzel D\u00edaz Genchi, de 16 a\u00f1os, desapareci\u00f3 en el poblado de San Crist\u00f3bal, municipio de Chilpancingo.<\/p>\n\n\n\n<p class=\"wp-block-paragraph\"><strong>FEBRERO<\/strong> Dulce Mar\u00eda Santiago D\u00edaz, de 17 a\u00f1os, desapareci\u00f3 en Ometepec. Linda Kristell Deloya S\u00e1nchez, de 15 a\u00f1os, desapareci\u00f3 en Acapulco.&nbsp; Diana Yulissa Valent\u00edn Salcedo, de 11 a\u00f1os, desapreci\u00f3 en Acapulco.&nbsp; Alisson Yamileth Chavelas Matamoros, de 15 a\u00f1os, desapareci\u00f3 en Acapulco. Briseida Mart\u00ednez Valle, de 13 a\u00f1os, desapareci\u00f3 en Zihuatanejo.&nbsp; Dulce Esmeralda Ramos Chilapa, de 15 a\u00f1os, desapareci\u00f3 en Coaxtlahuac\u00e1n, municipio de Mochitl\u00e1n. MARZO Xitlali del Ca\u00f1o Escobar, de 14 a\u00f1os, desapareci\u00f3 en Zihuatanejo.&nbsp; Rosa Edith Aguilar Astudillo, de 15 a\u00f1os, desapareci\u00f3 en El Cord\u00f3n Grande, municipio de Tecpan.&nbsp; Elizabeth Rend\u00f3n Palma, de 13 a\u00f1os, desapareci\u00f3 en Olinal\u00e1.&nbsp; Ana Iris Ram\u00edrez Andreo, de 14 a\u00f1os, desapareci\u00f3 en Chilpancingo.<\/p>\n\n\n\n<p class=\"wp-block-paragraph\">&nbsp;Victoria Jacqueline Pegueros \u00c1vila, de 13 a\u00f1os, desapareci\u00f3 en San Agust\u00edn Oapan, municipio de Tepecoacuilco. ABRIL Dulce Dar\u00eda Ruelas S\u00e1nchez, de 17 a\u00f1os, desapareci\u00f3 en Atoyac.&nbsp; Valeria Campos Amateco, de 15 a\u00f1os, desapareci\u00f3 en Chilpancingo.&nbsp; Nayeli Sina\u00ed Ben\u00edtez Arellano, de 37 a\u00f1os, desapareci\u00f3 en Acapulco.&nbsp; Alondra Daniela Olea Hern\u00e1ndez, de 19 a\u00f1os, desapareci\u00f3 Acapulco.&nbsp; Zuri Crist\u00f3bal Real, de 15 a\u00f1os, desapareci\u00f3 en Acapulco. Denisse Pi\u00f1a Estrada, 22 a\u00f1os, desapareci\u00f3 en Ometepec. Hermila Santana Serrano, 13 a\u00f1os, desapareci\u00f3 en Ometepec.&nbsp; Natalia Gonz\u00e1lez Mart\u00ednez, 28 a\u00f1os, desapareci\u00f3 en Acapulco.&nbsp; Gabriela Peralta Valente, de aproximadamente 15 a\u00f1os, desapareci\u00f3 en la localidad de Vista Alegre, municipio de San Marcos, en la Costa Chica.<\/p>\n\n\n\n<p class=\"wp-block-paragraph\"><strong>NI SIQUIERA<\/strong> las autoridades quieren hablar de n\u00fameros exactos, los feminicidios y desapariciones es una contabilidad que llevan las organizaciones, que buscan en barrancas, terrenos bald\u00edos, lugares monta\u00f1osos, a donde les advierten que no suban, porque los grupos criminales los usan como fosas, pero aun as\u00ed lo hacen y no se detienen.<\/p>\n\n\n\n<p class=\"wp-block-paragraph\">&#8212;&#8212;&#8212;&#8212;&#8212;&#8212;&#8212;&#8212;&#8212;&#8212;&#8212;&#8212;&#8212;&#8212;&#8212;&#8212;&#8212;&#8212;&#8212;&#8212;&#8212;&#8212;&#8212;&#8212;&#8212;&#8212;&#8212;&#8212;&#8212;&#8212;&#8212;&#8212;&#8212;&#8212;&#8212;&#8212;&#8211;<\/p>\n\n\n\n<p class=\"wp-block-paragraph\">SemM\u00e9xico recogi\u00f3 las denuncias del mi\u00e9rcoles pasado, donde dos diputadas denunciaron la indiferencia de las autoridades y la opacidad de los recursos. Llamaron a los tres niveles de gobierno a comparecer para explicar lo que pasa.<\/p>\n\n\n\n<figure class=\"wp-block-embed is-type-wp-embed is-provider-semm-eacute-xico wp-block-embed-semm-eacute-xico\"><div class=\"wp-block-embed__wrapper\">\n<blockquote class=\"wp-embedded-content\" data-secret=\"ZOicIUGvTl\"><a href=\"https:\/\/redsemlac.com\/semmexico\/truena-en-guerrero-limites-recorte-presupuestal-y-opacidades-en-la-estrategia-integral-de-justicia-y-bienestar-de-las-mujeres-y-ninas\/\">Truena en Guerrero:&nbsp; l\u00edmites, recorte presupuestal y opacidades en la Estrategia Integral de Justicia y Bienestar de las Mujeres y Ni\u00f1as,<\/a><\/blockquote><iframe loading=\"lazy\" class=\"wp-embedded-content\" sandbox=\"allow-scripts\" security=\"restricted\" style=\"position: absolute; visibility: hidden;\" title=\"\u00ab&lt;strong&gt;Truena en Guerrero:\u00a0 l\u00edmites, recorte presupuestal y opacidades en la Estrategia Integral de Justicia y Bienestar de las Mujeres y Ni\u00f1as&lt;\/strong&gt;&lt;strong&gt;,&lt;\/strong&gt;\u00bb \u2014 SemM\u00e9xico\" src=\"https:\/\/redsemlac.com\/semmexico\/truena-en-guerrero-limites-recorte-presupuestal-y-opacidades-en-la-estrategia-integral-de-justicia-y-bienestar-de-las-mujeres-y-ninas\/embed\/#?secret=i1ysTwfYyl#?secret=ZOicIUGvTl\" data-secret=\"ZOicIUGvTl\" width=\"600\" height=\"338\" frameborder=\"0\" marginwidth=\"0\" marginheight=\"0\" scrolling=\"no\"><\/iframe>\n<\/div><\/figure>\n\n\n<div class=\"wp-block-image\">\n<figure class=\"alignleft size-full is-resized\"><a href=\"https:\/\/redsemlac.com\/semmexico\/wp-content\/uploads\/2022\/05\/des-guerr-02.jpg\"><img loading=\"lazy\" decoding=\"async\" src=\"https:\/\/redsemlac.com\/semmexico\/wp-content\/uploads\/2022\/05\/des-guerr-02.jpg\" alt=\"\" class=\"wp-image-49711\" width=\"476\" height=\"476\"\/><\/a><\/figure>\n<\/div>\n\n\n<figure class=\"wp-block-image size-full is-resized\"><a href=\"https:\/\/redsemlac.com\/semmexico\/wp-content\/uploads\/2022\/05\/des-guerr-03.jpg\"><img loading=\"lazy\" decoding=\"async\" src=\"https:\/\/redsemlac.com\/semmexico\/wp-content\/uploads\/2022\/05\/des-guerr-03.jpg\" alt=\"\" class=\"wp-image-49712\" width=\"392\" height=\"392\"\/><\/a><\/figure>\n\n\n\n<p class=\"wp-block-paragraph\">Muriel Salinas denuncia<\/p>\n\n\n\n<p class=\"wp-block-paragraph\"><\/p>\n\n\n\n<p class=\"wp-block-paragraph\"><\/p>\n\n\n\n<p class=\"wp-block-paragraph\">Rosalba Ram\u00edrez Hern\u00e1ndez<\/p>\n\n\n\n<p class=\"wp-block-paragraph\">SemM\u00e9xico\/Eje Central, Guerrero, 7 de mayo, 2022.-&nbsp; &nbsp;Oficialmente, cada seis d\u00edas desaparece una mujer en Guerrero. Y cada cinco se comete un feminicidio. Se trata de ni\u00f1as, adolescentes y mujeres adultas, estudiantes, madres y profesionistas. Sin embargo, estas cifras, que parten de las alertas que emite la Fiscal\u00eda General de Guerrero que suman 20, en el caso de las desapariciones, son s\u00f3lo una estimaci\u00f3n, porque muchas familias no alcanzan a denunciar por desconocimiento, pobreza o temor.<\/p>\n\n\n\n<p class=\"wp-block-paragraph\">&nbsp;Y en el caso de los cr\u00edmenes de mujeres, la Asociaci\u00f3n por la Igualdad de hombres y mujeres en Guerrero, ha contabilizado en los primeros 67 d\u00edas del a\u00f1o (hasta el 8 de marzo), el asesinato de 13 mujeres con tintes de feminicidios, pero las autoridades no han determinado esa clasificaci\u00f3n.<\/p>\n\n\n\n<p class=\"wp-block-paragraph\">A este escenario de dolor y ausencia para las familias se suma el hecho de que los organismos, sistemas, direcci\u00f3n y secretar\u00edas destinadas a la prevenci\u00f3n, erradicaci\u00f3n y sancionar la violencia contra las mujeres tienen poco o nulo presupuesto para operar. As\u00ed que las mujeres desaparecidas y asesinadas este a\u00f1o y los anteriores, dif\u00edcilmente ser\u00e1n localizadas o sus familias recibir\u00e1n alg\u00fan tipo de justicia.<\/p>\n\n\n\n<p class=\"wp-block-paragraph\">Las organizaciones feministas lamentan que no haya fondos y que las organizaciones de la sociedad civil hagan una labor que corresponde al Estado.<\/p>\n\n\n\n<figure class=\"wp-block-image size-full\"><a href=\"https:\/\/redsemlac.com\/semmexico\/wp-content\/uploads\/2022\/05\/des-guerr-04.jpg\"><img loading=\"lazy\" decoding=\"async\" width=\"698\" height=\"393\" src=\"https:\/\/redsemlac.com\/semmexico\/wp-content\/uploads\/2022\/05\/des-guerr-04.jpg\" alt=\"\" class=\"wp-image-49713\"\/><\/a><\/figure>\n\n\n\n<p class=\"wp-block-paragraph\">Para la presidenta de la Red para el Avance Pol\u00edtico de Las Mujeres Guerrerenses, Muriel Salinas D\u00edaz, la b\u00fasqueda de las mujeres desaparecidas es una responsabilidad del gobierno, pero&nbsp; : NI SIQUIERA las autoridades quieren hablar de n\u00fameros exactos, los feminicidios y desapariciones es una contabilidad que llevan las organizaciones, que buscan en barrancas, terrenos bald\u00edos, lugares monta\u00f1osos, a donde les advierten que no suban, porque los grupos criminales los usan como fosas, pero aun as\u00ed lo hacen y no se detienen.<\/p>\n\n\n\n<p class=\"wp-block-paragraph\">De las familias depende la justicia. Sin la sociedad civil, a\u00f1adi\u00f3 Salinas D\u00edaz, no hubiera sido posible la visibilizaci\u00f3n de la violencia o desaparici\u00f3n de mujeres en la regi\u00f3n de la Monta\u00f1a de Guerrero, por ejemplo.<\/p>\n\n\n\n<p class=\"wp-block-paragraph\">&nbsp;Las organizaciones creadas desde el interior de las universidades, sostuvo, tambi\u00e9n realizan una labor de conteo que no les corresponde, no es su tarea, pero tampoco alguna autoridad lo hace. \u201cEstamos en un vac\u00edo de informaci\u00f3n tremendo. Perdemos de vista que el gobierno estatal debe hacer su Programa Estatal para Prevenir, Atender, Sancionar y Erradicar la Violencia contra las Mujeres, que es sexenal. Este debe basarse en un claro diagn\u00f3stico sobre esta realidad que refleje a su vez lo que pasa en cada regi\u00f3n del estado. \u00bfDesde cu\u00e1ndo no tenemos en Guerrero un diagn\u00f3stico con datos claros sobre mujeres y ni\u00f1as desaparecidas?, \u00bfD\u00f3nde est\u00e1n los datos de Banavim? \u00bfQu\u00e9 pasa con la Fiscal\u00eda que es a quien le corresponde generar esa informaci\u00f3n?\u201d, denunci\u00f3. <\/p>\n\n\n\n<p class=\"wp-block-paragraph\">TE PUEDE INTERESAR denuncian falta de inter\u00e9s y recursos: <\/p>\n\n\n\n<figure class=\"wp-block-embed is-type-wp-embed is-provider-semm-eacute-xico wp-block-embed-semm-eacute-xico\"><div class=\"wp-block-embed__wrapper\">\n<blockquote class=\"wp-embedded-content\" data-secret=\"ZOicIUGvTl\"><a href=\"https:\/\/redsemlac.com\/semmexico\/truena-en-guerrero-limites-recorte-presupuestal-y-opacidades-en-la-estrategia-integral-de-justicia-y-bienestar-de-las-mujeres-y-ninas\/\">Truena en Guerrero:&nbsp; l\u00edmites, recorte presupuestal y opacidades en la Estrategia Integral de Justicia y Bienestar de las Mujeres y Ni\u00f1as,<\/a><\/blockquote><iframe loading=\"lazy\" class=\"wp-embedded-content\" sandbox=\"allow-scripts\" security=\"restricted\" style=\"position: absolute; visibility: hidden;\" title=\"\u00ab&lt;strong&gt;Truena en Guerrero:\u00a0 l\u00edmites, recorte presupuestal y opacidades en la Estrategia Integral de Justicia y Bienestar de las Mujeres y Ni\u00f1as&lt;\/strong&gt;&lt;strong&gt;,&lt;\/strong&gt;\u00bb \u2014 SemM\u00e9xico\" src=\"https:\/\/redsemlac.com\/semmexico\/truena-en-guerrero-limites-recorte-presupuestal-y-opacidades-en-la-estrategia-integral-de-justicia-y-bienestar-de-las-mujeres-y-ninas\/embed\/#?secret=i1ysTwfYyl#?secret=ZOicIUGvTl\" data-secret=\"ZOicIUGvTl\" width=\"600\" height=\"338\" frameborder=\"0\" marginwidth=\"0\" marginheight=\"0\" scrolling=\"no\"><\/iframe>\n<\/div><\/figure>\n\n\n\n<figure class=\"wp-block-image size-large\"><a href=\"https:\/\/redsemlac.com\/semmexico\/wp-content\/uploads\/2022\/05\/des-guerr-05.jpg\"><img decoding=\"async\" src=\"https:\/\/redsemlac.com\/semmexico\/wp-content\/uploads\/2022\/05\/des-guerr-05-1024x579.jpg\" alt=\"\" class=\"wp-image-49715\"\/><\/a><\/figure>\n\n\n\n<p class=\"wp-block-paragraph\">En el Registro Nacional de Personas Desaparecidas y No Localizadas RNPDNO ENERO Alondra S\u00e1enz Bautista, de 17 a\u00f1os, desapareci\u00f3 en Arcelia.&nbsp; Valeria Ben\u00edtez Dom\u00ednguez, de 19 a\u00f1os, desapareci\u00f3 en Iguala.&nbsp; Marlene Alcocer Carranza, 13 a\u00f1os de edad, desapareci\u00f3 en la localidad de El Terrero, municipio de Juan R. Escuder.&nbsp; Johana Itzel D\u00edaz Genchi, de 16 a\u00f1os, desapareci\u00f3 en el poblado de San Crist\u00f3bal, municipio de Chilpancingo.<\/p>\n\n\n\n<p class=\"wp-block-paragraph\">Recordar sus nombres #hastaencontrarlas es la campa\u00f1a y estos son los casos de desapariciones ocurridas en Guerrero, que este a\u00f1o han documentado los colectivos, se trata de mujeres j\u00f3venes, algunas de ellas estudiantes y otras madres: un d\u00e9ficit cr\u00edtico del presupuesto.<\/p>\n\n\n\n<figure class=\"wp-block-image size-large\"><a href=\"https:\/\/redsemlac.com\/semmexico\/wp-content\/uploads\/2022\/05\/des-guerr-06.jpg\"><img decoding=\"async\" src=\"https:\/\/redsemlac.com\/semmexico\/wp-content\/uploads\/2022\/05\/des-guerr-06-1024x640.jpg\" alt=\"\" class=\"wp-image-49716\"\/><\/a><\/figure>\n\n\n\n<p class=\"wp-block-paragraph\">Del total de los recursos federales aprobados por la C\u00e1mara de Diputados, menos del 1% fue destinado a la prevenci\u00f3n, sanci\u00f3n y erradicaci\u00f3n de la violencia hacia las mujeres. Es as\u00ed que ante el panorama de impunidad que permea en el pa\u00eds, las mismas familias son las que buscan a sus desaparecidos en el pa\u00eds. En Guerrero Los colectivos tienen registradas a 20 mujeres no localizadas en el estado. Grupos feministas advierten que las desapariciones en Guerrero han aumentado en menores de edad.<\/p>\n\n\n\n<p class=\"wp-block-paragraph\">El RNPDNO de la Secretar\u00eda de Gobernaci\u00f3n, en el informe del 11 de abril de este a\u00f1o, expone que, \u201ccada d\u00eda, 14 personas de entre cero y 17 a\u00f1os se reportaron desaparecidas, no localizadas o localizadas durante 2021.<\/p>\n\n\n\n<p class=\"wp-block-paragraph\">Grupos feministas advierten que las desapariciones en Guerrero han aumentado en menores de edad.<\/p>\n\n\n\n<figure class=\"wp-block-image size-large\"><a href=\"https:\/\/redsemlac.com\/semmexico\/wp-content\/uploads\/2022\/05\/des-guerr-07.jpg\"><img decoding=\"async\" src=\"https:\/\/redsemlac.com\/semmexico\/wp-content\/uploads\/2022\/05\/des-guerr-07-1024x576.jpg\" alt=\"\" class=\"wp-image-49717\"\/><\/a><\/figure>\n\n\n\n<p class=\"wp-block-paragraph\">Desde que se tiene registro, 82 mil 328 ni\u00f1as, ni\u00f1os y adolescentes han sido reportadas en esta situaci\u00f3n, y una de cada cinco de estas personas continuaban desaparecidas o no localizadas hasta el 11 de abril de 2022 (16 mil \u2260378 en total)\u201d.<\/p>\n\n\n\n<p class=\"wp-block-paragraph\">La protesta como memoria Cada a\u00f1o, el d\u00eda de la no violencia contra las mujeres o el d\u00eda Internacional de la Mujer, y el 24 de abril en memoria de las mujeres desaparecidas, son los momentos para que los pasos inunden las calles, y los gritos, las pintas y pancartas, se muestren para que todos escuchen lo que pasa. Son los d\u00edas para visibilizar el dolor, el enojo y la frustraci\u00f3n por la falta de justicia. \u203aEste a\u00f1o en Guerrero, las protestas se hicieron el 25 de abril y durante tres d\u00edas m\u00e1s, en Acapulco, Chilpancingo, Tlapa, San Marcos y Zihuatanejo.<\/p>\n\n\n\n<p class=\"wp-block-paragraph\">En todos los actos exigieron un alto a los feminicidios. Esta vez, el dolor estaba a flor de piel. Adelina Cruz, trabajadora del Ayuntamiento, adscrita al \u00e1rea de limpieza de la Secretar\u00eda de Salud Municipal, sali\u00f3 a una fiesta en Mexcala, y no regres\u00f3 a su casa. La buscaron por horas hasta ser encontrada abandonada en otra poblaci\u00f3n, severamente golpeada y con un balazo en la cabeza. Todav\u00eda alcanzaron a trasladarla al hospital. Su agon\u00eda dur\u00f3 varios d\u00edas, hasta que muri\u00f3 y fue enterrada el pasado 22 de abril.<\/p>\n\n\n\n<p class=\"wp-block-paragraph\">&nbsp;Su voz es inolvidable, aseguran a ejecentral compa\u00f1eras del trabajo. \u201cNos culpan por querer salir a divertirnos cuando tenemos derecho\u201d, reclaman.<\/p>\n\n\n\n<p class=\"wp-block-paragraph\"><strong>&nbsp;FEBRERO<\/strong> Dulce Mar\u00eda Santiago D\u00edaz, de 17 a\u00f1os, desapareci\u00f3 en Ometepec.&nbsp; Linda Kristell Deloya S\u00e1nchez, de 15 a\u00f1os, desapareci\u00f3 en Acapulco.&nbsp; Diana Yulissa Valent\u00edn Salcedo, de 11 a\u00f1os, desapreci\u00f3 en Acapulco.&nbsp; Alisson Yamileth Chavelas Matamoros, de 15 a\u00f1os, desapareci\u00f3 en Acapulco. Briseida Mart\u00ednez Valle, de 13 a\u00f1os, desapareci\u00f3 en Zihuatanejo.&nbsp; Dulce Esmeralda Ramos Chilapa, de 15 a\u00f1os, desapareci\u00f3 en Coaxtlahuac\u00e1n, municipio de Mochitl\u00e1n. MARZO Xitlali del Ca\u00f1o Escobar, de 14 a\u00f1os, desapareci\u00f3 en Zihuatanejo. Rosa Edith Aguilar Astudillo, de 15 a\u00f1os, desapareci\u00f3 en El Cord\u00f3n Grande, municipio de Tecpan.&nbsp; Elizabeth Rend\u00f3n Palma, de 13 a\u00f1os, desapareci\u00f3 en Olinal\u00e1. Ana Iris Ram\u00edrez Andreo, de 14 a\u00f1os, desapareci\u00f3 en Chilpancingo.&nbsp; Victoria Jacqueline Pegueros \u00c1vila, de 13 a\u00f1os, desapareci\u00f3 en San Agust\u00edn Oapan, municipio de Tepecoacuilco.<\/p>\n\n\n\n<p class=\"wp-block-paragraph\"><strong>ABRIL<\/strong> Dulce Dar\u00eda Ruelas S\u00e1nchez, de 17 a\u00f1os, desapareci\u00f3 en Atoyac.&nbsp; Valeria Campos Amateco, de 15 a\u00f1os, desapareci\u00f3 en Chilpancingo.&nbsp; Nayeli Sina\u00ed Ben\u00edtez Arellano, de 37 a\u00f1os, desapareci\u00f3 en Acapulco.&nbsp; Alondra Daniela Olea Hern\u00e1ndez, de 19 a\u00f1os, desapareci\u00f3 Acapulco.&nbsp; Zuri Crist\u00f3bal Real, de 15 a\u00f1os, desapareci\u00f3 en Acapulco.&nbsp; Denisse Pi\u00f1a Estrada, 22 a\u00f1os, desapareci\u00f3 en Ometepec.&nbsp; Hermila Santana Serrano, 13 a\u00f1os, desapareci\u00f3 en Ometepec.&nbsp; Natalia Gonz\u00e1lez Mart\u00ednez, 28 a\u00f1os, desapareci\u00f3 en Acapulco.&nbsp; Gabriela Peralta Valente, de aproximadamente 15 a\u00f1os, desapareci\u00f3 en la localidad de Vista Alegre, municipio de San Marcos, en la Costa Chica. As\u00ed que esta vez, en Chilpancingo, colectivos feministas exigieron justicia por el cruel asesinato de Adelina Cruz. Y por todas las que han sido asesinadas antes que ella en Guerrero y todo el pa\u00eds.<\/p>\n\n\n\n<p class=\"wp-block-paragraph\">Para el domingo 24 de abril, en Acapulco, colectivos feministas realizaron un memorial por las mujeres asesinadas y desaparecidas. En el acceso al parque Papagayo colocaron im\u00e1genes de ni\u00f1as y mujeres, sus fichas de desaparici\u00f3n emitidas por la Fiscal\u00eda y otras elaboradas por las propias familias, en donde se asienta que fueron asesinadas o abusadas sexualmente.<\/p>\n\n\n\n<p class=\"wp-block-paragraph\">Que no se olvide su vida, que no se olvide que fueron violentadas, que no se olvide su muerte y que no se olvide que no han recibido justicia. Los colectivos tienen registradas a 20 mujeres no localizadas en el estado. Mientras los feminicidios se siguen sumando. S\u00f3lo ese mismo fin de semana, en el municipio de Tlapa, regi\u00f3n de la Monta\u00f1a de Guerrero, se report\u00f3 el crimen de una adolescente de 15 a\u00f1os y de una se\u00f1ora de 40.<\/p>\n\n\n\n<p class=\"wp-block-paragraph\">Las feministas advirtieron que las desapariciones en Guerrero aumentan en menores de edad, incluso tienen casos de mujeres que han desaparecido despu\u00e9s de acudir a marchar o protestar contra la violencia de g\u00e9nero. \u201cTenemos muchos problemas. Tenemos acoso por los violentadores, pero tampoco nos sentimos seguras por la parte institucional\u201d, coincidieron, mientras instalaban el memorial por sus compa\u00f1eras desaparecidas y violentadas. Y tienen raz\u00f3n, apenas el pasado 1 de mayo, otros dos feminicidios ocurrieron en Guerrero, ahora en el municipio de Copanatoyac. Las dos mujeres fueron encontradas a orilla de la carretera interestatal Potoich\u00e1n-San Vicente Amole, en la Regi\u00f3n de la Monta\u00f1a, con impactos de proyectil de arma de fuego.<\/p>\n\n\n\n<p class=\"wp-block-paragraph\">Eran de Laguna Membrillo municipio de Zapotitl\u00e1n las Tablas, se llamaban Eleuteria Dircio Cristino y Rosal\u00eda P\u00e9rez Garc\u00eda y eran nuera y suegra, respectivamente. Los casos, en Guerrero no paran.<\/p>\n\n\n\n<figure class=\"wp-block-image size-large\"><a href=\"https:\/\/redsemlac.com\/semmexico\/wp-content\/uploads\/2022\/05\/des-guerr-08.jpg\"><img decoding=\"async\" src=\"https:\/\/redsemlac.com\/semmexico\/wp-content\/uploads\/2022\/05\/des-guerr-08-1024x791.jpg\" alt=\"\" class=\"wp-image-49718\"\/><\/a><\/figure>\n","protected":false},"excerpt":{"rendered":"<p>Las colectivas hacen el trabajo de las autoridades, y hay recortes presupuestarios.<\/p>\n","protected":false},"author":3,"featured_media":49710,"comment_status":"open","ping_status":"open","sticky":false,"template":"","format":"standard","meta":{"_monsterinsights_skip_tracking":false,"footnotes":""},"categories":[693,48],"tags":[],"class_list":["post-49709","post","type-post","status-publish","format-standard","has-post-thumbnail","category-693","category-no-mas-impunidad-no-mas-impunidad"],"_links":{"self":[{"href":"https:\/\/redsemlac.com\/semmexico\/wp-json\/wp\/v2\/posts\/49709","targetHints":{"allow":["GET"]}}],"collection":[{"href":"https:\/\/redsemlac.com\/semmexico\/wp-json\/wp\/v2\/posts"}],"about":[{"href":"https:\/\/redsemlac.com\/semmexico\/wp-json\/wp\/v2\/types\/post"}],"author":[{"embeddable":true,"href":"https:\/\/redsemlac.com\/semmexico\/wp-json\/wp\/v2\/users\/3"}],"replies":[{"embeddable":true,"href":"https:\/\/redsemlac.com\/semmexico\/wp-json\/wp\/v2\/comments?post=49709"}],"version-history":[{"count":0,"href":"https:\/\/redsemlac.com\/semmexico\/wp-json\/wp\/v2\/posts\/49709\/revisions"}],"wp:featuredmedia":[{"embeddable":true,"href":"https:\/\/redsemlac.com\/semmexico\/wp-json\/wp\/v2\/media\/49710"}],"wp:attachment":[{"href":"https:\/\/redsemlac.com\/semmexico\/wp-json\/wp\/v2\/media?parent=49709"}],"wp:term":[{"taxonomy":"category","embeddable":true,"href":"https:\/\/redsemlac.com\/semmexico\/wp-json\/wp\/v2\/categories?post=49709"},{"taxonomy":"post_tag","embeddable":true,"href":"https:\/\/redsemlac.com\/semmexico\/wp-json\/wp\/v2\/tags?post=49709"}],"curies":[{"name":"wp","href":"https:\/\/api.w.org\/{rel}","templated":true}]}}