{"id":49706,"date":"2022-05-07T12:00:28","date_gmt":"2022-05-07T18:00:28","guid":{"rendered":"https:\/\/redsemlac.com\/semmexico\/?p=49706"},"modified":"2023-07-21T19:04:14","modified_gmt":"2023-07-22T00:04:14","slug":"un-llamado-a-autoridades-de-sinaloa-a-evitar-la-impunidad-en-el-asesinato-del-periodista-luis-enrique-ramirez-ramos-cndh","status":"publish","type":"post","link":"https:\/\/redsemlac.com\/semmexico\/un-llamado-a-autoridades-de-sinaloa-a-evitar-la-impunidad-en-el-asesinato-del-periodista-luis-enrique-ramirez-ramos-cndh\/","title":{"rendered":"<strong>Un llamado a autoridades de Sinaloa a evitar la impunidad en el asesinato del periodista Luis Enrique Ram\u00edrez Ramos: CNDH<\/strong>"},"content":{"rendered":"\n<p class=\"wp-block-paragraph\">Elda Montiel<\/p>\n\n\n\n<p class=\"wp-block-paragraph\">SemM\u00e9xico, Cd. de M\u00e9xico, 7 de mayo 2022.- Por el asesinato del periodista Luis Enrique Ram\u00edrez Ramos en Sinaloa, la Comisi\u00f3n Nacional de los Derechos Humanos (CNDH) hace un llamado a las autoridades de la impartici\u00f3n de justicia estatal a evitar la impunidad ante este lamentable hecho y acciones inmediatas para la protecci\u00f3n a los periodistas que se encuentren en peligro.<\/p>\n\n\n\n<p class=\"wp-block-paragraph\">En un comunicado oficial, el organismo p\u00fablico condeno el asesinato del periodista y fundador del sitio \u201cFuentes Fidedignas\u201d, Luis Enrique Ram\u00edrez Ramos, reportado este jueves 5 de mayo por diversos medios de informaci\u00f3n.<\/p>\n\n\n\n<p class=\"wp-block-paragraph\">A los familiares, amigos y colegas del periodista les expresa las m\u00e1s sentidas condolencias.<\/p>\n\n\n\n<p class=\"wp-block-paragraph\">Exhorta a las autoridades encargadas de la impartici\u00f3n de justicia en Sinaloa a realizar una investigaci\u00f3n diligente del caso hasta dar con los responsables materiales e intelectuales de este delito y se evite, con ello, la impunidad.<\/p>\n\n\n\n<p class=\"wp-block-paragraph\">Al Mecanismo de Protecci\u00f3n para Personas Defensoras de Derechos Humanos y Periodistas les hace un llamado para que, de manera urgente, se fortalezca y ampl\u00ede sus esquemas de protecci\u00f3n.<\/p>\n\n\n\n<p class=\"wp-block-paragraph\">Espec\u00edfica y hace hincapi\u00e9 para que las autoridades de los diversos \u00f3rdenes y niveles de gobierno para que se tomen acciones inmediatas que permitan proteger y resguardar la seguridad f\u00edsica y emocional de las y los periodistas que se encuentren en peligro o hayan recibido amenazas por parte de grupos delincuenciales debido al ejercicio de su labor period\u00edstica y, con ello, se logre frenar el clima de inseguridad que se vive en algunas entidades del pa\u00eds.<\/p>\n\n\n\n<p class=\"wp-block-paragraph\">Tambi\u00e9n hizo saber la Comisi\u00f3n Nacional que se mantendr\u00e1 al tanto de la actuaci\u00f3n de las autoridades de Sinaloa respecto a este condenable suceso y, en su momento, se pronunciar\u00e1 al respecto.<\/p>\n","protected":false},"excerpt":{"rendered":"<p>Por el asesinato del periodista Luis Enrique Ram\u00edrez Ramos en Sinaloa, la CNDH hace un llamado a las autoridades de la impartici\u00f3n de justicia estatal a evitar la impunidad ante este lamentable hecho y acciones inmediatas para la protecci\u00f3n a los periodistas que se encuentren en peligro.<\/p>\n","protected":false},"author":3,"featured_media":49707,"comment_status":"open","ping_status":"open","sticky":false,"template":"","format":"standard","meta":{"_monsterinsights_skip_tracking":false,"footnotes":""},"categories":[693,51],"tags":[],"class_list":["post-49706","post","type-post","status-publish","format-standard","has-post-thumbnail","category-693","category-ejecutivo"],"_links":{"self":[{"href":"https:\/\/redsemlac.com\/semmexico\/wp-json\/wp\/v2\/posts\/49706","targetHints":{"allow":["GET"]}}],"collection":[{"href":"https:\/\/redsemlac.com\/semmexico\/wp-json\/wp\/v2\/posts"}],"about":[{"href":"https:\/\/redsemlac.com\/semmexico\/wp-json\/wp\/v2\/types\/post"}],"author":[{"embeddable":true,"href":"https:\/\/redsemlac.com\/semmexico\/wp-json\/wp\/v2\/users\/3"}],"replies":[{"embeddable":true,"href":"https:\/\/redsemlac.com\/semmexico\/wp-json\/wp\/v2\/comments?post=49706"}],"version-history":[{"count":0,"href":"https:\/\/redsemlac.com\/semmexico\/wp-json\/wp\/v2\/posts\/49706\/revisions"}],"wp:featuredmedia":[{"embeddable":true,"href":"https:\/\/redsemlac.com\/semmexico\/wp-json\/wp\/v2\/media\/49707"}],"wp:attachment":[{"href":"https:\/\/redsemlac.com\/semmexico\/wp-json\/wp\/v2\/media?parent=49706"}],"wp:term":[{"taxonomy":"category","embeddable":true,"href":"https:\/\/redsemlac.com\/semmexico\/wp-json\/wp\/v2\/categories?post=49706"},{"taxonomy":"post_tag","embeddable":true,"href":"https:\/\/redsemlac.com\/semmexico\/wp-json\/wp\/v2\/tags?post=49706"}],"curies":[{"name":"wp","href":"https:\/\/api.w.org\/{rel}","templated":true}]}}