{"id":49701,"date":"2022-05-07T11:52:01","date_gmt":"2022-05-07T17:52:01","guid":{"rendered":"https:\/\/redsemlac.com\/semmexico\/?p=49701"},"modified":"2023-07-21T19:04:14","modified_gmt":"2023-07-22T00:04:14","slug":"eurodiputada-lina-galvez-la-ue-debe-proteger-a-mujeres-y-ninas-ucranianas-de-la-violencia-sexual-como-arma-de-guerra","status":"publish","type":"post","link":"https:\/\/redsemlac.com\/semmexico\/eurodiputada-lina-galvez-la-ue-debe-proteger-a-mujeres-y-ninas-ucranianas-de-la-violencia-sexual-como-arma-de-guerra\/","title":{"rendered":"Eurodiputada Lina G\u00e1lvez: \u00abLa UE debe proteger a mujeres y ni\u00f1as ucranianas de la violencia sexual como arma de guerra\u00bb"},"content":{"rendered":"\n<p class=\"wp-block-paragraph\">\u00abEuropa debe abrir los ojos a atrocidades como la maternidad subrogada\u00bb<\/p>\n\n\n\n<p class=\"wp-block-paragraph\">Redacci\u00f3n<\/p>\n\n\n\n<p class=\"wp-block-paragraph\">SemM\u00e9xico\/AmecoPress, \u00a0Madrid, Espa\u00f1a, 7 de \u00a0mayo 2022-\u00a0La eurodiputada socialista Lina G\u00e1lvez, miembro de la Comisi\u00f3n de Derechos de la Mujer e Igualdad de G\u00e9nero del Parlamento Europeo, ha reclamado a la UE protecci\u00f3n a las mujeres y ni\u00f1as de Ucrania de la violencia sexual \u00abcomo arma de guerra\u00bb, as\u00ed como acceso a servicios de salud sexual y reproductiva, incluida la atenci\u00f3n al aborto legal y seguro.<\/p>\n\n\n\n<div class=\"wp-block-image\"><figure class=\"aligncenter size-full\"><a href=\"https:\/\/redsemlac.com\/semmexico\/wp-content\/uploads\/2022\/05\/gpo-soc-02.png\"><img loading=\"lazy\" decoding=\"async\" width=\"680\" height=\"170\" src=\"https:\/\/redsemlac.com\/semmexico\/wp-content\/uploads\/2022\/05\/gpo-soc-02.png\" alt=\"\" class=\"wp-image-49704\"\/><\/a><\/figure><\/div>\n\n\n\n<p class=\"wp-block-paragraph\">\u00abLas consecuencias de una guerra son terribles y afectan de manera desproporcionada a mujeres y ni\u00f1os y ni\u00f1as, quienes suponen la mayor parte de aquellos que han abandonado Ucrania\u00bb, ha advertido G\u00e1lvez en el Pleno de la Euroc\u00e1mara. Por ello, ha apuntado que \u00abEuropa tambi\u00e9n debe participar en la recogida de pruebas contra las atrocidades de guerra cometidas, incluidas las violaciones, que no deben prescribir. Y abrir los ojos a la barbarie de la maternidad subrogada y no consentir la mercantilizaci\u00f3n y deshumanizaci\u00f3n que supone\u00bb, ha alertado.<\/p>\n\n\n\n<p class=\"wp-block-paragraph\">Asimismo, \u00abdebemos garantizar los derechos de las mujeres y ni\u00f1as en los meses que vendr\u00e1n, porque no podemos olvidar que nos encontramos en medio del desarrollo de una agenda antig\u00e9nero a nivel global que no respeta nuestros derechos, especialmente los sexuales y reproductivos\u00bb. Tambi\u00e9n ha reclamado atenci\u00f3n e inserci\u00f3n en los sistemas sociales y educativos en la UE y poner los fondos \u00abpara que se haga con dignidad\u00bb.<\/p>\n\n\n\n<p class=\"wp-block-paragraph\"><strong>Foto: Cedidas Grupo Socialista.<\/strong><\/p>\n","protected":false},"excerpt":{"rendered":"<p>La eurodiputada socialista Lina G\u00e1lvez, miembro de la Comisi\u00f3n de Derechos de la Mujer e Igualdad de G\u00e9nero del Parlamento Europeo, ha reclamado a la UE protecci\u00f3n a las mujeres y ni\u00f1as de Ucrania de la violencia sexual<\/p>\n","protected":false},"author":3,"featured_media":49703,"comment_status":"open","ping_status":"open","sticky":false,"template":"","format":"standard","meta":{"_monsterinsights_skip_tracking":false,"footnotes":""},"categories":[693,53],"tags":[],"class_list":["post-49701","post","type-post","status-publish","format-standard","has-post-thumbnail","category-693","category-internacional"],"_links":{"self":[{"href":"https:\/\/redsemlac.com\/semmexico\/wp-json\/wp\/v2\/posts\/49701","targetHints":{"allow":["GET"]}}],"collection":[{"href":"https:\/\/redsemlac.com\/semmexico\/wp-json\/wp\/v2\/posts"}],"about":[{"href":"https:\/\/redsemlac.com\/semmexico\/wp-json\/wp\/v2\/types\/post"}],"author":[{"embeddable":true,"href":"https:\/\/redsemlac.com\/semmexico\/wp-json\/wp\/v2\/users\/3"}],"replies":[{"embeddable":true,"href":"https:\/\/redsemlac.com\/semmexico\/wp-json\/wp\/v2\/comments?post=49701"}],"version-history":[{"count":0,"href":"https:\/\/redsemlac.com\/semmexico\/wp-json\/wp\/v2\/posts\/49701\/revisions"}],"wp:featuredmedia":[{"embeddable":true,"href":"https:\/\/redsemlac.com\/semmexico\/wp-json\/wp\/v2\/media\/49703"}],"wp:attachment":[{"href":"https:\/\/redsemlac.com\/semmexico\/wp-json\/wp\/v2\/media?parent=49701"}],"wp:term":[{"taxonomy":"category","embeddable":true,"href":"https:\/\/redsemlac.com\/semmexico\/wp-json\/wp\/v2\/categories?post=49701"},{"taxonomy":"post_tag","embeddable":true,"href":"https:\/\/redsemlac.com\/semmexico\/wp-json\/wp\/v2\/tags?post=49701"}],"curies":[{"name":"wp","href":"https:\/\/api.w.org\/{rel}","templated":true}]}}