{"id":49698,"date":"2022-05-07T11:42:52","date_gmt":"2022-05-07T17:42:52","guid":{"rendered":"https:\/\/redsemlac.com\/semmexico\/?p=49698"},"modified":"2023-07-21T19:04:14","modified_gmt":"2023-07-22T00:04:14","slug":"estamos-en-una-emergencia-nacional","status":"publish","type":"post","link":"https:\/\/redsemlac.com\/semmexico\/estamos-en-una-emergencia-nacional\/","title":{"rendered":"<strong>Estamos en una emergencia nacional<\/strong>"},"content":{"rendered":"\n<p class=\"wp-block-paragraph\">\u201c\u00bfDe qu\u00e9 sirve que encontremos cuerpos si no se identifican?\u201d: madre buscadora<\/p>\n\n\n\n<p class=\"wp-block-paragraph\">Colectivo pide empat\u00eda hacia quienes tienen un familiar desaparecido<\/p>\n\n\n\n<p class=\"wp-block-paragraph\">Luisa Gonz\u00e1lez&nbsp; &nbsp;&nbsp;<\/p>\n\n\n\n<p class=\"wp-block-paragraph\">SemM\u00e9xico\/GacetaUNAM, Cd. de M\u00e9xico, 7 de mayo, 2022.- \u00bfDe qu\u00e9 sirve que encontremos cuerpos si no se identifican? El pa\u00eds vive una crisis forense, por ello se necesitan m\u00e1s especialistas en identificaci\u00f3n y peritos. Necesitamos que la academia apoye porque estamos en una emergencia nacional\u201d, proclama Ang\u00e9lica Rodr\u00edguez Monroy, fundadora de Regresando a Casa Morelos, AC.<\/p>\n\n\n\n<p class=\"wp-block-paragraph\">Ang\u00e9lica busca a su hija Viridiana, estudiante de Psicolog\u00eda de la Universidad Aut\u00f3noma del Estado de Morelos (UAEM), quien desapareci\u00f3 en agosto de 2012 cuando acampaba con su pareja en un poblado de San Pedro Tlanixco, en el Estado de M\u00e9xico. El cuerpo y pertenencias de Beto fueron encontrados un mes despu\u00e9s y de ella no se sabe nada desde entonces.<\/p>\n\n\n\n<p class=\"wp-block-paragraph\">La vida de Ang\u00e9lica cambi\u00f3 radicalmente. Pidi\u00f3 permiso en su trabajo, una entidad bancaria, donde s\u00f3lo la esperaron un mes. Al t\u00e9rmino de ese tiempo le pidieron tomar una decisi\u00f3n: regresar a trabajar o dedicarse a buscar a su hija. Vendi\u00f3 su autom\u00f3vil y se cambi\u00f3 de domicilio para seguir buscando.<\/p>\n\n\n\n<p class=\"wp-block-paragraph\">Los amigos de Viridiana se solidarizaron y ayudaron en la difusi\u00f3n de fotograf\u00edas en redes sociales y organizaron marchas para pedir la cooperaci\u00f3n de las autoridades de la UAEM y la sociedad para encontrar a la alumna.<\/p>\n\n\n\n<p class=\"wp-block-paragraph\">En el proceso, Ang\u00e9lica tuvo la asesor\u00eda de un abogado, quien le aconsej\u00f3 hacer visibles y medi\u00e1ticos los casos para hacerlos del conocimiento de la sociedad y, sobre todo, del gobierno estatal. El abogado, quien tambi\u00e9n asesoraba a otras buscadoras, dej\u00f3 los casos luego de ser amenazado.<\/p>\n\n\n\n<p class=\"wp-block-paragraph\">A 10 a\u00f1os de b\u00fasqueda y de acompa\u00f1ar a otros familiares de desaparecidos, el colectivo cuenta con 30 integrantes en activo m\u00e1s otros elementos que siguen al grupo a distancia. En entrevista con&nbsp;<em>Gaceta UNAM<\/em>&nbsp;cuenta: \u201cLos colectivos hemos tenido que prepararnos, hablar ya de leyes que nosotros pedimos que se hicieran por la necesidad, por la mala experiencia en este caminar, entonces, existen protocolos y los colectivos ya saben qu\u00e9 sigue en las primeras 12, 24 y 72 horas (de desaparici\u00f3n)\u201d. Desde su experiencia, Ang\u00e9lica exhorta a construir pol\u00edticas p\u00fablicas para la prevenci\u00f3n; que la sociedad est\u00e9 consciente de lo que sucede y desde sus trincheras apoyen la causa.<\/p>\n\n\n\n<p class=\"wp-block-paragraph\"><strong>Vivir con miedo<\/strong><\/p>\n\n\n\n<p class=\"wp-block-paragraph\">La hermana de Yadira Mercado Ben\u00edtez, desapareci\u00f3 en 2012 al salir de la escuela, \u201cse la llevaron unas personas\u201d. La ausencia de Jessica trastoc\u00f3 a sus padres y hermanos, quienes fueron vigilados y amenazados de muerte si buscaban a la menor. La familia se fue separando poco a poco por miedo a perder a un integrante m\u00e1s; sin embargo, el pap\u00e1 busc\u00f3 por su cuenta en algunos lugares de Jojutla, sin resultados.<\/p>\n\n\n\n<p class=\"wp-block-paragraph\">La polic\u00eda de su municipio les aconsej\u00f3 no levantar denuncia porque \u201cestaba muy fuerte la red de trata\u201d. \u201cEmpiezas a vivir con miedo, a desconfiar de la gente\u201d, afirma en entrevista con<em>&nbsp;Gaceta UNAM<\/em>.<\/p>\n\n\n\n<p class=\"wp-block-paragraph\">Una amiga la anim\u00f3 a acercarse al colectivo pero ten\u00eda miedo, su esposo la anim\u00f3 a buscar esa posibilidad. \u201cEmpezamos por la Comisi\u00f3n de B\u00fasqueda de Personas. A pesar de que hab\u00edan pasado algunos a\u00f1os, parece como si hubiera sido ayer: levantar la denuncia para hacerlo formal, y en la entrevista fue revivir el momento y todo lo que pas\u00f3 despu\u00e9s, sus datos, se\u00f1as particulares, todo. Enseguida me llevaron a la Fiscal\u00eda, y se hicieron las cosas que tuvimos que hacer desde un principio pero por miedo no hab\u00edamos hecho\u201d.<\/p>\n\n\n\n<p class=\"wp-block-paragraph\">A casi ocho a\u00f1os de desaparici\u00f3n, Jessica fue identificada y localizada en una de las fosas irregulares en la comunidad de Tetelcingo gracias al apoyo y al acompa\u00f1amiento del colectivo.<\/p>\n\n\n\n<p class=\"wp-block-paragraph\">En 2020, Yadira se uni\u00f3 al colectivo y retom\u00f3 sus estudios en Pedagog\u00eda porque quiere hacer lo que su hermana ya no pudo. \u201cVoy a aprender lo m\u00e1s que pueda para ayudar y me voy a preparar porque tengo una hija y vivo con miedo\u201d, relata entre l\u00e1grimas. Afortunadamente cuenta con el apoyo de su esposo para seguir estudiando y ausentarse de casa cuando se une a la Brigada Nacional de B\u00fasqueda para explorar en fosas clandestinas.<\/p>\n\n\n\n<p class=\"wp-block-paragraph\">Finalmente, ambas buscadoras coinciden en pedir empat\u00eda hacia quienes tienen un familiar desaparecido y en no rendirse en su b\u00fasqueda, porque s\u00ed hay casos de \u00e9xito, aunque pocos, y porque \u201cnuestros hijos, d\u00f3nde est\u00e9n, esperan regresar con sus seres queridos; ya no buscamos s\u00f3lo a nuestros hijos sino a todos porque todos son nuestros hijos y nos hacen falta\u201d.<\/p>\n","protected":false},"excerpt":{"rendered":"<p>\u00bfDe qu\u00e9 sirve que encontremos cuerpos si no se identifican? El pa\u00eds vive una crisis forense, por ello se necesitan m\u00e1s especialistas en identificaci\u00f3n y peritos. Necesitamos que la academia apoye porque estamos en una emergencia nacional<\/p>\n","protected":false},"author":3,"featured_media":49699,"comment_status":"open","ping_status":"open","sticky":false,"template":"","format":"standard","meta":{"_monsterinsights_skip_tracking":false,"footnotes":""},"categories":[693,47],"tags":[],"class_list":["post-49698","post","type-post","status-publish","format-standard","has-post-thumbnail","category-693","category-no-mas-impunidad"],"_links":{"self":[{"href":"https:\/\/redsemlac.com\/semmexico\/wp-json\/wp\/v2\/posts\/49698","targetHints":{"allow":["GET"]}}],"collection":[{"href":"https:\/\/redsemlac.com\/semmexico\/wp-json\/wp\/v2\/posts"}],"about":[{"href":"https:\/\/redsemlac.com\/semmexico\/wp-json\/wp\/v2\/types\/post"}],"author":[{"embeddable":true,"href":"https:\/\/redsemlac.com\/semmexico\/wp-json\/wp\/v2\/users\/3"}],"replies":[{"embeddable":true,"href":"https:\/\/redsemlac.com\/semmexico\/wp-json\/wp\/v2\/comments?post=49698"}],"version-history":[{"count":0,"href":"https:\/\/redsemlac.com\/semmexico\/wp-json\/wp\/v2\/posts\/49698\/revisions"}],"wp:featuredmedia":[{"embeddable":true,"href":"https:\/\/redsemlac.com\/semmexico\/wp-json\/wp\/v2\/media\/49699"}],"wp:attachment":[{"href":"https:\/\/redsemlac.com\/semmexico\/wp-json\/wp\/v2\/media?parent=49698"}],"wp:term":[{"taxonomy":"category","embeddable":true,"href":"https:\/\/redsemlac.com\/semmexico\/wp-json\/wp\/v2\/categories?post=49698"},{"taxonomy":"post_tag","embeddable":true,"href":"https:\/\/redsemlac.com\/semmexico\/wp-json\/wp\/v2\/tags?post=49698"}],"curies":[{"name":"wp","href":"https:\/\/api.w.org\/{rel}","templated":true}]}}