{"id":49668,"date":"2022-05-06T10:16:54","date_gmt":"2022-05-06T16:16:54","guid":{"rendered":"https:\/\/redsemlac.com\/semmexico\/?p=49668"},"modified":"2023-07-21T19:04:16","modified_gmt":"2023-07-22T00:04:16","slug":"ambigu-los-cold-case-de-periodistas-en-las-cajas-de-la-impunidad","status":"publish","type":"post","link":"https:\/\/redsemlac.com\/semmexico\/ambigu-los-cold-case-de-periodistas-en-las-cajas-de-la-impunidad\/","title":{"rendered":"Ambig\u00fa| Los\u00a0cold case\u00a0de periodistas en las cajas de la impunidad"},"content":{"rendered":"\n<h2 class=\"wp-block-heading\" id=\"cuentas-publicas-los-que-pagan-son-los-ex-tesoreros\"><strong>+ Cuentas p\u00fablicas; los que pagan son los ex tesoreros<\/strong><\/h2>\n\n\n\n<p class=\"wp-block-paragraph\"><strong>Por: Martha Elba Torres Mart\u00ednez<\/strong><\/p>\n\n\n\n<p class=\"wp-block-paragraph\">SemM\u00e9xico. Morelia, Michoac\u00e1n, 06 de mayo 2022.- El fiscal General del Estado, Adri\u00e1n L\u00f3pez Sol\u00eds cumpli\u00f3 con su palabra, y anteayer por la ma\u00f1ana, entreg\u00f3 el informe de\u00a0<em>cold case<\/em>\u00a0(casos sin resolver) respecto a los 14 homicidios y tres desapariciones de periodistas. Tama\u00f1o ojotes habr\u00e1 pelado al abrir esas cajas de la impunidad.<\/p>\n\n\n\n<p class=\"wp-block-paragraph\">Estado actual de las cosas: De esos 17 homicidios y desapariciones, en solo uno hay detenidos; los registrados de 2019 a la fecha son casos abiertos. Desde el 22 de marzo, la Fiscal\u00eda General solicit\u00f3 a Fiscal\u00edas Regionales la remisi\u00f3n f\u00edsica de tres averiguaciones previas; el 5 de abril les record\u00f3 la petici\u00f3n y quedaba a espera de recibirlas. Al mi\u00e9rcoles 4 de mayo aun no llegaban.<\/p>\n\n\n\n<p class=\"wp-block-paragraph\">Jaime Arturo Olvera Bravo, de \u201cLa Voz de Michoac\u00e1n\u201d (9 marzo 2006); Gerardo Israel Garc\u00eda Pimentel, de \u201cLa Opini\u00f3n\u201d (8 diciembre 2007); Miguel \u00c1ngel Villag\u00f3mez Valle, \u201cLa Noticia de Michoac\u00e1n\u201d (9 octubre 2008); Mart\u00edn Javier Miranda Avil\u00e9s, de \u201cPanorama del Oriente\u201d (12 julio 2009); del notario Enrique Villica\u00f1a Palomares, articulista de \u201cLa Voz de Michoac\u00e1n\u201d (10 abril 2010); Hugo Alfredo Olivera Cartas, de \u201cEl D\u00eda de Michoac\u00e1n\u201d (6 julio 2010).<\/p>\n\n\n\n<p class=\"wp-block-paragraph\">Jos\u00e9 Antonio Aguilar Mota y Arturo Barajas L\u00f3pez, del \u201cDiario de Zamora\u201d (20 agosto 2012); Salvador Adame Pardo, de Canal 4Tv Nueva Italia (18 mayo 2017); Fidel \u00c1vila G\u00f3mez, Radiodifusora La Ke Buena (1 diciembre 2019); Luis Eduardo Ochoa Aguilar, de \u201cLa Voz\u201d (5 agosto 2020); Abraham Mendoza Mendoza, de Radio UVAQ (15 julio 2021); Roberto Toledo Barrera, colaborador de \u201cMonitor Michoac\u00e1n\u201d (31 enero 2022) y Armando Linares L\u00f3pez, director de \u201cMonitor Michoac\u00e1n\u201d (15 marzo 2022).<\/p>\n\n\n\n<p class=\"wp-block-paragraph\">Los desaparecidos: Mar\u00eda Esther Aguilar Casimbe, del \u201cDiario de Zamora\u201d (11 noviembre 2009); Ram\u00f3n \u00c1ngeles Zalpa, de \u201cCambio de Michoac\u00e1n\u201d (6 abril 2010) y cierra la lista de sangre -hasta ahora- con Antonio Garc\u00eda Apac, director del semanario \u201cEco de la Cuenca de Tepalcatepec\u201d, por ser el emblem\u00e1tico de la impunidad: el informe da fecha del \u201cInicio de Investigaci\u00f3n: 20 septiembre 2006\u201d. Actos de Investigaci\u00f3n realizados: en blanco.<\/p>\n\n\n\n<p class=\"wp-block-paragraph\">Por ello, su caso, como el de Mar\u00eda Esther y el de Aguilar Mota y Arturo Bajaras, fueron requeridos por el fiscal L\u00f3pez Sol\u00eds.<\/p>\n\n\n\n<p class=\"wp-block-paragraph\">Pero como el status de la APP de \u201cEl Chino\u201d Apac, est\u00e1 el de Gerardo Israel Garc\u00eda. La Subprocuradur\u00eda de Uruapan, turn\u00f3 por incompetencia a la PGR, mediante oficio con fecha 2 de mayo de 2008 y nunca se supo m\u00e1s.<\/p>\n\n\n\n<figure class=\"wp-block-image\"><img decoding=\"async\" src=\"https:\/\/cadasemana.semanariolosperiodistas.mx\/wp-content\/uploads\/2022\/05\/Captura-de-pantalla-2022-05-05-18.21.49-1024x487.png\" alt=\"\" class=\"wp-image-1775\"\/><\/figure>\n\n\n\n<p class=\"wp-block-paragraph\">O la de Villag\u00f3mez. La APP con n\u00famero MOCA\/02\/088\/2008, fue remitida a Chilpancingo, Guerrero, a la Fiscal\u00eda de Delitos Graves con fecha 28 de octubre de 2008, bajo n\u00famero de oficio 500\/2008 y radicada en el municipio de La Uni\u00f3n. La averiguaci\u00f3n previa de Mart\u00edn Miranda est\u00e1 \u201csuspendida\u201d desde 2009 porque a dos presuntos responsables no se les pudo acreditar responsabilidad.<\/p>\n\n\n\n<p class=\"wp-block-paragraph\">El homicidio calificado de Hugo Alfredo Ortega, lo tiene la Fiscal\u00eda Regional de Apatzing\u00e1n en \u201carchivo temporal\u201d desde hace 12 a\u00f1os; todo, porque el presunto responsable Otilio \u201cA\u201d tuvo que salir de viaje. Nunca lo encontraron porque nunca lo buscaron.<\/p>\n\n\n\n<p class=\"wp-block-paragraph\">Otros asesinatos en \u201carchivo temporal\u201d la \u00faltima d\u00e9cada, es el del fot\u00f3grafo Jos\u00e9 Antonio Aguilar y su compa\u00f1ero Arturo Barajas.<\/p>\n\n\n\n<p class=\"wp-block-paragraph\">En Nueva Italia y sus alrededores, todos saben qui\u00e9n mat\u00f3 a Chava Adame y lo supo la PGR por \u201cEl Cabezas\u201d: Feliciano L. R. al\u00edas \u201cEl Chano Pe\u00f1a\u201d, tampoco lo detuvieron.<\/p>\n\n\n\n<p class=\"wp-block-paragraph\">Rescato el valor de este informe presentado por la Fiscal\u00eda General del Estado, primero, porque es el segundo que conoce el gremio period\u00edstico sobre los asesinatos de nuestros compa\u00f1eros y compa\u00f1era en los \u00faltimos 20 a\u00f1os, y segundo, porque desde L\u00e1zaro C\u00e1rdenas Batel para ac\u00e1, todos los gobernadores juraron en su momento, que no quedar\u00edan impunes y se llegar\u00eda \u201chasta sus \u00faltimas consecuencias\u201d.<\/p>\n\n\n\n<p class=\"wp-block-paragraph\">El \u00fanico caso donde hay tres sujetos vinculados a proceso, es el de Abraham Mendoza; respecto a Armando Linares, est\u00e1n identificados los autores materiales Carlos Gerardo S\u00e1nchez Mendoza y Magdiel Urbina Chimal, pero no los ubican ni siquiera con oferta de recompensa de 100 mil pesos.<\/p>\n\n\n\n<p class=\"wp-block-paragraph\">A los desaparecidos, Mar\u00eda Esther, a Ram\u00f3n y particularmente al \u201cChino\u201d Apac, los conoc\u00ed.<\/p>\n\n\n\n<p class=\"wp-block-paragraph\">Me doli\u00f3 el coraz\u00f3n al preguntar a colegas de la regi\u00f3n Caliente, qu\u00e9 hab\u00eda pasado con Apac:<\/p>\n\n\n\n<p class=\"wp-block-paragraph\">-Marthita, est\u00e1 en el fondo del infierno.<\/p>\n\n\n\n<p class=\"wp-block-paragraph\">Entend\u00ed el dato macabro: la presa \u201cInfiernillo\u201d. \u00bfCu\u00e1ntos desaparecidos y desaparecidas habr\u00e1 en las 24 presas de Michoac\u00e1n?<\/p>\n\n\n\n<p class=\"wp-block-paragraph\">No se si este logr\u00f3 del colectivo #Niunom\u00e1s se haya alcanzado en otros estados. Lo que si me consta es la tenacidad y coraje del gremio michoacano por descobijar la apat\u00eda e impunidad sobre los asesinatos de periodistas que, parad\u00f3jicamente, ni siquiera conocieron.<\/p>\n\n\n\n<p class=\"wp-block-paragraph\">El 26 de abril, el subsecretario de Derechos Humanos, Poblaci\u00f3n y Migraci\u00f3n de la Segob, Alejandro Encinas, vino a firmar con el gobernador Alfredo Ram\u00edrez Bedolla, el convenio para la implementaci\u00f3n del mecanismo federal de Protecci\u00f3n a Personas Defensoras de Derechos Humanos y Periodistas para \u201cgarantizar los derechos a la libre expresi\u00f3n y el activismo\u201d.<\/p>\n\n\n\n<figure class=\"wp-block-image\"><img decoding=\"async\" src=\"https:\/\/cadasemana.semanariolosperiodistas.mx\/wp-content\/uploads\/2022\/05\/WhatsApp-Image-2022-05-05-at-7.28.46-PM-1024x682.jpeg\" alt=\"\" class=\"wp-image-1777\"\/><\/figure>\n\n\n\n<p class=\"wp-block-paragraph\">Chido. Un montonal de funcionarios, dos activistas -Gerardo Herrera y Circe L\u00f3pez- y un periodista Andr\u00e9s Resillas, de la AMPAC. El mecanismo estatal, \u201cen fr\u00edo\u201d, por la oficiosa actitud por parte de los bedollistas y el decoro de #Niunom\u00e1s\u2026<\/p>\n\n\n\n<p class=\"has-text-align-center wp-block-paragraph\"><strong>***<\/strong><\/p>\n\n\n\n<p class=\"wp-block-paragraph\">Mucho show medi\u00e1tico por parte de las legislaturas locales en turno con la aprobaci\u00f3n o reprobaci\u00f3n de cuentas p\u00fablicas a gobernadores en su momento.<\/p>\n\n\n\n<p class=\"wp-block-paragraph\">Lo sucedido ahora con Silvano Aureoles con la Cuenta 2020, lo vivi\u00f3 Leonel Godoy con su Cuenta del 2011, porque sobre tanto jaloneo y declaraciones, al final fue aprobada. La deuda p\u00fablica que dej\u00f3 era de 41 mil millones de pesos; la de SAC, 22 mil mdp. En el corto ejercicio gubernamental de tres a\u00f1os y nueve meses, a Fausto Vallejo y al sustituto Salvador Jara les reprobaron las cuentas.<\/p>\n\n\n\n<p class=\"wp-block-paragraph\">\u00bfY qu\u00e9 pas\u00f3? A los gobernadores, nada. A sus tesoreros s\u00ed. Humberto Su\u00e1rez y Mirella Guzm\u00e1n, de Leonel Godoy, como sea, la libraron. Pero Luis Miranda, de Vallejo Figueroa y Miguel L\u00f3pez Miranda, de Jara Guerrero, tuvieron que enfrentar procesos judiciales que a\u00fan no cierran.<\/p>\n\n\n\n<p class=\"wp-block-paragraph\">Nada menos, el 9 de marzo de este a\u00f1o, el pleno del Tribunal Federal de Justicia Administrativa (TFJA) confirm\u00f3 la resoluci\u00f3n de la Auditor\u00eda Superior de la Federaci\u00f3n (ASF), que impuso a Miguel L\u00f3pez, el pago de una responsabilidad resarcitoria por mil 173.6 millones pesos, que fueron destinados para diversos programas del Seguro Popular entre 2009 al 2012.<\/p>\n\n\n\n<p class=\"wp-block-paragraph\">Por unanimidad de votos, la Sala Superior del tribunal aprob\u00f3 el proyecto del magistrado Carlos Mena Adame, quien dijo que de acuerdo a las autoridades, el da\u00f1o recae en el quejoso porque en su encargo de secretario de finanzas y administraci\u00f3n del gobierno de Michoac\u00e1n, omiti\u00f3 controlar el ejercicio del presupuesto del gobierno del estado con base en los programas para cada una de la dependencia.<\/p>\n\n\n\n<p class=\"wp-block-paragraph\">\u201cNo reintegr\u00f3 a la tesorer\u00eda de la Federaci\u00f3n el saldo que al 19 de mayo de 2015 se encontraba en la cuenta bancaria a nombre de Seguro Popular del estado, cantidad que tampoco fue transferida al organismo ejecutado. Por tanto, no se cumpli\u00f3 con el objetivo para que fue destinado\u201d.<\/p>\n\n\n\n<p class=\"wp-block-paragraph\">O sea, le toca pagar los platos rotos desde el gobierno de Godoy Rangel.<\/p>\n\n\n\n<p class=\"wp-block-paragraph\">Pero hay que considerar, en honor a la verdad, que las gestiones de Fausto y de Salvador estuvieron supeditadas a las decisiones y caprichos del virrey Alfredo Castillo, quien era realmente la \u00faltima palabra en el manejo del erario p\u00fablico michoacano.<\/p>\n\n\n\n<p class=\"wp-block-paragraph\">Ahora en capilla, seguramente queda el ex tesorero de Silvano, Carlos Maldonado, pero que mientras disfrute la buena vida en Miami, a donde -me contaron- se fue a radicar\u2026<\/p>\n","protected":false},"excerpt":{"rendered":"<p> Cuentas p\u00fablicas; los que pagan son los ex tesoreros<\/p>\n","protected":false},"author":3,"featured_media":9303,"comment_status":"open","ping_status":"open","sticky":false,"template":"","format":"standard","meta":{"_monsterinsights_skip_tracking":false,"footnotes":""},"categories":[693,99,90,35],"tags":[459],"class_list":["post-49668","post","type-post","status-publish","format-standard","has-post-thumbnail","category-693","category-ambigu","category-martha-elba-torres-martinez","category-opinion","tag-opinion"],"_links":{"self":[{"href":"https:\/\/redsemlac.com\/semmexico\/wp-json\/wp\/v2\/posts\/49668","targetHints":{"allow":["GET"]}}],"collection":[{"href":"https:\/\/redsemlac.com\/semmexico\/wp-json\/wp\/v2\/posts"}],"about":[{"href":"https:\/\/redsemlac.com\/semmexico\/wp-json\/wp\/v2\/types\/post"}],"author":[{"embeddable":true,"href":"https:\/\/redsemlac.com\/semmexico\/wp-json\/wp\/v2\/users\/3"}],"replies":[{"embeddable":true,"href":"https:\/\/redsemlac.com\/semmexico\/wp-json\/wp\/v2\/comments?post=49668"}],"version-history":[{"count":0,"href":"https:\/\/redsemlac.com\/semmexico\/wp-json\/wp\/v2\/posts\/49668\/revisions"}],"wp:featuredmedia":[{"embeddable":true,"href":"https:\/\/redsemlac.com\/semmexico\/wp-json\/wp\/v2\/media\/9303"}],"wp:attachment":[{"href":"https:\/\/redsemlac.com\/semmexico\/wp-json\/wp\/v2\/media?parent=49668"}],"wp:term":[{"taxonomy":"category","embeddable":true,"href":"https:\/\/redsemlac.com\/semmexico\/wp-json\/wp\/v2\/categories?post=49668"},{"taxonomy":"post_tag","embeddable":true,"href":"https:\/\/redsemlac.com\/semmexico\/wp-json\/wp\/v2\/tags?post=49668"}],"curies":[{"name":"wp","href":"https:\/\/api.w.org\/{rel}","templated":true}]}}