{"id":49660,"date":"2022-05-06T12:08:00","date_gmt":"2022-05-06T18:08:00","guid":{"rendered":"https:\/\/redsemlac.com\/semmexico\/?p=49660"},"modified":"2023-07-21T19:04:15","modified_gmt":"2023-07-22T00:04:15","slug":"7-feminicidios-y-20-desapariciones-de-mujeres-en-guerrero-en-2022","status":"publish","type":"post","link":"https:\/\/redsemlac.com\/semmexico\/7-feminicidios-y-20-desapariciones-de-mujeres-en-guerrero-en-2022\/","title":{"rendered":"7 feminicidios y 20 desapariciones de mujeres en Guerrero en 2022"},"content":{"rendered":"\n<ul class=\"wp-block-list\"><li><strong>La Comisi\u00f3n de Derechos Humanos de la entidad alerta: no hay investigaci\u00f3n<\/strong><\/li><\/ul>\n\n\n\n<p class=\"wp-block-paragraph\"><strong>Josefina Aguilar Pastor&nbsp;&nbsp;&nbsp;<\/strong><strong><\/strong><\/p>\n\n\n\n<p class=\"wp-block-paragraph\">SemM\u00e9xico, Chilpancingo. Guerrero,&nbsp;6 de mayo de 2022.- La Comisi\u00f3n de Derechos Humanos del Estado de Guerrero (CDHG), expres\u00f3 su preocupaci\u00f3n por el incremento de la violencia contra mujeres, ni\u00f1as y adolescentes en el Estado de Guerrero, se requiere, indic\u00f3, de investigaciones prontas y eficaces, apegadas a los par\u00e1metros internacionales en la materia y con perspectiva de g\u00e9nero.&nbsp;<\/p>\n\n\n\n<p class=\"wp-block-paragraph\">La CDHG, emiti\u00f3 un comunicado en el que extern\u00f3 su preocupaci\u00f3n por el incremento de la violencia contra las mujeres, como ejemplo mencion\u00f3 el de dos mujeres asesinadas en Ayutla de los Libres, otras m\u00e1s privadas de la vida en Chilpancingo, dos m\u00e1s atacadas en Xaltianguis; las desapariciones de m\u00e1s de veinte mujeres en lo que va del a\u00f1o, as\u00ed&nbsp;como el caso de otra mujer hallada muerta sobre la carretera Taxco-Cuernavaca.&nbsp;<\/p>\n\n\n\n<p class=\"wp-block-paragraph\">Estos,&nbsp;indic\u00f3,&nbsp;son solo algunos de los casos m\u00e1s recientes que ejemplifican esta violencia contra las mujeres y que esta Comisi\u00f3n de los Derechos Humanos del Estado de Guerrero condena en\u00e9rgicamente.&nbsp;<\/p>\n\n\n\n<p class=\"wp-block-paragraph\">\u201cAnte tal escenario la Comisi\u00f3n de los Derechos Humanos del Estado de Guerrero, observa con preocupaci\u00f3n diversos acontecimientos y situaciones suscitadas en nuestra entidad que laceran los derechos de (\u2026) aquellos sectores con mayor grado de vulnerabilidad, como son las mujeres, ni\u00f1as y adolescentes; vemos con preocupaci\u00f3n las noticias que dan cuenta de desapariciones de mujeres en nuestro estado, feminicidios, violaciones y otros casos m\u00e1s de violencia en agravio de nuestras mujeres, ni\u00f1as y adolescentes en diversos puntos de la geograf\u00eda guerrerense, no obstante la declaratoria de Alerta de Violencia de G\u00e9nero en el estado\u201d.&nbsp;<\/p>\n\n\n\n<p class=\"wp-block-paragraph\">Desafortunadamente indic\u00f3,&nbsp;factores como una acendrada cultura en el entorno social, derivada de relaciones hist\u00f3ricas de poder del hombre hacia la mujer, la marginaci\u00f3n y la impunidad inciden en conductas reiterativas generadoras de violencia, producen ambientes permisivos de vulneraci\u00f3n a los derechos de las mujeres, a quienes se responsabiliza de las agresiones que padecen con argumentos incomprensibles como su vestimenta, sus actividades sociales y\/o laborales o su situaci\u00f3n personal.&nbsp;<\/p>\n\n\n\n<p class=\"wp-block-paragraph\">&nbsp;La CDHEG, admiti\u00f3 que mientras el fen\u00f3meno de cr\u00edmenes de odio siga, no habr\u00e1&nbsp;justicia, seguridad, paz social y progreso, no podremos tener una sociedad pacifica donde impere el estado de derecho.&nbsp;<\/p>\n\n\n\n<p class=\"wp-block-paragraph\">Agreg\u00f3 que&nbsp;como sociedad se debe construir un pa\u00eds con un tejido social regenerado, la sociedad civil debe general inercias para que esto cambie, pero se requiere la participaci\u00f3n de todas y todos, autoridades, organizaciones civiles, las universidades y los centros educativos, mujeres y hombres comprometidos con un verdadero cambio.&nbsp;<\/p>\n\n\n\n<p class=\"wp-block-paragraph\">Que se termine con la impunidad, con el no pasa nada, donde el hecho de ser mujer y ser pobre, permita que no pase nada ante una desaparici\u00f3n o cualquier otra agresi\u00f3n.&nbsp;<\/p>\n\n\n\n<p class=\"wp-block-paragraph\">La CDHEG tambi\u00e9n se\u00f1al\u00f3, que&nbsp;Se requiere adem\u00e1s de investigaciones prontas y eficaces, apegadas a los par\u00e1metros internacionales en la materia y con perspectiva de g\u00e9nero.&nbsp;<\/p>\n","protected":false},"excerpt":{"rendered":"<p>La Comisi\u00f3n de Derechos Humanos de la entidad alerta: no hay investigaci\u00f3n<\/p>\n","protected":false},"author":3,"featured_media":49661,"comment_status":"open","ping_status":"open","sticky":false,"template":"","format":"standard","meta":{"_monsterinsights_skip_tracking":false,"footnotes":""},"categories":[693,47,48],"tags":[144,149,142],"class_list":["post-49660","post","type-post","status-publish","format-standard","has-post-thumbnail","category-693","category-no-mas-impunidad","category-no-mas-impunidad-no-mas-impunidad","tag-guerrero","tag-mujeres","tag-violencia"],"_links":{"self":[{"href":"https:\/\/redsemlac.com\/semmexico\/wp-json\/wp\/v2\/posts\/49660","targetHints":{"allow":["GET"]}}],"collection":[{"href":"https:\/\/redsemlac.com\/semmexico\/wp-json\/wp\/v2\/posts"}],"about":[{"href":"https:\/\/redsemlac.com\/semmexico\/wp-json\/wp\/v2\/types\/post"}],"author":[{"embeddable":true,"href":"https:\/\/redsemlac.com\/semmexico\/wp-json\/wp\/v2\/users\/3"}],"replies":[{"embeddable":true,"href":"https:\/\/redsemlac.com\/semmexico\/wp-json\/wp\/v2\/comments?post=49660"}],"version-history":[{"count":0,"href":"https:\/\/redsemlac.com\/semmexico\/wp-json\/wp\/v2\/posts\/49660\/revisions"}],"wp:featuredmedia":[{"embeddable":true,"href":"https:\/\/redsemlac.com\/semmexico\/wp-json\/wp\/v2\/media\/49661"}],"wp:attachment":[{"href":"https:\/\/redsemlac.com\/semmexico\/wp-json\/wp\/v2\/media?parent=49660"}],"wp:term":[{"taxonomy":"category","embeddable":true,"href":"https:\/\/redsemlac.com\/semmexico\/wp-json\/wp\/v2\/categories?post=49660"},{"taxonomy":"post_tag","embeddable":true,"href":"https:\/\/redsemlac.com\/semmexico\/wp-json\/wp\/v2\/tags?post=49660"}],"curies":[{"name":"wp","href":"https:\/\/api.w.org\/{rel}","templated":true}]}}