{"id":4964,"date":"2018-11-20T19:13:19","date_gmt":"2018-11-20T19:13:19","guid":{"rendered":"https:\/\/redsemlac.com\/semmexico\/?p=4964"},"modified":"2023-07-21T14:34:13","modified_gmt":"2023-07-21T19:34:13","slug":"el-permiso-debera-ser-con-goce-de-sueldo","status":"publish","type":"post","link":"https:\/\/redsemlac.com\/semmexico\/el-permiso-debera-ser-con-goce-de-sueldo\/","title":{"rendered":"El permiso deber\u00e1 ser con goce de sueldo."},"content":{"rendered":"\n<p class=\"wp-block-paragraph\"><a href=\"https:\/\/www.semmexico.com\/gallery-post.php?id=6401#\">Redacci\u00f3n<\/a><\/p>\n\n\n\n<p class=\"wp-block-paragraph\">SemM\u00e9xico, Cd. de M\u00e9xico, 20 noviembre 2018.- Adicionar la Ley Federal del Trabajo para que sea obligaci\u00f3n de los patrones otorgar a sus empleadas un d\u00eda de licencia al a\u00f1o, con goce de sueldo, para que se realicen estudios de mastograf\u00eda y ginecolog\u00eda acreditando su realizaci\u00f3n, propuso la diputada Leticia Mariana G\u00f3mez Ordaz.<\/p>\n\n\n\n<p class=\"wp-block-paragraph\">La legisladora integrante de la Comisi\u00f3n de Salud propuso adicionar una fracci\u00f3n XXX al art\u00edculo 132 de la Ley Federal de Trabajo, luego de explicar el alarmante n\u00famero de casos de c\u00e1ncer de mama en nuestro pa\u00eds, dice un comunicado.<\/p>\n\n\n\n<p class=\"wp-block-paragraph\">Se\u00f1al\u00f3 que, de acuerdo al Programa de Prevenci\u00f3n y Control del C\u00e1ncer de la Mujer, de la Secretar\u00eda de Salud, el c\u00e1ncer de mama ocupa el primer lugar en incidencia de neoplasias malignas (tumores) en las mujeres, principalmente entre 40 y 59 a\u00f1os de edad.<\/p>\n\n\n\n<p class=\"wp-block-paragraph\">Refiri\u00f3 que, seg\u00fan datos del Instituto Mexicano del Seguro Social, esta enfermedad es la primera causa de muerte en dicha instituci\u00f3n y la cuarta de mayor gasto, con 3 mil 143 millones de pesos en 2016.<\/p>\n\n\n\n<p class=\"wp-block-paragraph\">La diputada del PVEM explic\u00f3 que la mastograf\u00eda es el principal m\u00e9todo utilizado para su detecci\u00f3n, por ser el \u00fanico estudio con im\u00e1genes que detecta las descripciones malignas desde los 18 meses hasta cuatro a\u00f1os antes de que la lesi\u00f3n sea cl\u00ednicamente evidente, quedando claro que la detecci\u00f3n oportuna mejora el pron\u00f3stico de supervivencia.<\/p>\n\n\n\n<p class=\"wp-block-paragraph\">Explic\u00f3 que su iniciativa, suscrita tambi\u00e9n por integrantes del PVEM y Morena, y remitida a la Comisi\u00f3n de Trabajo y Previsi\u00f3n Social, busca que las mujeres participen plenamente en acciones de prevenci\u00f3n.<\/p>\n\n\n\n<p class=\"wp-block-paragraph\">G\u00f3mez Ordaz resalt\u00f3 que la licencia no representar\u00eda una p\u00e9rdida significativa para el patr\u00f3n, especialmente si se compara con los enormes beneficios que puede generar para nuestro sistema de salud.<\/p>\n\n\n\n<p class=\"wp-block-paragraph\"><strong>Generar conciencia entre la poblaci\u00f3n<\/strong><\/p>\n\n\n\n<p class=\"wp-block-paragraph\">Resalt\u00f3 la importancia de generar conciencia entre la poblaci\u00f3n sobre acudir peri\u00f3dicamente a realizarse ex\u00e1menes m\u00e9dicos (mastograf\u00eda, ultrasonido y resonancia magn\u00e9tica), con el objetivo de detectar a tiempo la presencia de tumores malignos.<\/p>\n\n\n\n<p class=\"wp-block-paragraph\">Las mujeres afectadas por este padecimiento, indic\u00f3, enfrentan consecuencias que adem\u00e1s de poner en riesgo su bienestar, afectan significativamente su n\u00facleo social y familiar, pues quienes las rodean tambi\u00e9n tienen impactos negativos en su estabilidad emocional.<\/p>\n\n\n\n<p class=\"wp-block-paragraph\">Adem\u00e1s, sufren cambios f\u00edsicos a causa de las terapias para su tratamiento y, en algunas ocasiones, la extirpaci\u00f3n de sus gl\u00e1ndulas mamarias. Asimismo, los altos costos de su atenci\u00f3n m\u00e9dica y el abandono laboral provocado por la necesidad de atenderse, pueden culminar en la p\u00e9rdida de su empleo.<\/p>\n\n\n\n<p class=\"wp-block-paragraph\">Lament\u00f3 que muchas mujeres, a pesar de contar con la informaci\u00f3n sobre la importancia de la detecci\u00f3n, no acudan a realizarse el estudio y una de las razones es la falta de tiempo, pues acudir al m\u00e9dico, representa una p\u00e9rdida de la jornada laboral, y con ello el descuento de un d\u00eda de salario.<\/p>\n\n\n\n<p class=\"wp-block-paragraph\">SEM\/sj<\/p>\n","protected":false},"excerpt":{"rendered":"<p>Redacci\u00f3n SemM\u00e9xico, Cd. de M\u00e9xico, 20 noviembre 2018.- Adicionar la Ley Federal del Trabajo para que sea obligaci\u00f3n de los patrones otorgar a sus empleadas un d\u00eda de licencia al a\u00f1o, con goce de sueldo, para que se realicen estudios de mastograf\u00eda y ginecolog\u00eda acreditando su realizaci\u00f3n, propuso la diputada Leticia Mariana G\u00f3mez Ordaz. La [&hellip;]<\/p>\n","protected":false},"author":3,"featured_media":4965,"comment_status":"open","ping_status":"open","sticky":false,"template":"","format":"standard","meta":{"_monsterinsights_skip_tracking":false,"footnotes":""},"categories":[689,50],"tags":[],"class_list":["post-4964","post","type-post","status-publish","format-standard","has-post-thumbnail","category-689","category-congreso"],"_links":{"self":[{"href":"https:\/\/redsemlac.com\/semmexico\/wp-json\/wp\/v2\/posts\/4964","targetHints":{"allow":["GET"]}}],"collection":[{"href":"https:\/\/redsemlac.com\/semmexico\/wp-json\/wp\/v2\/posts"}],"about":[{"href":"https:\/\/redsemlac.com\/semmexico\/wp-json\/wp\/v2\/types\/post"}],"author":[{"embeddable":true,"href":"https:\/\/redsemlac.com\/semmexico\/wp-json\/wp\/v2\/users\/3"}],"replies":[{"embeddable":true,"href":"https:\/\/redsemlac.com\/semmexico\/wp-json\/wp\/v2\/comments?post=4964"}],"version-history":[{"count":0,"href":"https:\/\/redsemlac.com\/semmexico\/wp-json\/wp\/v2\/posts\/4964\/revisions"}],"wp:featuredmedia":[{"embeddable":true,"href":"https:\/\/redsemlac.com\/semmexico\/wp-json\/wp\/v2\/media\/4965"}],"wp:attachment":[{"href":"https:\/\/redsemlac.com\/semmexico\/wp-json\/wp\/v2\/media?parent=4964"}],"wp:term":[{"taxonomy":"category","embeddable":true,"href":"https:\/\/redsemlac.com\/semmexico\/wp-json\/wp\/v2\/categories?post=4964"},{"taxonomy":"post_tag","embeddable":true,"href":"https:\/\/redsemlac.com\/semmexico\/wp-json\/wp\/v2\/tags?post=4964"}],"curies":[{"name":"wp","href":"https:\/\/api.w.org\/{rel}","templated":true}]}}