{"id":4958,"date":"2018-11-20T19:10:27","date_gmt":"2018-11-20T19:10:27","guid":{"rendered":"https:\/\/redsemlac.com\/semmexico\/?p=4958"},"modified":"2023-07-21T14:34:13","modified_gmt":"2023-07-21T19:34:13","slug":"no-debe-haber-impunidad-propone-la-legisladora-guadalupe-almaguer","status":"publish","type":"post","link":"https:\/\/redsemlac.com\/semmexico\/no-debe-haber-impunidad-propone-la-legisladora-guadalupe-almaguer\/","title":{"rendered":"No debe haber impunidad, propone la legisladora Guadalupe Almaguer"},"content":{"rendered":"\n<p class=\"wp-block-paragraph\"><a href=\"https:\/\/www.semmexico.com\/gallery-post.php?id=6404#\">Gabriela Ram\u00edrez<\/a><\/p>\n\n\n\n<p class=\"wp-block-paragraph\">SemM\u00e9xico, Cd. de M\u00e9xico, 20 noviembre 2018.- La Comisi\u00f3n de Justicia de la C\u00e1mara de Diputados federal aprob\u00f3 un punto de acuerdo, por el que se exhorta al titular de la Fiscal\u00eda General del Estado de Oaxaca a agotar las investigaciones que permitan detener y procesar al o los responsables del asesinato de la fot\u00f3grafa Mar\u00eda del Sol Cruz Jarqu\u00edn.<\/p>\n\n\n\n<p class=\"wp-block-paragraph\">El punto de acuerdo, que ser\u00e1 llevado al pleno, propuesto por la legisladora Guadalupe Almaguer Pardo, del grupo parlamentario del Partido de la Revoluci\u00f3n Democr\u00e1tica (PRD) sobre el homicidio de la fot\u00f3grafa Mar\u00eda del Sol Cruz Jarqu\u00edn, ocurrido el pasado 2 de junio en Juchit\u00e1n de Zaragoza, en el que tambi\u00e9n fueron asesinados Pamela Ter\u00e1n Pineda, integrante de la planilla del PRI-PVEM-PNA a la presidencia municipal de ese ayuntamiento, y su chofer Adelfo Guerra Jim\u00e9nez.<\/p>\n\n\n\n<p class=\"wp-block-paragraph\">El punto de acuerdo presentado el pasado 23 de octubre de 2018, fue turnado a la Comisi\u00f3n de Justicia, quien present\u00f3 el dictamen el pasado 14 de noviembre.<\/p>\n\n\n\n<p class=\"wp-block-paragraph\">Explica que de acuerdo con el informe de la consultor\u00eda Entellekt entre septiembre de 2017 y mayo de 2018 se registraron 112 homicidios de pol\u00edticos y aspirantes a cargos de elecci\u00f3n popular, lo que equivale a un 385&nbsp; por ciento m\u00e1s que en el periodo de elecciones de 2015.<\/p>\n\n\n\n<p class=\"wp-block-paragraph\">En las mismas fechas se registraron 44 atentados contra familiares de pol\u00edticos, siendo Guerrero la entidad con mayor n\u00famero de ejecuciones y agresiones a pol\u00edticos, hombres y mujeres, seguido de Oaxaca.<\/p>\n\n\n\n<p class=\"wp-block-paragraph\">Las y los diputados consideran que es sumamente grave y preocupante la cantidad de reacciones violentas que se suscitaron en el pasado periodo electoral porque no s\u00f3lo afectan la paz y la seguridad de la poblaci\u00f3n mexicana, tambi\u00e9n afectan gravemente a la democracia del pa\u00eds.<\/p>\n\n\n\n<p class=\"wp-block-paragraph\">En ese sentido, refieren que ese tipo de acciones no pueden, de ninguna forma quedar impunes. Es deber del Estado Mexicano en los tres \u00f3rdenes de gobierno, en el \u00e1mbito de su competencia, el que se cumplimente lo establecido en el apartado A, del art\u00edculo 20 Constitucional: proteger al inocente, procurar que el culpable no quede impune y que los da\u00f1os causados por el delito se reparen.<\/p>\n\n\n\n<p class=\"wp-block-paragraph\">De la exposici\u00f3n de motivos se destaca:<em>&nbsp;fue detenido un presunto responsable autor material del asesinato, mismo que fue liberado apenas ocho d\u00edas despu\u00e9s, el pasado mes de septiembre. La defensa present\u00f3 a tres testigos que no estuvieron en el lugar de los hechos, un arquitecto -perito- que reconoci\u00f3 no ser experto en georreferenciaci\u00f3n, as\u00ed como el testimonio de un polic\u00eda municipal que no reconoci\u00f3 al inculpado como el joven que pidi\u00f3 auxilio, lo que de acuerdo con la defensa lo ubicaba en un lugar distinto al de los hechos.<\/em><\/p>\n\n\n\n<p class=\"wp-block-paragraph\"><em>El juez de control de Juchit\u00e1n en cambi\u00f3 decidi\u00f3 desechar el testimonio de un testigo protegido de la Fiscal\u00eda General de Oaxaca, quien s\u00ed estaba en el lugar de los hechos y reconoci\u00f3 al inculpado. Esa misma instancia tampoco ha podido detener a otro presunto responsable del crimen que se dio a la fuga. Ambos inculpados trabajaban con los Montero L\u00f3pez, y uno de ellos es su familiar. El caso sigue hoy impune.<\/em><\/p>\n\n\n\n<p class=\"wp-block-paragraph\"><em>&nbsp;La periodista Soledad Jarqu\u00edn Edgar, madre de Mar\u00eda del Sol, present\u00f3 una denuncia por delito electoral ante la Fiscal\u00eda Especializada en Delitos Electorales de Oaxaca, en contra del ex Secretario de Asuntos Ind\u00edgenas del gobierno del Estado, Francisco Montero L\u00f3pez y su hermano el candidato a la primera concejal\u00eda al ayuntamiento de Juchit\u00e1n de Zaragoza, Hageo Montero L\u00f3pez.<\/em><\/p>\n\n\n\n<p class=\"wp-block-paragraph\"><em>Ella aport\u00f3 pruebas suficientes que demostraban como su hija Mar\u00eda del Sol Cruz Jarqu\u00edn, jefa del Departamento de Comunicaci\u00f3n Ind\u00edgena Intercultural, es decir, servidora p\u00fablica del gobierno estatal,-hab\u00eda sido obligada a costa de perder su empleo por su entonces jefe, el Secretario de Asuntos Ind\u00edgenas del gobierno del Estado, a trasladarse a Juchit\u00e1n de Zaragoza, para apoyar con su trabajo la candidatura de su hermano Hageo Montero L\u00f3pez, a la primera concejal\u00eda del Ayuntamiento ubicado en la regi\u00f3n del istmo.- La Fiscal\u00eda General del Estado de Oaxaca pese a haber concluido el expediente hace dos meses, inexplicablemente, no ha vinculado a proceso.<\/em><\/p>\n\n\n\n<p class=\"wp-block-paragraph\"><em>La propia Fiscal\u00eda estatal no ha procedido en contra de los presuntos responsables del equipo de robo del equipo de c\u00f3mputo, una c\u00e1mara fotogr\u00e1fica y una c\u00e1mara de video, propiedad de Mar\u00eda del Sol, pese a que cuenta con datos concretos sobre los responsables. Equipo donde habr\u00eda material fotogr\u00e1fico y de video que demostrar\u00eda que se encontraba en Juchit\u00e1n para apoyar la campa\u00f1a priista.<\/em><\/p>\n\n\n\n<p class=\"wp-block-paragraph\"><em>Cabe se\u00f1alar que la propia Soledad Jarqu\u00edn Edgar present\u00f3 un Procedimiento Especial Sancionador en contra del candidato Hageo Montero L\u00f3pez y de su hermano Francisco Montero L\u00f3pez, por el uso ilegal de recursos p\u00fablicos, materiales y humanos, en la campa\u00f1a electoral para obtener la alcald\u00eda de Juchit\u00e1n de Zaragoza ante el Instituto Estatal Electoral y de Participaci\u00f3n Ciudadana de Oaxaca, luego de m\u00e1s de tres meses, este lunes 8 de octubre de 2018, el Tribunal Estatal Electoral de Oaxaca dio vista al gobernador Alejandro Murat para que sancione a Francisco Javier Montero L\u00f3pez, luego de que se acredit\u00f3 que design\u00f3 a una funcionaria de esa dependencia para que colaborara en la campa\u00f1a de su hermano.<\/em><\/p>\n\n\n\n<p class=\"wp-block-paragraph\"><em>No obstante, lo anterior, la mayor de las burlas cometidas contra la v\u00edctima por parte del Tribunal Estatal Electoral de Oaxaca se concret\u00f3 en la sanci\u00f3n econ\u00f3mica, y solo eso, a Hageo Montero L\u00f3pez, por la irrisoria suma de 20 mil pesos, pese a que se benefici\u00f3, aun perdiendo las elecciones, del trabajo realizado por Mar\u00eda del Sol Cruz Jarqu\u00edn, fot\u00f3grafa y videasta.<\/em><\/p>\n\n\n\n<p class=\"wp-block-paragraph\"><em>No impuso sanci\u00f3n alguna a los partidos pol\u00edticos que conformaron la coalici\u00f3n Todos por M\u00e9xico (PRI-PVEM-PNA) aduciendo que no sab\u00edan de la asignaci\u00f3n hecha por el Secretario de Asuntos Ind\u00edgenas.<\/em><\/p>\n\n\n\n<p class=\"wp-block-paragraph\"><em>A m\u00e1s de cuatro meses del triple asesinato en Juchit\u00e1n, queda claro que se trat\u00f3 de un crimen pol\u00edtico en contra de Pamela Ter\u00e1n, quien estaba acompa\u00f1ada en el momento del crimen por la fotoperiodista Mar\u00eda del Sol Cruz Jarqu\u00edn, quien este 10 de octubre cumplir\u00eda 28 a\u00f1os.<\/em><\/p>\n\n\n\n<p class=\"wp-block-paragraph\">Cabe se\u00f1alar que la familia de Mar\u00eda del Sol Cruz Jarqu\u00edn present\u00f3 una impugnaci\u00f3n ante la Sala Xalapa del Tribunal Electoral del Poder Judicial de la Federaci\u00f3n que el pasado 30 de noviembre revoc\u00f3 la resoluci\u00f3n del TEEO, ordenando sean multados tanto el candidato del PRI-PVEM-PNA, Hageo Montero L\u00f3pez, como el ex secretario de Asuntos Ind\u00edgenas del gobierno del Estado que encabeza Alejandro Murat Hinojosa, la cual deber\u00e1 ser superior a la impuesta anteriormente.<\/p>\n\n\n\n<p class=\"wp-block-paragraph\">De igual forma el TEPJF, Sala Xalapa dio vista al gobernador Murat Hinojosa para que sancione al ex funcionario p\u00fablico, jefe directo de la fot\u00f3grafa Mar\u00eda del Sol Cruz Jarqu\u00edn.<\/p>\n\n\n\n<p class=\"wp-block-paragraph\">SEM\/gr<br><\/p>\n","protected":false},"excerpt":{"rendered":"<p>Gabriela Ram\u00edrez SemM\u00e9xico, Cd. de M\u00e9xico, 20 noviembre 2018.- La Comisi\u00f3n de Justicia de la C\u00e1mara de Diputados federal aprob\u00f3 un punto de acuerdo, por el que se exhorta al titular de la Fiscal\u00eda General del Estado de Oaxaca a agotar las investigaciones que permitan detener y procesar al o los responsables del asesinato de [&hellip;]<\/p>\n","protected":false},"author":3,"featured_media":4959,"comment_status":"open","ping_status":"open","sticky":false,"template":"","format":"standard","meta":{"_monsterinsights_skip_tracking":false,"footnotes":""},"categories":[689,50,75],"tags":[],"class_list":["post-4958","post","type-post","status-publish","format-standard","has-post-thumbnail","category-689","category-congreso","category-soledad-jarquin-edgar"],"_links":{"self":[{"href":"https:\/\/redsemlac.com\/semmexico\/wp-json\/wp\/v2\/posts\/4958","targetHints":{"allow":["GET"]}}],"collection":[{"href":"https:\/\/redsemlac.com\/semmexico\/wp-json\/wp\/v2\/posts"}],"about":[{"href":"https:\/\/redsemlac.com\/semmexico\/wp-json\/wp\/v2\/types\/post"}],"author":[{"embeddable":true,"href":"https:\/\/redsemlac.com\/semmexico\/wp-json\/wp\/v2\/users\/3"}],"replies":[{"embeddable":true,"href":"https:\/\/redsemlac.com\/semmexico\/wp-json\/wp\/v2\/comments?post=4958"}],"version-history":[{"count":0,"href":"https:\/\/redsemlac.com\/semmexico\/wp-json\/wp\/v2\/posts\/4958\/revisions"}],"wp:featuredmedia":[{"embeddable":true,"href":"https:\/\/redsemlac.com\/semmexico\/wp-json\/wp\/v2\/media\/4959"}],"wp:attachment":[{"href":"https:\/\/redsemlac.com\/semmexico\/wp-json\/wp\/v2\/media?parent=4958"}],"wp:term":[{"taxonomy":"category","embeddable":true,"href":"https:\/\/redsemlac.com\/semmexico\/wp-json\/wp\/v2\/categories?post=4958"},{"taxonomy":"post_tag","embeddable":true,"href":"https:\/\/redsemlac.com\/semmexico\/wp-json\/wp\/v2\/tags?post=4958"}],"curies":[{"name":"wp","href":"https:\/\/api.w.org\/{rel}","templated":true}]}}