{"id":4946,"date":"2018-11-22T19:04:11","date_gmt":"2018-11-22T19:04:11","guid":{"rendered":"https:\/\/redsemlac.com\/semmexico\/?p=4946"},"modified":"2023-07-21T14:34:12","modified_gmt":"2023-07-21T19:34:12","slug":"dejan-foro-sobre-violencia-politica-tras-la-inauguracion","status":"publish","type":"post","link":"https:\/\/redsemlac.com\/semmexico\/dejan-foro-sobre-violencia-politica-tras-la-inauguracion\/","title":{"rendered":"Dejan Foro sobre violencia pol\u00edtica, tras la inauguraci\u00f3n"},"content":{"rendered":"\n<p class=\"wp-block-paragraph\"><a href=\"https:\/\/www.semmexico.com\/gallery-post.php?id=6419#\">Josefina Aguilar Pastor,<\/a><\/p>\n\n\n\n<p class=\"wp-block-paragraph\">Semm\u00e9xico, Chilpancingo, Gro., 22 noviembre 2018.- Mujeres que asistieron al Foro Violencia Pol\u00edtica en Raz\u00f3n de G\u00e9nero, Pendientes Legislativos en Guerrero, lamentaron la falta de inter\u00e9s de varios diputados quienes se retiraron luego de la inauguraci\u00f3n del acto.<\/p>\n\n\n\n<p class=\"wp-block-paragraph\">A la toma de la foto de la inauguraron del foro, se\u00f1alaron algunas voces, asistieron alrededor de 20 diputados, del total de 46 que conforman el pleno de la legislatura, entre ellos, al t\u00e9rmino del acto protocolario solo quedaron algunos, pues se hab\u00edan retirado Zeferino G\u00f3mez&nbsp;Valdovinos, Alberto Catal\u00e1n Labastida, Mariana Garc\u00eda Guillen, Celestino Guzm\u00e1n, H\u00e9ctor Apreza Patr\u00f3n, Dimna Guadalupe Salgado Apatiga, Guadalupe Gonz\u00e1lez Su\u00e1stegui, Manuel Qui\u00f1ones, Arturo L\u00f3pez Sugia, Saida Reyes&nbsp;Iruegas, Nilsan Hilario Mendoza y Alicia Zamora Villalba, entre otros.<\/p>\n\n\n\n<p class=\"wp-block-paragraph\">Floritidia Mart\u00ednez Pe\u00f1aloz, en compa\u00f1\u00eda de varias mujeres de la regi\u00f3n de la Monta\u00f1a se desplazaron hasta la capital del Estado, interesadas en escuchar los planteamientos de las y los diputados, reclam\u00f3 la ausencia de quienes integran el Poder Legislativo y exigi\u00f3 mayor compromiso con las mujeres que son las que en su mayor\u00eda votan por ellos.<\/p>\n\n\n\n<p class=\"wp-block-paragraph\">Otra persona, que se identific\u00f3 como una candidata v\u00edctima de violencia, pero que por razones personales se neg\u00f3 a dar su nombre, se\u00f1al\u00f3: \u201cno les importamos, solo les importa tomarse la foto y hacer como que hacen\u201d.<\/p>\n\n\n\n<p class=\"wp-block-paragraph\">Durante las intervenciones de preguntas y respuestas, hubo otras mujeres m\u00e1s, que expresaron este mismo sentimiento.<\/p>\n\n\n\n<p class=\"wp-block-paragraph\">SEM\/ja\/sj<br><\/p>\n","protected":false},"excerpt":{"rendered":"<p>Josefina Aguilar Pastor, Semm\u00e9xico, Chilpancingo, Gro., 22 noviembre 2018.- Mujeres que asistieron al Foro Violencia Pol\u00edtica en Raz\u00f3n de G\u00e9nero, Pendientes Legislativos en Guerrero, lamentaron la falta de inter\u00e9s de varios diputados quienes se retiraron luego de la inauguraci\u00f3n del acto. A la toma de la foto de la inauguraron del foro, se\u00f1alaron algunas voces, [&hellip;]<\/p>\n","protected":false},"author":3,"featured_media":4947,"comment_status":"open","ping_status":"open","sticky":false,"template":"","format":"standard","meta":{"_monsterinsights_skip_tracking":false,"footnotes":""},"categories":[689,50],"tags":[],"class_list":["post-4946","post","type-post","status-publish","format-standard","has-post-thumbnail","category-689","category-congreso"],"_links":{"self":[{"href":"https:\/\/redsemlac.com\/semmexico\/wp-json\/wp\/v2\/posts\/4946","targetHints":{"allow":["GET"]}}],"collection":[{"href":"https:\/\/redsemlac.com\/semmexico\/wp-json\/wp\/v2\/posts"}],"about":[{"href":"https:\/\/redsemlac.com\/semmexico\/wp-json\/wp\/v2\/types\/post"}],"author":[{"embeddable":true,"href":"https:\/\/redsemlac.com\/semmexico\/wp-json\/wp\/v2\/users\/3"}],"replies":[{"embeddable":true,"href":"https:\/\/redsemlac.com\/semmexico\/wp-json\/wp\/v2\/comments?post=4946"}],"version-history":[{"count":0,"href":"https:\/\/redsemlac.com\/semmexico\/wp-json\/wp\/v2\/posts\/4946\/revisions"}],"wp:featuredmedia":[{"embeddable":true,"href":"https:\/\/redsemlac.com\/semmexico\/wp-json\/wp\/v2\/media\/4947"}],"wp:attachment":[{"href":"https:\/\/redsemlac.com\/semmexico\/wp-json\/wp\/v2\/media?parent=4946"}],"wp:term":[{"taxonomy":"category","embeddable":true,"href":"https:\/\/redsemlac.com\/semmexico\/wp-json\/wp\/v2\/categories?post=4946"},{"taxonomy":"post_tag","embeddable":true,"href":"https:\/\/redsemlac.com\/semmexico\/wp-json\/wp\/v2\/tags?post=4946"}],"curies":[{"name":"wp","href":"https:\/\/api.w.org\/{rel}","templated":true}]}}