{"id":49422,"date":"2022-05-03T11:21:43","date_gmt":"2022-05-03T17:21:43","guid":{"rendered":"https:\/\/redsemlac.com\/semmexico\/?p=49422"},"modified":"2023-07-21T19:03:48","modified_gmt":"2023-07-22T00:03:48","slug":"entresemana-los-candidatos-del-licenciado-presidente","status":"publish","type":"post","link":"https:\/\/redsemlac.com\/semmexico\/entresemana-los-candidatos-del-licenciado-presidente\/","title":{"rendered":"Entresemana| Los candidatos, del licenciado presidente"},"content":{"rendered":"\n<p class=\"wp-block-paragraph\"><strong>Mois\u00e9s S\u00e1nchez Lim\u00f3n<\/strong><\/p>\n\n\n\n<p class=\"wp-block-paragraph\">SemM\u00e9xico, Cd. de M\u00e9xico, 3 de mayo, 2022.- \u00bfRecuerda usted que el s\u00e1bado 23 de marzo de 2019 el respetable asistente a la inauguraci\u00f3n del estadio de b\u00e9isbol de los Diablos Rojos del M\u00e9xico abuche\u00f3 al licenciado presidente?<\/p>\n\n\n\n<p class=\"wp-block-paragraph\">Esa noche, Su Alteza Seren\u00edsima aguant\u00f3 vara, mas no olvida y, ahora, la prueba del estadio le cae como anillo al dedo en eso de desviar la atenci\u00f3n ciudadana con el juego de sus corcholatas, en esta sucesi\u00f3n adelantada por obra y gracia de \u00e9l, Andr\u00e9s Manuel I. Pero\u2026<\/p>\n\n\n\n<p class=\"wp-block-paragraph\">Sin duda no todos los mencionados por el Santo Patrono de los otros datos gozan ni asumen con docilidad el perverso calificativo que, con ese desparpajo y ausencia de respeto les endilg\u00f3 con ese \u00e1nimo dizque innovador de acabar con el \u201ctapado\u201d, el seguro sucesor presidencial que Abel Quezada caricaturiz\u00f3 encapuchado, en aquellos a\u00f1os de la hegemon\u00eda priista.<\/p>\n\n\n\n<p class=\"wp-block-paragraph\">Y se lo comento porque, salvo Ricardo Monreal \u00c1vila, coordinador de los senadores de Morena que se ha significado como el hijo desobediente en este juego de la sucesi\u00f3n, el resto de los aspirantes no rechaza el ep\u00edteto.<\/p>\n\n\n\n<p class=\"wp-block-paragraph\">Pero, estar\u00e1 usted de acuerdo, no todos est\u00e1n en condiciones de pasar con buena calificaci\u00f3n la prueba del estadio, es decir, que un pol\u00edtico, en este caso aspirante a suceder al licenciado L\u00f3pez Obrador, pueda recibir el aplauso que implica aprobaci\u00f3n de un p\u00fablico no acarreado.<\/p>\n\n\n\n<p class=\"wp-block-paragraph\">Eso le ocurri\u00f3 a Su Alteza Seren\u00edsima cuando apenas cumpl\u00eda cuatro meses y d\u00edas de haber asumido la Presidencia de la Rep\u00fablica. \u00bfPor eso ya evita los aeropuertos y los espacios carentes de p\u00fablico a modo?.<\/p>\n\n\n\n<p class=\"wp-block-paragraph\">Porque aquel s\u00e1bado 23 de marzo de 2019, se trataba de un p\u00fablico especial, el que puede pagar una entrada al estadio de b\u00e9isbol y que Andr\u00e9s considera fif\u00ed.<\/p>\n\n\n\n<p class=\"wp-block-paragraph\">Lo cierto es que ya hab\u00eda rechazo a su reci\u00e9n iniciada gesti\u00f3n.<\/p>\n\n\n\n<p class=\"wp-block-paragraph\">La prueba del estadio suele marcar el futuro de un pol\u00edtico, el destino de un gobernante como fue el caso de Felipe Calder\u00f3n, abucheado el jueves 12 de noviembre de 2009 cuando asisti\u00f3 a inaugurar el nuevo estadio del club de futbol Santos Laguna, en Torre\u00f3n, Coahuila.<\/p>\n\n\n\n<p class=\"wp-block-paragraph\">A\u00f1os atr\u00e1s, el s\u00e1bado 31 de mayo de 1986, en la inauguraci\u00f3n del Mundial de Futbol, en el estadio Azteca m\u00e1s de 100 mil aficionados abuchearon al entonces presidente Miguel de la Madrid Hurtado. Le cobraban el p\u00e9simo manejo del auxilio a los damnificados del terremoto de la ma\u00f1ana del jueves 19 de septiembre de 1985 y la severa r\u00e9plica en la noche siguiente del viernes 20.<\/p>\n\n\n\n<p class=\"wp-block-paragraph\">No, el ciudadano tiene memoria, aunque sea selectiva, pero no olvida y suele cobrar en las urnas las facturas; prueba y desaprueba desde el estadio, en el mitin aunque sea parte del acarreo.<\/p>\n\n\n\n<p class=\"wp-block-paragraph\">Y Gustavo D\u00edaz Ordaz, cuando presidente supo de ese rechazo por doble partida. Era s\u00e1bado, el 12 de octubre de 1968, cuando desde el palco principal del Estadio Ol\u00edmpico Universitario de la UNAM, declara inaugurados los Juegos Ol\u00edmpicos en su XIX edici\u00f3n de la llamada era moderna- Y una rechifla descomunal le evidencia el rechazo popular, estaba fresca la sangre derramada en la Plaza de las Tres Culturas. Ah\u00ed estaban congregadas 80 mil personas, el estadio repleto.<\/p>\n\n\n\n<p class=\"wp-block-paragraph\">Y luego, el domingo 31 de mayo de 1970, como una terrible despedida, porque el 1 de diciembre siguiente entregar\u00eda la banda presidencial a su sucesor, Luis Echeverr\u00eda \u00c1lvarez, Gustavo D\u00edaz Ordaz fue abucheado por los asistentes a la inauguraci\u00f3n del Mundial de Futbol en el estadio Azteca.&nbsp;<\/p>\n\n\n\n<p class=\"wp-block-paragraph\"><strong>Hoy tenemos al beisbolero L\u00f3pez Obrador. <\/strong><strong>En <\/strong><strong>Para\u00edso, Tabasco, el domingo \u00faltimo, 1 de mayo, <\/strong>blofe\u00f3 ante trabajadores petroleros e integrantes de su primer c\u00edrculo de colaboradores y predijo, para su sucesi\u00f3n en 2024, \u201cpaliza\u201d a la oposici\u00f3n pol\u00edtica.<\/p>\n\n\n\n<p class=\"wp-block-paragraph\">En la ceremonia conmemorativa del D\u00eda del Trabajo, celebrada en instalaciones de la obra en construcci\u00f3n de la refiner\u00eda \u201cOlmeca\u201d Dos Bocas, en esa localidad costera tabasque\u00f1a, sin que viniera al caso, como casualmente es praxis del Duce, abord\u00f3 el tema de su sucesi\u00f3n con la insistente referencia de que no aspira a la reelecci\u00f3n.<\/p>\n\n\n\n<p class=\"wp-block-paragraph\">El licenciado presidente toc\u00f3 el tema de las inversiones porque \u00e9stas generan trabajo. Y se ech\u00f3 el rollo correspondiente, pre\u00e1mbulo de su objetivo.<\/p>\n\n\n\n<p class=\"wp-block-paragraph\">\u201cEntonces, dijo, vamos a seguir invirtiendo en obras, porque tiene un efecto multiplicador: se hacen las obras, las plantas, que son indispensables para el desarrollo, se reactiva la econom\u00eda en los estados de abajo hacia arriba y se generan empleos.<\/p>\n\n\n\n<p class=\"wp-block-paragraph\">\u201cPor eso vamos a seguir con esta pol\u00edtica. Todav\u00eda nos quedan dos a\u00f1os y cuatro, cinco meses, pero nosotros estamos acostumbrados a trabajar el doble, diario.<\/p>\n\n\n\n<p class=\"wp-block-paragraph\">\u201cAqu\u00ed dec\u00eda Luisa Mar\u00eda (Alcalde Luj\u00e1n, secretaria del Trabajo y Previsi\u00f3n Social) de que, de acuerdo al horario de San Benito, eran ocho horas para trabajar, ocho para pensar y ocho para descansar. Eso lo defini\u00f3 as\u00ed San Benito porque estaba en un monasterio y los monjes se la pasaban mucho tiempo en la meditaci\u00f3n, pensando, y dijo San Benito: \u2018A ver, ocho horas para trabajar, ocho para descansar y ocho para pensar\u2019.<\/p>\n\n\n\n<p class=\"wp-block-paragraph\">\u201cPero ya nosotros qu\u00e9 vamos a estar pensando si ya sabemos lo que hay que hacer. Entonces, son 16 horas y entonces los dos a\u00f1os, tres, cuatro meses, que nos faltan, son como cinco a\u00f1os todav\u00eda.<\/p>\n\n\n\n<p class=\"wp-block-paragraph\">\u201cEntonces, le vamos a sacar mucho jugo al tiempo y no vamos a dejar ninguna de las obras que mencion\u00e9 en proceso, las vamos a terminar todas para que entreguemos la estafeta y haya un relevo generacional\u201d.<\/p>\n\n\n\n<p class=\"wp-block-paragraph\">Entonces, entr\u00f3 en materia y por en\u00e9sima ocasi\u00f3n reiter\u00f3, con ilustraci\u00f3n de la historia patria y en t\u00e9rminos beisboleros, su decisi\u00f3n de no buscar reelegirse en el cargo.<\/p>\n\n\n\n<p class=\"wp-block-paragraph\">\u201cNo a la reelecci\u00f3n \u2013acot\u00f3 y obsequi\u00f3 para tranquilidad de los mexicanos&#8211;, porque tenemos que seguir el ejemplo del Ap\u00f3stol de la Democracia, Francisco I. Madero: sufragio efectivo, no reelecci\u00f3n\u201d. \u00bfQu\u00e9 le parece?<\/p>\n\n\n\n<p class=\"wp-block-paragraph\">\u00a1Ah!, pero dem\u00f3crata finalmente y patriota como es, reiter\u00f3 que \u201cva a haber relevo generacional. Tenemos \u2014ya saben ustedes, los que juegan b\u00e9isbol\u2014, tenemos como cinco p\u00edcheres abridores, mujeres y hombres, y como 10 cerradores, mujeres y hombres, y todos tiran m\u00e1s de 100 millas, pura recta, como se dec\u00eda que tiraba\u2026<\/p>\n\n\n\n<p class=\"wp-block-paragraph\">\u201c\u00bfC\u00f3mo se llama el paname\u00f1o? Marino Rivera, recta cortada, la recta cortada.<\/p>\n\n\n\n<p class=\"wp-block-paragraph\">\u201cY no s\u00f3lo recta cortada, como la de Mariano Rivera, que entr\u00f3 al Sal\u00f3n de la Fama, es el \u00fanico que ha entrado con todos los votos. F\u00edjense qu\u00e9 tremendo p\u00edcher; caballo, como se dice en el b\u00e9isbol.<\/p>\n\n\n\n<p class=\"wp-block-paragraph\">\u201cY adem\u00e1s tenemos hombres y mujeres tambi\u00e9n que tiran&nbsp;<em>mo\u00f1a<\/em>, que no s\u00f3lo es la recta, sino curva, y&nbsp;<em>screwball<\/em>&nbsp;y otras pichadas que no son f\u00e1ciles de batear.<\/p>\n\n\n\n<p class=\"wp-block-paragraph\">\u201cLo que s\u00ed les puedo decir es que vamos a seguir ganando, s\u00ed vamos a seguir ganando los juegos por paliza\u201d.<\/p>\n\n\n\n<p class=\"wp-block-paragraph\">\u00bfPaliza? \u00bfCon sus candidatos?<\/p>\n\n\n\n<p class=\"wp-block-paragraph\">\u00bfAlguien le inform\u00f3 que precisamente ah\u00ed, en ese acto, su secretario de Gobernaci\u00f3n, Ad\u00e1n Augusto L\u00f3pez Hern\u00e1ndez, a quien reci\u00e9n incorpor\u00f3 a la cabeza de sus corcholatas, fue abucheado por los trabajadores que, seguramente asistieron por voluntad propia y llenaban la explanada?<\/p>\n\n\n\n<p class=\"wp-block-paragraph\">Y conste que Ad\u00e1n Augusto era gobernador de esos tabasque\u00f1os hasta hace poco. \u00bfY alguien inform\u00f3 a Su Alteza Seren\u00edsima que similar rechazo recibi\u00f3 su paisano y amigo del alma Octavio Romero Oropeza, dizque director de Petr\u00f3leos Mexicanos?<\/p>\n\n\n\n<p class=\"wp-block-paragraph\">La prueba del estadio marca. Ad\u00e1n puede tener la bendici\u00f3n de Su Alteza Seren\u00edsima pero el pueblo es el pueblo.<\/p>\n\n\n\n<p class=\"wp-block-paragraph\">Y, bueno, el domingo \u00faltimo, Marcelo Ebrard Casaubon fue aplaudido en un acto de campa\u00f1a de Julio Menchaca, candidato de Morena al gobierno de Hidalgo, celebrado en Acatl\u00e1n. Casualmente y s\u00f3lo casualmente, quienes&nbsp; aplaudieron y vitorearon al secretario de Relaciones Exteriores, llevaban playeras con la frase \u201cMarcelo es mi carnal\u201d.<\/p>\n\n\n\n<p class=\"wp-block-paragraph\">\u00bfQui\u00e9n de las corcholatas osar\u00e1 someterse a la prueba del estadio sin acarreados ni maiceados? Porque, todo cambia para seguir igual, como en los tiempos del partidazo tricolor. Por ejemplo, Francisco Xavier Berganza cuenta que C\u00e9sar Cravioto, senador suplente de Mart\u00ed Batres, lo cit\u00f3 en un caf\u00e9 de la Ciudad de M\u00e9xico para comunicarle que Mario Delgado le mandaba decir que no ser\u00eda el candidato de Morena, aunque las encuestas le favorecieran. Berganza es candidato de Movimiento Ciudadano al gobierno del estado de Hidalgo. Conste.<\/p>\n\n\n\n<p class=\"wp-block-paragraph\"><a href=\"mailto:sanchezlimon@gmail.com\">sanchezlimon@gmail.com<\/a>&nbsp;&nbsp;&nbsp;&nbsp; <a href=\"http:\/\/www.entresemana.mx\">www.entresemana.mx<\/a>&nbsp;&nbsp;&nbsp; <strong>@msanchezlimon&nbsp;&nbsp;&nbsp; @msanchezlimon1<\/strong><\/p>\n","protected":false},"excerpt":{"rendered":"<p>\u00bfRecuerda usted que el s\u00e1bado 23 de marzo de 2019 el respetable asistente a la inauguraci\u00f3n del estadio de b\u00e9isbol de los Diablos Rojos del M\u00e9xico abuche\u00f3 al licenciado presidente?<\/p>\n","protected":false},"author":3,"featured_media":15805,"comment_status":"open","ping_status":"open","sticky":false,"template":"","format":"standard","meta":{"_monsterinsights_skip_tracking":false,"footnotes":""},"categories":[693,105,83,35],"tags":[459],"class_list":["post-49422","post","type-post","status-publish","format-standard","has-post-thumbnail","category-693","category-entresemana","category-moises-sanchez-limon","category-opinion","tag-opinion"],"_links":{"self":[{"href":"https:\/\/redsemlac.com\/semmexico\/wp-json\/wp\/v2\/posts\/49422","targetHints":{"allow":["GET"]}}],"collection":[{"href":"https:\/\/redsemlac.com\/semmexico\/wp-json\/wp\/v2\/posts"}],"about":[{"href":"https:\/\/redsemlac.com\/semmexico\/wp-json\/wp\/v2\/types\/post"}],"author":[{"embeddable":true,"href":"https:\/\/redsemlac.com\/semmexico\/wp-json\/wp\/v2\/users\/3"}],"replies":[{"embeddable":true,"href":"https:\/\/redsemlac.com\/semmexico\/wp-json\/wp\/v2\/comments?post=49422"}],"version-history":[{"count":0,"href":"https:\/\/redsemlac.com\/semmexico\/wp-json\/wp\/v2\/posts\/49422\/revisions"}],"wp:featuredmedia":[{"embeddable":true,"href":"https:\/\/redsemlac.com\/semmexico\/wp-json\/wp\/v2\/media\/15805"}],"wp:attachment":[{"href":"https:\/\/redsemlac.com\/semmexico\/wp-json\/wp\/v2\/media?parent=49422"}],"wp:term":[{"taxonomy":"category","embeddable":true,"href":"https:\/\/redsemlac.com\/semmexico\/wp-json\/wp\/v2\/categories?post=49422"},{"taxonomy":"post_tag","embeddable":true,"href":"https:\/\/redsemlac.com\/semmexico\/wp-json\/wp\/v2\/tags?post=49422"}],"curies":[{"name":"wp","href":"https:\/\/api.w.org\/{rel}","templated":true}]}}